{"id":10031,"date":"2024-07-17T14:22:16","date_gmt":"2024-07-17T12:22:16","guid":{"rendered":"https:\/\/unetxea.org\/?p=10031"},"modified":"2024-09-18T15:21:51","modified_gmt":"2024-09-18T13:21:51","slug":"proyecto-boost-talleres-moldes-creativos","status":"publish","type":"post","link":"https:\/\/unetxea.org\/en\/proyecto-boost-talleres-moldes-creativos\/","title":{"rendered":"Proyecto Boost &#8211; Talleres Moldes Creativos"},"content":{"rendered":"<p>El Gobierno Vasco ha convocado a diferentes organizaciones adscritas a la carta de participaci\u00f3n del \u201cProyecto Boost\u201d, que pretende reforzar las pol\u00edticas de educaci\u00f3n ambiental, avanzando en la corresponsabilidad de la ciudadan\u00eda en la protecci\u00f3n y conservaci\u00f3n del medio ambiente y promoviendo la participaci\u00f3n y la implicaci\u00f3n activa de la comunidad educativa en todos sus niveles (tanto formal como no formal e informal).\u00a0Uno de los objetivos que contempla es la creaci\u00f3n de una plataforma de innovaci\u00f3n, formaci\u00f3n, capacitaci\u00f3n sobre educaci\u00f3n ambiental para la sostenibilidad.<\/p>\n<p>&nbsp;<\/p>\n<p>UN Etxea forma parte del ecosistema del Proyecto Boost, que aglutina todo el potencial de la comunidad en educaci\u00f3n para la sostenibilidad en Euskadi, permite el intercambio de conocimiento y buenas pr\u00e1cticas, facilita cauces de colaboraci\u00f3n entre todos los agentes implicados.<\/p>\n<p>&nbsp;<\/p>\n<p>La primera sesi\u00f3n, llevada a cabo el 27 de junio, conducida por Mikel Ballesteros Garc\u00eda, del Direcci\u00f3n de Patrimonio natural y Cambio Clim\u00e1tico, record\u00f3 el origen de este proyecto en esta fecha, el inicio de la fase final para la creaci\u00f3n de la plataforma digital que ser\u00e1 el canal de comunicaci\u00f3n con la ciudadan\u00eda. Y Amalio Rey, facilitador de procesos de innovaci\u00f3n participativos y director de <a href=\"https:\/\/www.emotools.com\/\" target=\"_blank\" rel=\"noopener\">Emotools<\/a>, dirigi\u00f3 la implementaci\u00f3n de la metodolog\u00eda &#8220;moldes creativos&#8221;. Los participantes, generaron propuestas basadas en el pensar y sentir colectivo, identificando comportamientos individuales que podr\u00edan tener un impacto positivo en el bien com\u00fan.<\/p>\n<p>&nbsp;<\/p>\n<p>La segunda sesi\u00f3n del taller, llevada a cabo el 10 de julio, se enfoc\u00f3 en la proposici\u00f3n de recursos educativos innovadores que no solo sean creativos, sino que sirvan de conectores con diversos sectores de la sociedad. Las organizaciones trabajaron con modelos mentales, los temas seleccionados por su relevancia. Estos moldes, producto de las propuestas del primer taller, son dise\u00f1ados para ser intuitivos, facilitando la comprensi\u00f3n a trav\u00e9s de ejemplos pr\u00e1cticos y comportamientos concretos. Priorizando aquellos con mayor potencial para alcanzar y convencer a la ciudadan\u00eda, especialmente a quienes est\u00e1n en proceso de comprometerse con la sostenibilidad.<\/p>\n<p>&nbsp;<\/p>\n<p>El Gobierno Vasco sigue avanzando en la implementaci\u00f3n de este proyecto destinado a impulsar la educaci\u00f3n ambiental para abordar los desaf\u00edos clim\u00e1ticos y fomentar la sostenibilidad con un acercamiento directo y facilitado para la sociedad vasca. El Proyecto Boost refleja la importancia de la localizaci\u00f3n de la Agenda 2030 y el desarrollo sostenible a trav\u00e9s de la educaci\u00f3n y la innovaci\u00f3n, sin dejar fuera a ning\u00fan sector de la sociedad. La participaci\u00f3n comprometida de diversas organizaciones y la metodolog\u00eda colaborativa son medios indiscutibles para la obtenci\u00f3n de resultados que sean efectivos y alineados con las necesidades reales de la sociedad.<\/p>\n","protected":false},"excerpt":{"rendered":"<p>El Gobierno Vasco ha convocado a diferentes organizaciones adscritas a la carta de participaci\u00f3n del \u201cProyecto Boost\u201d, que pretende reforzar las pol\u00edticas de educaci\u00f3n ambiental, avanzando en la corresponsabilidad de [&hellip;]<\/p>\n","protected":false},"author":2,"featured_media":10029,"comment_status":"closed","ping_status":"closed","sticky":false,"template":"","format":"standard","meta":{"footnotes":""},"categories":[81,85],"tags":[],"class_list":["post-10031","post","type-post","status-publish","format-standard","has-post-thumbnail","hentry","category-education","category-environment"],"yoast_head":"<!-- This site is optimized with the Yoast SEO plugin v27.5 - https:\/\/yoast.com\/product\/yoast-seo-wordpress\/ -->\n<title>Proyecto Boost - Talleres Moldes Creativos - UN ETXEA<\/title>\n<meta name=\"robots\" content=\"index, follow, max-snippet:-1, max-image-preview:large, max-video-preview:-1\" \/>\n<link rel=\"canonical\" href=\"https:\/\/unetxea.org\/en\/proyecto-boost-talleres-moldes-creativos\/\" \/>\n<meta property=\"og:locale\" content=\"en_US\" \/>\n<meta property=\"og:type\" content=\"article\" \/>\n<meta property=\"og:title\" content=\"Proyecto Boost - Talleres Moldes Creativos - UN ETXEA\" \/>\n<meta property=\"og:description\" content=\"El Gobierno Vasco ha convocado a diferentes organizaciones adscritas a la carta de participaci\u00f3n del \u201cProyecto Boost\u201d, que pretende reforzar las pol\u00edticas de educaci\u00f3n ambiental, avanzando en la corresponsabilidad de [&hellip;]\" \/>\n<meta property=\"og:url\" content=\"https:\/\/unetxea.org\/en\/proyecto-boost-talleres-moldes-creativos\/\" \/>\n<meta property=\"og:site_name\" content=\"UN ETXEA\" \/>\n<meta property=\"article:publisher\" content=\"https:\/\/www.facebook.com\/UNetxea\/\" \/>\n<meta property=\"article:published_time\" content=\"2024-07-17T12:22:16+00:00\" \/>\n<meta property=\"article:modified_time\" content=\"2024-09-18T13:21:51+00:00\" \/>\n<meta property=\"og:image\" content=\"https:\/\/unetxea.org\/wp-content\/uploads\/2024\/07\/boost2024.jpg\" \/>\n\t<meta property=\"og:image:width\" content=\"903\" \/>\n\t<meta property=\"og:image:height\" content=\"557\" \/>\n\t<meta property=\"og:image:type\" content=\"image\/jpeg\" \/>\n<meta name=\"author\" content=\"UN Etxea\" \/>\n<meta name=\"twitter:card\" content=\"summary_large_image\" \/>\n<meta name=\"twitter:creator\" content=\"@UNetxea\" \/>\n<meta name=\"twitter:site\" content=\"@UNetxea\" \/>\n<meta name=\"twitter:label1\" content=\"Written by\" \/>\n\t<meta name=\"twitter:data1\" content=\"UN Etxea\" \/>\n\t<meta name=\"twitter:label2\" content=\"Est. reading time\" \/>\n\t<meta name=\"twitter:data2\" content=\"2 minutes\" \/>\n<script type=\"application\/ld+json\" class=\"yoast-schema-graph\">{\"@context\":\"https:\\\/\\\/schema.org\",\"@graph\":[{\"@type\":\"Article\",\"@id\":\"https:\\\/\\\/unetxea.org\\\/en\\\/proyecto-boost-talleres-moldes-creativos\\\/#article\",\"isPartOf\":{\"@id\":\"https:\\\/\\\/unetxea.org\\\/en\\\/proyecto-boost-talleres-moldes-creativos\\\/\"},\"author\":{\"name\":\"UN Etxea\",\"@id\":\"https:\\\/\\\/unetxea.org\\\/#\\\/schema\\\/person\\\/c115ec46e78902eb5e93b5ca0b96bd2d\"},\"headline\":\"Proyecto Boost &#8211; Talleres Moldes Creativos\",\"datePublished\":\"2024-07-17T12:22:16+00:00\",\"dateModified\":\"2024-09-18T13:21:51+00:00\",\"mainEntityOfPage\":{\"@id\":\"https:\\\/\\\/unetxea.org\\\/en\\\/proyecto-boost-talleres-moldes-creativos\\\/\"},\"wordCount\":477,\"publisher\":{\"@id\":\"https:\\\/\\\/unetxea.org\\\/#organization\"},\"image\":{\"@id\":\"https:\\\/\\\/unetxea.org\\\/en\\\/proyecto-boost-talleres-moldes-creativos\\\/#primaryimage\"},\"thumbnailUrl\":\"https:\\\/\\\/unetxea.org\\\/wp-content\\\/uploads\\\/2024\\\/07\\\/boost2024.jpg\",\"articleSection\":[\"Education\",\"Environment\"],\"inLanguage\":\"en-US\"},{\"@type\":\"WebPage\",\"@id\":\"https:\\\/\\\/unetxea.org\\\/en\\\/proyecto-boost-talleres-moldes-creativos\\\/\",\"url\":\"https:\\\/\\\/unetxea.org\\\/en\\\/proyecto-boost-talleres-moldes-creativos\\\/\",\"name\":\"Proyecto Boost - Talleres Moldes Creativos - UN ETXEA\",\"isPartOf\":{\"@id\":\"https:\\\/\\\/unetxea.org\\\/#website\"},\"primaryImageOfPage\":{\"@id\":\"https:\\\/\\\/unetxea.org\\\/en\\\/proyecto-boost-talleres-moldes-creativos\\\/#primaryimage\"},\"image\":{\"@id\":\"https:\\\/\\\/unetxea.org\\\/en\\\/proyecto-boost-talleres-moldes-creativos\\\/#primaryimage\"},\"thumbnailUrl\":\"https:\\\/\\\/unetxea.org\\\/wp-content\\\/uploads\\\/2024\\\/07\\\/boost2024.jpg\",\"datePublished\":\"2024-07-17T12:22:16+00:00\",\"dateModified\":\"2024-09-18T13:21:51+00:00\",\"breadcrumb\":{\"@id\":\"https:\\\/\\\/unetxea.org\\\/en\\\/proyecto-boost-talleres-moldes-creativos\\\/#breadcrumb\"},\"inLanguage\":\"en-US\",\"potentialAction\":[{\"@type\":\"ReadAction\",\"target\":[\"https:\\\/\\\/unetxea.org\\\/en\\\/proyecto-boost-talleres-moldes-creativos\\\/\"]}]},{\"@type\":\"ImageObject\",\"inLanguage\":\"en-US\",\"@id\":\"https:\\\/\\\/unetxea.org\\\/en\\\/proyecto-boost-talleres-moldes-creativos\\\/#primaryimage\",\"url\":\"https:\\\/\\\/unetxea.org\\\/wp-content\\\/uploads\\\/2024\\\/07\\\/boost2024.jpg\",\"contentUrl\":\"https:\\\/\\\/unetxea.org\\\/wp-content\\\/uploads\\\/2024\\\/07\\\/boost2024.jpg\",\"width\":903,\"height\":557},{\"@type\":\"BreadcrumbList\",\"@id\":\"https:\\\/\\\/unetxea.org\\\/en\\\/proyecto-boost-talleres-moldes-creativos\\\/#breadcrumb\",\"itemListElement\":[{\"@type\":\"ListItem\",\"position\":1,\"name\":\"Portada\",\"item\":\"https:\\\/\\\/unetxea.org\\\/en\\\/\"},{\"@type\":\"ListItem\",\"position\":2,\"name\":\"Proyecto Boost &#8211; Talleres Moldes Creativos\"}]},{\"@type\":\"WebSite\",\"@id\":\"https:\\\/\\\/unetxea.org\\\/#website\",\"url\":\"https:\\\/\\\/unetxea.org\\\/\",\"name\":\"UN ETXEA\",\"description\":\"Asociaci\u00f3n del Pa\u00eds Vasco para la UNESCO\",\"publisher\":{\"@id\":\"https:\\\/\\\/unetxea.org\\\/#organization\"},\"potentialAction\":[{\"@type\":\"SearchAction\",\"target\":{\"@type\":\"EntryPoint\",\"urlTemplate\":\"https:\\\/\\\/unetxea.org\\\/?s={search_term_string}\"},\"query-input\":{\"@type\":\"PropertyValueSpecification\",\"valueRequired\":true,\"valueName\":\"search_term_string\"}}],\"inLanguage\":\"en-US\"},{\"@type\":\"Organization\",\"@id\":\"https:\\\/\\\/unetxea.org\\\/#organization\",\"name\":\"UN ETXEA\",\"url\":\"https:\\\/\\\/unetxea.org\\\/\",\"logo\":{\"@type\":\"ImageObject\",\"inLanguage\":\"en-US\",\"@id\":\"https:\\\/\\\/unetxea.org\\\/#\\\/schema\\\/logo\\\/image\\\/\",\"url\":\"https:\\\/\\\/unetxea.org\\\/wp-content\\\/uploads\\\/2025\\\/01\\\/logo-unetxea500.jpg\",\"contentUrl\":\"https:\\\/\\\/unetxea.org\\\/wp-content\\\/uploads\\\/2025\\\/01\\\/logo-unetxea500.jpg\",\"width\":500,\"height\":484,\"caption\":\"UN ETXEA\"},\"image\":{\"@id\":\"https:\\\/\\\/unetxea.org\\\/#\\\/schema\\\/logo\\\/image\\\/\"},\"sameAs\":[\"https:\\\/\\\/www.facebook.com\\\/UNetxea\\\/\",\"https:\\\/\\\/x.com\\\/UNetxea\",\"https:\\\/\\\/www.youtube.com\\\/@UNetxea\"]},{\"@type\":\"Person\",\"@id\":\"https:\\\/\\\/unetxea.org\\\/#\\\/schema\\\/person\\\/c115ec46e78902eb5e93b5ca0b96bd2d\",\"name\":\"UN Etxea\",\"image\":{\"@type\":\"ImageObject\",\"inLanguage\":\"en-US\",\"@id\":\"https:\\\/\\\/secure.gravatar.com\\\/avatar\\\/67b8d0f0ae884d096f535d6fbbb63507af5ec28b6be2d9db993a2e99f2855e18?s=96&d=mm&r=g\",\"url\":\"https:\\\/\\\/secure.gravatar.com\\\/avatar\\\/67b8d0f0ae884d096f535d6fbbb63507af5ec28b6be2d9db993a2e99f2855e18?s=96&d=mm&r=g\",\"contentUrl\":\"https:\\\/\\\/secure.gravatar.com\\\/avatar\\\/67b8d0f0ae884d096f535d6fbbb63507af5ec28b6be2d9db993a2e99f2855e18?s=96&d=mm&r=g\",\"caption\":\"UN Etxea\"},\"url\":\"https:\\\/\\\/unetxea.org\\\/en\\\/author\\\/nagusitxea\\\/\"}]}<\/script>\n<!-- \/ Yoast SEO plugin. -->","yoast_head_json":{"title":"Proyecto Boost - Talleres Moldes Creativos - UN ETXEA","robots":{"index":"index","follow":"follow","max-snippet":"max-snippet:-1","max-image-preview":"max-image-preview:large","max-video-preview":"max-video-preview:-1"},"canonical":"https:\/\/unetxea.org\/en\/proyecto-boost-talleres-moldes-creativos\/","og_locale":"en_US","og_type":"article","og_title":"Proyecto Boost - Talleres Moldes Creativos - UN ETXEA","og_description":"El Gobierno Vasco ha convocado a diferentes organizaciones adscritas a la carta de participaci\u00f3n del \u201cProyecto Boost\u201d, que pretende reforzar las pol\u00edticas de educaci\u00f3n ambiental, avanzando en la corresponsabilidad de [&hellip;]","og_url":"https:\/\/unetxea.org\/en\/proyecto-boost-talleres-moldes-creativos\/","og_site_name":"UN ETXEA","article_publisher":"https:\/\/www.facebook.com\/UNetxea\/","article_published_time":"2024-07-17T12:22:16+00:00","article_modified_time":"2024-09-18T13:21:51+00:00","og_image":[{"width":903,"height":557,"url":"https:\/\/unetxea.org\/wp-content\/uploads\/2024\/07\/boost2024.jpg","type":"image\/jpeg"}],"author":"UN Etxea","twitter_card":"summary_large_image","twitter_creator":"@UNetxea","twitter_site":"@UNetxea","twitter_misc":{"Written by":"UN Etxea","Est. reading time":"2 minutes"},"schema":{"@context":"https:\/\/schema.org","@graph":[{"@type":"Article","@id":"https:\/\/unetxea.org\/en\/proyecto-boost-talleres-moldes-creativos\/#article","isPartOf":{"@id":"https:\/\/unetxea.org\/en\/proyecto-boost-talleres-moldes-creativos\/"},"author":{"name":"UN Etxea","@id":"https:\/\/unetxea.org\/#\/schema\/person\/c115ec46e78902eb5e93b5ca0b96bd2d"},"headline":"Proyecto Boost &#8211; Talleres Moldes Creativos","datePublished":"2024-07-17T12:22:16+00:00","dateModified":"2024-09-18T13:21:51+00:00","mainEntityOfPage":{"@id":"https:\/\/unetxea.org\/en\/proyecto-boost-talleres-moldes-creativos\/"},"wordCount":477,"publisher":{"@id":"https:\/\/unetxea.org\/#organization"},"image":{"@id":"https:\/\/unetxea.org\/en\/proyecto-boost-talleres-moldes-creativos\/#primaryimage"},"thumbnailUrl":"https:\/\/unetxea.org\/wp-content\/uploads\/2024\/07\/boost2024.jpg","articleSection":["Education","Environment"],"inLanguage":"en-US"},{"@type":"WebPage","@id":"https:\/\/unetxea.org\/en\/proyecto-boost-talleres-moldes-creativos\/","url":"https:\/\/unetxea.org\/en\/proyecto-boost-talleres-moldes-creativos\/","name":"Proyecto Boost - Talleres Moldes Creativos - UN ETXEA","isPartOf":{"@id":"https:\/\/unetxea.org\/#website"},"primaryImageOfPage":{"@id":"https:\/\/unetxea.org\/en\/proyecto-boost-talleres-moldes-creativos\/#primaryimage"},"image":{"@id":"https:\/\/unetxea.org\/en\/proyecto-boost-talleres-moldes-creativos\/#primaryimage"},"thumbnailUrl":"https:\/\/unetxea.org\/wp-content\/uploads\/2024\/07\/boost2024.jpg","datePublished":"2024-07-17T12:22:16+00:00","dateModified":"2024-09-18T13:21:51+00:00","breadcrumb":{"@id":"https:\/\/unetxea.org\/en\/proyecto-boost-talleres-moldes-creativos\/#breadcrumb"},"inLanguage":"en-US","potentialAction":[{"@type":"ReadAction","target":["https:\/\/unetxea.org\/en\/proyecto-boost-talleres-moldes-creativos\/"]}]},{"@type":"ImageObject","inLanguage":"en-US","@id":"https:\/\/unetxea.org\/en\/proyecto-boost-talleres-moldes-creativos\/#primaryimage","url":"https:\/\/unetxea.org\/wp-content\/uploads\/2024\/07\/boost2024.jpg","contentUrl":"https:\/\/unetxea.org\/wp-content\/uploads\/2024\/07\/boost2024.jpg","width":903,"height":557},{"@type":"BreadcrumbList","@id":"https:\/\/unetxea.org\/en\/proyecto-boost-talleres-moldes-creativos\/#breadcrumb","itemListElement":[{"@type":"ListItem","position":1,"name":"Portada","item":"https:\/\/unetxea.org\/en\/"},{"@type":"ListItem","position":2,"name":"Proyecto Boost &#8211; Talleres Moldes Creativos"}]},{"@type":"WebSite","@id":"https:\/\/unetxea.org\/#website","url":"https:\/\/unetxea.org\/","name":"UN ETXEA","description":"Asociaci\u00f3n del Pa\u00eds Vasco para la UNESCO","publisher":{"@id":"https:\/\/unetxea.org\/#organization"},"potentialAction":[{"@type":"SearchAction","target":{"@type":"EntryPoint","urlTemplate":"https:\/\/unetxea.org\/?s={search_term_string}"},"query-input":{"@type":"PropertyValueSpecification","valueRequired":true,"valueName":"search_term_string"}}],"inLanguage":"en-US"},{"@type":"Organization","@id":"https:\/\/unetxea.org\/#organization","name":"UN ETXEA","url":"https:\/\/unetxea.org\/","logo":{"@type":"ImageObject","inLanguage":"en-US","@id":"https:\/\/unetxea.org\/#\/schema\/logo\/image\/","url":"https:\/\/unetxea.org\/wp-content\/uploads\/2025\/01\/logo-unetxea500.jpg","contentUrl":"https:\/\/unetxea.org\/wp-content\/uploads\/2025\/01\/logo-unetxea500.jpg","width":500,"height":484,"caption":"UN ETXEA"},"image":{"@id":"https:\/\/unetxea.org\/#\/schema\/logo\/image\/"},"sameAs":["https:\/\/www.facebook.com\/UNetxea\/","https:\/\/x.com\/UNetxea","https:\/\/www.youtube.com\/@UNetxea"]},{"@type":"Person","@id":"https:\/\/unetxea.org\/#\/schema\/person\/c115ec46e78902eb5e93b5ca0b96bd2d","name":"UN Etxea","image":{"@type":"ImageObject","inLanguage":"en-US","@id":"https:\/\/secure.gravatar.com\/avatar\/67b8d0f0ae884d096f535d6fbbb63507af5ec28b6be2d9db993a2e99f2855e18?s=96&d=mm&r=g","url":"https:\/\/secure.gravatar.com\/avatar\/67b8d0f0ae884d096f535d6fbbb63507af5ec28b6be2d9db993a2e99f2855e18?s=96&d=mm&r=g","contentUrl":"https:\/\/secure.gravatar.com\/avatar\/67b8d0f0ae884d096f535d6fbbb63507af5ec28b6be2d9db993a2e99f2855e18?s=96&d=mm&r=g","caption":"UN Etxea"},"url":"https:\/\/unetxea.org\/en\/author\/nagusitxea\/"}]}},"_links":{"self":[{"href":"https:\/\/unetxea.org\/en\/wp-json\/wp\/v2\/posts\/10031","targetHints":{"allow":["GET"]}}],"collection":[{"href":"https:\/\/unetxea.org\/en\/wp-json\/wp\/v2\/posts"}],"about":[{"href":"https:\/\/unetxea.org\/en\/wp-json\/wp\/v2\/types\/post"}],"author":[{"embeddable":true,"href":"https:\/\/unetxea.org\/en\/wp-json\/wp\/v2\/users\/2"}],"replies":[{"embeddable":true,"href":"https:\/\/unetxea.org\/en\/wp-json\/wp\/v2\/comments?post=10031"}],"version-history":[{"count":1,"href":"https:\/\/unetxea.org\/en\/wp-json\/wp\/v2\/posts\/10031\/revisions"}],"predecessor-version":[{"id":10034,"href":"https:\/\/unetxea.org\/en\/wp-json\/wp\/v2\/posts\/10031\/revisions\/10034"}],"wp:featuredmedia":[{"embeddable":true,"href":"https:\/\/unetxea.org\/en\/wp-json\/wp\/v2\/media\/10029"}],"wp:attachment":[{"href":"https:\/\/unetxea.org\/en\/wp-json\/wp\/v2\/media?parent=10031"}],"wp:term":[{"taxonomy":"category","embeddable":true,"href":"https:\/\/unetxea.org\/en\/wp-json\/wp\/v2\/categories?post=10031"},{"taxonomy":"post_tag","embeddable":true,"href":"https:\/\/unetxea.org\/en\/wp-json\/wp\/v2\/tags?post=10031"}],"curies":[{"name":"wp","href":"https:\/\/api.w.org\/{rel}","templated":true}]}}