{"id":10057,"date":"2024-07-18T14:35:13","date_gmt":"2024-07-18T12:35:13","guid":{"rendered":"https:\/\/unetxea.org\/?p=10057"},"modified":"2024-09-18T15:23:09","modified_gmt":"2024-09-18T13:23:09","slug":"festival-2024-educacion-para-el-desarrollo-sostenible-y-la-ciudadania-global","status":"publish","type":"post","link":"https:\/\/unetxea.org\/en\/festival-2024-educacion-para-el-desarrollo-sostenible-y-la-ciudadania-global\/","title":{"rendered":"(F)Estival 2024: Educaci\u00f3n para el Desarrollo Sostenible y la Ciudadan\u00eda Global"},"content":{"rendered":"<p>El <a href=\"https:\/\/www.4punto7.org\/\" target=\"_blank\" rel=\"noopener\">Movimiento 4.7<\/a> ha celebrado su evento (F)Estival 4.7 del 12 al 14 de julio en la localidad de Santa Mar\u00eda de Huerta, Soria, reuniendo a representantes de organizaciones del tercer sector, centros educativos y miembros de la sociedad civil en un esfuerzo por avanzar en la promoci\u00f3n de la educaci\u00f3n para el desarrollo sostenible y la ciudadan\u00eda global.<\/p>\n<p>&nbsp;<\/p>\n<p>El Movimiento 4.7 busca el bien com\u00fan mediante la transformaci\u00f3n de los programas y procesos educativos, as\u00ed como la movilizaci\u00f3n democr\u00e1tica. En (F)Estival 4.7 se trabaj\u00f3 la definici\u00f3n grupal de incidencia pol\u00edtica centr\u00e1ndose en la creaci\u00f3n de estrategias y acciones que participen e influyan en la toma de decisiones car\u00e1cter pol\u00edtico, abarcando \u00e1mbitos desde lo local hasta lo multilateral. Estas acciones est\u00e1n orientadas a generar cambios sociales, promover la justicia y la igualdad, y asegurar un desarrollo sostenible.<\/p>\n<p>&nbsp;<\/p>\n<p>Mediante una actividad grupal, los participantes acordaron los pr\u00f3ximos pasos del Movimiento 4.7 a dos a\u00f1os vista y se identificaron cuatro puntos de acci\u00f3n clave en materia de incidencia pol\u00edtica: revitalizar el movimiento mediante la captaci\u00f3n de inversiones, estabilizarlo a trav\u00e9s de un pacto ciudadano, mejorar las competencias educativas del profesorado mediante la mejora de los indicadores de seguimiento existentes y desarrollar un plan de formaci\u00f3n profesional enfocado en la meta 4.7.<\/p>\n\n\t\t<style type=\"text\/css\">\n\t\t\t#gallery-1 {\n\t\t\t\tmargin: auto;\n\t\t\t}\n\t\t\t#gallery-1 .gallery-item {\n\t\t\t\tfloat: left;\n\t\t\t\tmargin-top: 10px;\n\t\t\t\ttext-align: center;\n\t\t\t\twidth: 100%;\n\t\t\t}\n\t\t\t#gallery-1 img {\n\t\t\t\tborder: 2px solid #cfcfcf;\n\t\t\t}\n\t\t\t#gallery-1 .gallery-caption {\n\t\t\t\tmargin-left: 0;\n\t\t\t}\n\t\t\t\/* see gallery_shortcode() in wp-includes\/media.php *\/\n\t\t<\/style>\n\t\t<div id='gallery-1' class='gallery galleryid-10057 gallery-columns-1 gallery-size-large'><dl class='gallery-item'>\n\t\t\t<dt class='gallery-icon landscape'>\n\t\t\t\t<a href='https:\/\/unetxea.org\/en\/festival-2024-educacion-para-el-desarrollo-sostenible-y-la-ciudadania-global\/festival47-2024-4-2\/'><img loading=\"lazy\" decoding=\"async\" width=\"998\" height=\"637\" src=\"https:\/\/unetxea.org\/wp-content\/uploads\/2024\/07\/festival47-2024-4-1.jpg\" class=\"attachment-large size-large\" alt=\"\" srcset=\"https:\/\/unetxea.org\/wp-content\/uploads\/2024\/07\/festival47-2024-4-1.jpg 998w, https:\/\/unetxea.org\/wp-content\/uploads\/2024\/07\/festival47-2024-4-1-300x191.jpg 300w, https:\/\/unetxea.org\/wp-content\/uploads\/2024\/07\/festival47-2024-4-1-768x490.jpg 768w\" sizes=\"auto, (max-width: 998px) 100vw, 998px\" \/><\/a>\n\t\t\t<\/dt><\/dl><br style=\"clear: both\" \/><dl class='gallery-item'>\n\t\t\t<dt class='gallery-icon landscape'>\n\t\t\t\t<a href='https:\/\/unetxea.org\/en\/festival-2024-educacion-para-el-desarrollo-sostenible-y-la-ciudadania-global\/festival47-2024-3-2\/'><img loading=\"lazy\" decoding=\"async\" width=\"1000\" height=\"637\" src=\"https:\/\/unetxea.org\/wp-content\/uploads\/2024\/07\/festival47-2024-3.jpg\" class=\"attachment-large size-large\" alt=\"\" srcset=\"https:\/\/unetxea.org\/wp-content\/uploads\/2024\/07\/festival47-2024-3.jpg 1000w, https:\/\/unetxea.org\/wp-content\/uploads\/2024\/07\/festival47-2024-3-300x191.jpg 300w, https:\/\/unetxea.org\/wp-content\/uploads\/2024\/07\/festival47-2024-3-768x489.jpg 768w\" sizes=\"auto, (max-width: 1000px) 100vw, 1000px\" \/><\/a>\n\t\t\t<\/dt><\/dl><br style=\"clear: both\" \/>\n\t\t<\/div>\n\n<p>Otro objetivo del evento fue la planificaci\u00f3n a futuro del Movimiento 4.7. La asamblea del movimiento se reunir\u00e1 en septiembre para consolidar las observaciones y comentarios de (F)Estival 4.7 y definir los pr\u00f3ximos pasos a plazo de dos a\u00f1os y contemplando que nos aproximamos al 2030. La p\u00e1gina web del Movimiento 4.7 tambi\u00e9n se renovar\u00e1 con nuevas secciones, actualizaciones de eventos, y la apertura de nuevos medios de comunicaci\u00f3n, incluyendo redes sociales y un bolet\u00edn informativo trimestral.<\/p>\n<p>&nbsp;<\/p>\n<p>Para finalizar, se acord\u00f3 entre todas y todos, el manifiesto de toda la jornada, en el que se reflexionan los principales obst\u00e1culos para la educaci\u00f3n para el desarrollo sostenible y ciudadan\u00eda global y qu\u00e9 se propone, desde Movimiento 4.7, hacer ahora para mejorar el sector educativo: <a href=\"https:\/\/drive.google.com\/file\/d\/1gS2n8jCFfHlW5SJFvFPfP5PTHY6imnXO\/view?usp=drive_link\" target=\"_blank\" rel=\"noopener\">Manifiesto (F)Estival 4.7<\/a><\/p>\n<p>&nbsp;<\/p>\n<p>Cabe destacar la presencia de organizaciones miembro del <a href=\"https:\/\/www.factoria-4-7.org\/rce-basque-country-navarre\/\" target=\"_blank\" rel=\"noopener\">RCE Basque Country-Navarre<\/a>, \u00a0como: <a href=\"https:\/\/ecivis.eus\/\" target=\"_blank\" rel=\"noopener\">eCivis<\/a>, <a href=\"https:\/\/www.egibide.org\/\" target=\"_blank\" rel=\"noopener\">Egibide<\/a> y <a href=\"https:\/\/www.alboan.org\/es\" target=\"_blank\" rel=\"noopener\">Alboan<\/a>, adem\u00e1s de UN Etxea, reafirmando el compromiso con la meta 4.7 de la Agenda 2030 tanto a nivel local de Euskal Herria como a nivel global. Entre todas las organizaciones asistente compartimos la misma satisfacci\u00f3n de haber asistido a este taller y la motivaci\u00f3n de seguir trabajando desde nuestros espacios para el desarrollo sostenible.<\/p>\n","protected":false},"excerpt":{"rendered":"<p>El Movimiento 4.7 ha celebrado su evento (F)Estival 4.7 del 12 al 14 de julio en la localidad de Santa Mar\u00eda de Huerta, Soria, reuniendo a representantes de organizaciones del [&hellip;]<\/p>\n","protected":false},"author":2,"featured_media":10039,"comment_status":"closed","ping_status":"closed","sticky":false,"template":"","format":"standard","meta":{"footnotes":""},"categories":[81,79],"tags":[],"class_list":["post-10057","post","type-post","status-publish","format-standard","has-post-thumbnail","hentry","category-education","category-sustainable-development"],"yoast_head":"<!-- This site is optimized with the Yoast SEO plugin v27.5 - https:\/\/yoast.com\/product\/yoast-seo-wordpress\/ -->\n<title>(F)Estival 2024: Educaci\u00f3n para el Desarrollo Sostenible y la Ciudadan\u00eda Global - UN ETXEA<\/title>\n<meta name=\"robots\" content=\"index, follow, max-snippet:-1, max-image-preview:large, max-video-preview:-1\" \/>\n<link rel=\"canonical\" href=\"https:\/\/unetxea.org\/en\/festival-2024-educacion-para-el-desarrollo-sostenible-y-la-ciudadania-global\/\" \/>\n<meta property=\"og:locale\" content=\"en_US\" \/>\n<meta property=\"og:type\" content=\"article\" \/>\n<meta property=\"og:title\" content=\"(F)Estival 2024: Educaci\u00f3n para el Desarrollo Sostenible y la Ciudadan\u00eda Global - UN ETXEA\" \/>\n<meta property=\"og:description\" content=\"El Movimiento 4.7 ha celebrado su evento (F)Estival 4.7 del 12 al 14 de julio en la localidad de Santa Mar\u00eda de Huerta, Soria, reuniendo a representantes de organizaciones del [&hellip;]\" \/>\n<meta property=\"og:url\" content=\"https:\/\/unetxea.org\/en\/festival-2024-educacion-para-el-desarrollo-sostenible-y-la-ciudadania-global\/\" \/>\n<meta property=\"og:site_name\" content=\"UN ETXEA\" \/>\n<meta property=\"article:publisher\" content=\"https:\/\/www.facebook.com\/UNetxea\/\" \/>\n<meta property=\"article:published_time\" content=\"2024-07-18T12:35:13+00:00\" \/>\n<meta property=\"article:modified_time\" content=\"2024-09-18T13:23:09+00:00\" \/>\n<meta property=\"og:image\" content=\"https:\/\/unetxea.org\/wp-content\/uploads\/2024\/07\/festival47-2024-portada.jpg\" \/>\n\t<meta property=\"og:image:width\" content=\"937\" \/>\n\t<meta property=\"og:image:height\" content=\"557\" \/>\n\t<meta property=\"og:image:type\" content=\"image\/jpeg\" \/>\n<meta name=\"author\" content=\"UN Etxea\" \/>\n<meta name=\"twitter:card\" content=\"summary_large_image\" \/>\n<meta name=\"twitter:creator\" content=\"@UNetxea\" \/>\n<meta name=\"twitter:site\" content=\"@UNetxea\" \/>\n<meta name=\"twitter:label1\" content=\"Written by\" \/>\n\t<meta name=\"twitter:data1\" content=\"UN Etxea\" \/>\n\t<meta name=\"twitter:label2\" content=\"Est. reading time\" \/>\n\t<meta name=\"twitter:data2\" content=\"2 minutes\" \/>\n<script type=\"application\/ld+json\" class=\"yoast-schema-graph\">{\"@context\":\"https:\\\/\\\/schema.org\",\"@graph\":[{\"@type\":\"Article\",\"@id\":\"https:\\\/\\\/unetxea.org\\\/en\\\/festival-2024-educacion-para-el-desarrollo-sostenible-y-la-ciudadania-global\\\/#article\",\"isPartOf\":{\"@id\":\"https:\\\/\\\/unetxea.org\\\/en\\\/festival-2024-educacion-para-el-desarrollo-sostenible-y-la-ciudadania-global\\\/\"},\"author\":{\"name\":\"UN Etxea\",\"@id\":\"https:\\\/\\\/unetxea.org\\\/#\\\/schema\\\/person\\\/c115ec46e78902eb5e93b5ca0b96bd2d\"},\"headline\":\"(F)Estival 2024: Educaci\u00f3n para el Desarrollo Sostenible y la Ciudadan\u00eda Global\",\"datePublished\":\"2024-07-18T12:35:13+00:00\",\"dateModified\":\"2024-09-18T13:23:09+00:00\",\"mainEntityOfPage\":{\"@id\":\"https:\\\/\\\/unetxea.org\\\/en\\\/festival-2024-educacion-para-el-desarrollo-sostenible-y-la-ciudadania-global\\\/\"},\"wordCount\":450,\"publisher\":{\"@id\":\"https:\\\/\\\/unetxea.org\\\/#organization\"},\"image\":{\"@id\":\"https:\\\/\\\/unetxea.org\\\/en\\\/festival-2024-educacion-para-el-desarrollo-sostenible-y-la-ciudadania-global\\\/#primaryimage\"},\"thumbnailUrl\":\"https:\\\/\\\/unetxea.org\\\/wp-content\\\/uploads\\\/2024\\\/07\\\/festival47-2024-portada.jpg\",\"articleSection\":[\"Education\",\"Sustainable Development\"],\"inLanguage\":\"en-US\"},{\"@type\":\"WebPage\",\"@id\":\"https:\\\/\\\/unetxea.org\\\/en\\\/festival-2024-educacion-para-el-desarrollo-sostenible-y-la-ciudadania-global\\\/\",\"url\":\"https:\\\/\\\/unetxea.org\\\/en\\\/festival-2024-educacion-para-el-desarrollo-sostenible-y-la-ciudadania-global\\\/\",\"name\":\"(F)Estival 2024: Educaci\u00f3n para el Desarrollo Sostenible y la Ciudadan\u00eda Global - UN ETXEA\",\"isPartOf\":{\"@id\":\"https:\\\/\\\/unetxea.org\\\/#website\"},\"primaryImageOfPage\":{\"@id\":\"https:\\\/\\\/unetxea.org\\\/en\\\/festival-2024-educacion-para-el-desarrollo-sostenible-y-la-ciudadania-global\\\/#primaryimage\"},\"image\":{\"@id\":\"https:\\\/\\\/unetxea.org\\\/en\\\/festival-2024-educacion-para-el-desarrollo-sostenible-y-la-ciudadania-global\\\/#primaryimage\"},\"thumbnailUrl\":\"https:\\\/\\\/unetxea.org\\\/wp-content\\\/uploads\\\/2024\\\/07\\\/festival47-2024-portada.jpg\",\"datePublished\":\"2024-07-18T12:35:13+00:00\",\"dateModified\":\"2024-09-18T13:23:09+00:00\",\"breadcrumb\":{\"@id\":\"https:\\\/\\\/unetxea.org\\\/en\\\/festival-2024-educacion-para-el-desarrollo-sostenible-y-la-ciudadania-global\\\/#breadcrumb\"},\"inLanguage\":\"en-US\",\"potentialAction\":[{\"@type\":\"ReadAction\",\"target\":[\"https:\\\/\\\/unetxea.org\\\/en\\\/festival-2024-educacion-para-el-desarrollo-sostenible-y-la-ciudadania-global\\\/\"]}]},{\"@type\":\"ImageObject\",\"inLanguage\":\"en-US\",\"@id\":\"https:\\\/\\\/unetxea.org\\\/en\\\/festival-2024-educacion-para-el-desarrollo-sostenible-y-la-ciudadania-global\\\/#primaryimage\",\"url\":\"https:\\\/\\\/unetxea.org\\\/wp-content\\\/uploads\\\/2024\\\/07\\\/festival47-2024-portada.jpg\",\"contentUrl\":\"https:\\\/\\\/unetxea.org\\\/wp-content\\\/uploads\\\/2024\\\/07\\\/festival47-2024-portada.jpg\",\"width\":937,\"height\":557},{\"@type\":\"BreadcrumbList\",\"@id\":\"https:\\\/\\\/unetxea.org\\\/en\\\/festival-2024-educacion-para-el-desarrollo-sostenible-y-la-ciudadania-global\\\/#breadcrumb\",\"itemListElement\":[{\"@type\":\"ListItem\",\"position\":1,\"name\":\"Portada\",\"item\":\"https:\\\/\\\/unetxea.org\\\/en\\\/\"},{\"@type\":\"ListItem\",\"position\":2,\"name\":\"(F)Estival 2024: Educaci\u00f3n para el Desarrollo Sostenible y la Ciudadan\u00eda Global\"}]},{\"@type\":\"WebSite\",\"@id\":\"https:\\\/\\\/unetxea.org\\\/#website\",\"url\":\"https:\\\/\\\/unetxea.org\\\/\",\"name\":\"UN ETXEA\",\"description\":\"Asociaci\u00f3n del Pa\u00eds Vasco para la UNESCO\",\"publisher\":{\"@id\":\"https:\\\/\\\/unetxea.org\\\/#organization\"},\"potentialAction\":[{\"@type\":\"SearchAction\",\"target\":{\"@type\":\"EntryPoint\",\"urlTemplate\":\"https:\\\/\\\/unetxea.org\\\/?s={search_term_string}\"},\"query-input\":{\"@type\":\"PropertyValueSpecification\",\"valueRequired\":true,\"valueName\":\"search_term_string\"}}],\"inLanguage\":\"en-US\"},{\"@type\":\"Organization\",\"@id\":\"https:\\\/\\\/unetxea.org\\\/#organization\",\"name\":\"UN ETXEA\",\"url\":\"https:\\\/\\\/unetxea.org\\\/\",\"logo\":{\"@type\":\"ImageObject\",\"inLanguage\":\"en-US\",\"@id\":\"https:\\\/\\\/unetxea.org\\\/#\\\/schema\\\/logo\\\/image\\\/\",\"url\":\"https:\\\/\\\/unetxea.org\\\/wp-content\\\/uploads\\\/2025\\\/01\\\/logo-unetxea500.jpg\",\"contentUrl\":\"https:\\\/\\\/unetxea.org\\\/wp-content\\\/uploads\\\/2025\\\/01\\\/logo-unetxea500.jpg\",\"width\":500,\"height\":484,\"caption\":\"UN ETXEA\"},\"image\":{\"@id\":\"https:\\\/\\\/unetxea.org\\\/#\\\/schema\\\/logo\\\/image\\\/\"},\"sameAs\":[\"https:\\\/\\\/www.facebook.com\\\/UNetxea\\\/\",\"https:\\\/\\\/x.com\\\/UNetxea\",\"https:\\\/\\\/www.youtube.com\\\/@UNetxea\"]},{\"@type\":\"Person\",\"@id\":\"https:\\\/\\\/unetxea.org\\\/#\\\/schema\\\/person\\\/c115ec46e78902eb5e93b5ca0b96bd2d\",\"name\":\"UN Etxea\",\"image\":{\"@type\":\"ImageObject\",\"inLanguage\":\"en-US\",\"@id\":\"https:\\\/\\\/secure.gravatar.com\\\/avatar\\\/67b8d0f0ae884d096f535d6fbbb63507af5ec28b6be2d9db993a2e99f2855e18?s=96&d=mm&r=g\",\"url\":\"https:\\\/\\\/secure.gravatar.com\\\/avatar\\\/67b8d0f0ae884d096f535d6fbbb63507af5ec28b6be2d9db993a2e99f2855e18?s=96&d=mm&r=g\",\"contentUrl\":\"https:\\\/\\\/secure.gravatar.com\\\/avatar\\\/67b8d0f0ae884d096f535d6fbbb63507af5ec28b6be2d9db993a2e99f2855e18?s=96&d=mm&r=g\",\"caption\":\"UN Etxea\"},\"url\":\"https:\\\/\\\/unetxea.org\\\/en\\\/author\\\/nagusitxea\\\/\"}]}<\/script>\n<!-- \/ Yoast SEO plugin. -->","yoast_head_json":{"title":"(F)Estival 2024: Educaci\u00f3n para el Desarrollo Sostenible y la Ciudadan\u00eda Global - UN ETXEA","robots":{"index":"index","follow":"follow","max-snippet":"max-snippet:-1","max-image-preview":"max-image-preview:large","max-video-preview":"max-video-preview:-1"},"canonical":"https:\/\/unetxea.org\/en\/festival-2024-educacion-para-el-desarrollo-sostenible-y-la-ciudadania-global\/","og_locale":"en_US","og_type":"article","og_title":"(F)Estival 2024: Educaci\u00f3n para el Desarrollo Sostenible y la Ciudadan\u00eda Global - UN ETXEA","og_description":"El Movimiento 4.7 ha celebrado su evento (F)Estival 4.7 del 12 al 14 de julio en la localidad de Santa Mar\u00eda de Huerta, Soria, reuniendo a representantes de organizaciones del [&hellip;]","og_url":"https:\/\/unetxea.org\/en\/festival-2024-educacion-para-el-desarrollo-sostenible-y-la-ciudadania-global\/","og_site_name":"UN ETXEA","article_publisher":"https:\/\/www.facebook.com\/UNetxea\/","article_published_time":"2024-07-18T12:35:13+00:00","article_modified_time":"2024-09-18T13:23:09+00:00","og_image":[{"width":937,"height":557,"url":"https:\/\/unetxea.org\/wp-content\/uploads\/2024\/07\/festival47-2024-portada.jpg","type":"image\/jpeg"}],"author":"UN Etxea","twitter_card":"summary_large_image","twitter_creator":"@UNetxea","twitter_site":"@UNetxea","twitter_misc":{"Written by":"UN Etxea","Est. reading time":"2 minutes"},"schema":{"@context":"https:\/\/schema.org","@graph":[{"@type":"Article","@id":"https:\/\/unetxea.org\/en\/festival-2024-educacion-para-el-desarrollo-sostenible-y-la-ciudadania-global\/#article","isPartOf":{"@id":"https:\/\/unetxea.org\/en\/festival-2024-educacion-para-el-desarrollo-sostenible-y-la-ciudadania-global\/"},"author":{"name":"UN Etxea","@id":"https:\/\/unetxea.org\/#\/schema\/person\/c115ec46e78902eb5e93b5ca0b96bd2d"},"headline":"(F)Estival 2024: Educaci\u00f3n para el Desarrollo Sostenible y la Ciudadan\u00eda Global","datePublished":"2024-07-18T12:35:13+00:00","dateModified":"2024-09-18T13:23:09+00:00","mainEntityOfPage":{"@id":"https:\/\/unetxea.org\/en\/festival-2024-educacion-para-el-desarrollo-sostenible-y-la-ciudadania-global\/"},"wordCount":450,"publisher":{"@id":"https:\/\/unetxea.org\/#organization"},"image":{"@id":"https:\/\/unetxea.org\/en\/festival-2024-educacion-para-el-desarrollo-sostenible-y-la-ciudadania-global\/#primaryimage"},"thumbnailUrl":"https:\/\/unetxea.org\/wp-content\/uploads\/2024\/07\/festival47-2024-portada.jpg","articleSection":["Education","Sustainable Development"],"inLanguage":"en-US"},{"@type":"WebPage","@id":"https:\/\/unetxea.org\/en\/festival-2024-educacion-para-el-desarrollo-sostenible-y-la-ciudadania-global\/","url":"https:\/\/unetxea.org\/en\/festival-2024-educacion-para-el-desarrollo-sostenible-y-la-ciudadania-global\/","name":"(F)Estival 2024: Educaci\u00f3n para el Desarrollo Sostenible y la Ciudadan\u00eda Global - UN ETXEA","isPartOf":{"@id":"https:\/\/unetxea.org\/#website"},"primaryImageOfPage":{"@id":"https:\/\/unetxea.org\/en\/festival-2024-educacion-para-el-desarrollo-sostenible-y-la-ciudadania-global\/#primaryimage"},"image":{"@id":"https:\/\/unetxea.org\/en\/festival-2024-educacion-para-el-desarrollo-sostenible-y-la-ciudadania-global\/#primaryimage"},"thumbnailUrl":"https:\/\/unetxea.org\/wp-content\/uploads\/2024\/07\/festival47-2024-portada.jpg","datePublished":"2024-07-18T12:35:13+00:00","dateModified":"2024-09-18T13:23:09+00:00","breadcrumb":{"@id":"https:\/\/unetxea.org\/en\/festival-2024-educacion-para-el-desarrollo-sostenible-y-la-ciudadania-global\/#breadcrumb"},"inLanguage":"en-US","potentialAction":[{"@type":"ReadAction","target":["https:\/\/unetxea.org\/en\/festival-2024-educacion-para-el-desarrollo-sostenible-y-la-ciudadania-global\/"]}]},{"@type":"ImageObject","inLanguage":"en-US","@id":"https:\/\/unetxea.org\/en\/festival-2024-educacion-para-el-desarrollo-sostenible-y-la-ciudadania-global\/#primaryimage","url":"https:\/\/unetxea.org\/wp-content\/uploads\/2024\/07\/festival47-2024-portada.jpg","contentUrl":"https:\/\/unetxea.org\/wp-content\/uploads\/2024\/07\/festival47-2024-portada.jpg","width":937,"height":557},{"@type":"BreadcrumbList","@id":"https:\/\/unetxea.org\/en\/festival-2024-educacion-para-el-desarrollo-sostenible-y-la-ciudadania-global\/#breadcrumb","itemListElement":[{"@type":"ListItem","position":1,"name":"Portada","item":"https:\/\/unetxea.org\/en\/"},{"@type":"ListItem","position":2,"name":"(F)Estival 2024: Educaci\u00f3n para el Desarrollo Sostenible y la Ciudadan\u00eda Global"}]},{"@type":"WebSite","@id":"https:\/\/unetxea.org\/#website","url":"https:\/\/unetxea.org\/","name":"UN ETXEA","description":"Asociaci\u00f3n del Pa\u00eds Vasco para la UNESCO","publisher":{"@id":"https:\/\/unetxea.org\/#organization"},"potentialAction":[{"@type":"SearchAction","target":{"@type":"EntryPoint","urlTemplate":"https:\/\/unetxea.org\/?s={search_term_string}"},"query-input":{"@type":"PropertyValueSpecification","valueRequired":true,"valueName":"search_term_string"}}],"inLanguage":"en-US"},{"@type":"Organization","@id":"https:\/\/unetxea.org\/#organization","name":"UN ETXEA","url":"https:\/\/unetxea.org\/","logo":{"@type":"ImageObject","inLanguage":"en-US","@id":"https:\/\/unetxea.org\/#\/schema\/logo\/image\/","url":"https:\/\/unetxea.org\/wp-content\/uploads\/2025\/01\/logo-unetxea500.jpg","contentUrl":"https:\/\/unetxea.org\/wp-content\/uploads\/2025\/01\/logo-unetxea500.jpg","width":500,"height":484,"caption":"UN ETXEA"},"image":{"@id":"https:\/\/unetxea.org\/#\/schema\/logo\/image\/"},"sameAs":["https:\/\/www.facebook.com\/UNetxea\/","https:\/\/x.com\/UNetxea","https:\/\/www.youtube.com\/@UNetxea"]},{"@type":"Person","@id":"https:\/\/unetxea.org\/#\/schema\/person\/c115ec46e78902eb5e93b5ca0b96bd2d","name":"UN Etxea","image":{"@type":"ImageObject","inLanguage":"en-US","@id":"https:\/\/secure.gravatar.com\/avatar\/67b8d0f0ae884d096f535d6fbbb63507af5ec28b6be2d9db993a2e99f2855e18?s=96&d=mm&r=g","url":"https:\/\/secure.gravatar.com\/avatar\/67b8d0f0ae884d096f535d6fbbb63507af5ec28b6be2d9db993a2e99f2855e18?s=96&d=mm&r=g","contentUrl":"https:\/\/secure.gravatar.com\/avatar\/67b8d0f0ae884d096f535d6fbbb63507af5ec28b6be2d9db993a2e99f2855e18?s=96&d=mm&r=g","caption":"UN Etxea"},"url":"https:\/\/unetxea.org\/en\/author\/nagusitxea\/"}]}},"_links":{"self":[{"href":"https:\/\/unetxea.org\/en\/wp-json\/wp\/v2\/posts\/10057","targetHints":{"allow":["GET"]}}],"collection":[{"href":"https:\/\/unetxea.org\/en\/wp-json\/wp\/v2\/posts"}],"about":[{"href":"https:\/\/unetxea.org\/en\/wp-json\/wp\/v2\/types\/post"}],"author":[{"embeddable":true,"href":"https:\/\/unetxea.org\/en\/wp-json\/wp\/v2\/users\/2"}],"replies":[{"embeddable":true,"href":"https:\/\/unetxea.org\/en\/wp-json\/wp\/v2\/comments?post=10057"}],"version-history":[{"count":2,"href":"https:\/\/unetxea.org\/en\/wp-json\/wp\/v2\/posts\/10057\/revisions"}],"predecessor-version":[{"id":10062,"href":"https:\/\/unetxea.org\/en\/wp-json\/wp\/v2\/posts\/10057\/revisions\/10062"}],"wp:featuredmedia":[{"embeddable":true,"href":"https:\/\/unetxea.org\/en\/wp-json\/wp\/v2\/media\/10039"}],"wp:attachment":[{"href":"https:\/\/unetxea.org\/en\/wp-json\/wp\/v2\/media?parent=10057"}],"wp:term":[{"taxonomy":"category","embeddable":true,"href":"https:\/\/unetxea.org\/en\/wp-json\/wp\/v2\/categories?post=10057"},{"taxonomy":"post_tag","embeddable":true,"href":"https:\/\/unetxea.org\/en\/wp-json\/wp\/v2\/tags?post=10057"}],"curies":[{"name":"wp","href":"https:\/\/api.w.org\/{rel}","templated":true}]}}