{"id":10294,"date":"2024-09-27T14:08:26","date_gmt":"2024-09-27T12:08:26","guid":{"rendered":"https:\/\/unetxea.org\/?p=10294"},"modified":"2024-11-18T15:17:44","modified_gmt":"2024-11-18T14:17:44","slug":"juventud-educacion-y-derechos-humanos","status":"publish","type":"post","link":"https:\/\/unetxea.org\/en\/juventud-educacion-y-derechos-humanos\/","title":{"rendered":"Juventud, educaci\u00f3n y derechos humanos"},"content":{"rendered":"<p>Una nueva edici\u00f3n del <strong>Human Rights Internship Training Programme<\/strong>, impulsado por UN ETXEA-Asociaci\u00f3n del Pa\u00eds Vasco para la UNESCO con el apoyo de la Direcci\u00f3n de Derechos Humanos y V\u00edctimas de Eusko Jaurlaritza &#8211; Gobierno Vasco, ha tenido lugar del del 16 al 19 de septiembre en Ginebra (Suiza).<\/p>\n<p>&nbsp;<\/p>\n<p>Andrea Ant\u00fanez, Ainhoa Azkarate, Diego Espasa, Fernanda C\u00e1ndida, Lore Etxebarria, Marta Era\u00f1a , <a href=\"https:\/\/es.linkedin.com\/in\/mirelur-g-258461229?trk=public_post-text\">Mirelur Gonz\u00e1lez<\/a> y Olaia Mujika, junto con nuestra compa\u00f1era <a href=\"https:\/\/es.linkedin.com\/in\/begonaguzman?trk=public_post-text\">Bego\u00f1a Guzm\u00e1n<\/a>, han tenido la oportunidad de profundizar en instrumentos internacionales de protecci\u00f3n de los Derechos Humanos y en la educaci\u00f3n en derechos humanos en este programa formativo durante el 57\u00ba periodo de sesiones del Consejo de Derechos Humanos de Naciones Unidas.<\/p>\n<p>&nbsp;<\/p>\n<p>En colaboraci\u00f3n con el International Catholic Center of Geneva (ICCG &#8211; CCIG) y las especialistas en derechos humanos e infancia, juventud y educaci\u00f3n Maria D&#8217;Onofrio, Helen Griffiths, Chanmi Kim y Aitana J\u00e1\u00f1ez Pedrayes, hemos desarrollado una formaci\u00f3n espec\u00edfica y de inter\u00e9s para estas j\u00f3venes en la que se ha puesto en valor el papel de la sociedad civil en estas instituciones y su capacidad real de incidencia a trav\u00e9s de diversos mecanismos.<\/p>\n<p>&nbsp;<\/p>\n<p>Asimismo, han tenido la gran oportunidad de asistir al Comit\u00e9 de Derechos Econ\u00f3micos, Sociales y Culturales y reunirse con <a href=\"https:\/\/es.linkedin.com\/in\/mikelmancisidor?trk=public_post-text\">Mikel Mancisidor<\/a>, miembro (experto independiente) desde 2013 del Comit\u00e9 y con quien durante una tarde completa pudieron conversar, resolver dudas e inquietudes y conocer la historia del Palais Wilson, sesi\u00f3n que culmin\u00f3 con el fortuito encuentro con Volker T\u00fcrk, Alto Comisionado de las Naciones Unidas para los Derechos Humanos.<\/p>\n\n\t\t<style type=\"text\/css\">\n\t\t\t#gallery-1 {\n\t\t\t\tmargin: auto;\n\t\t\t}\n\t\t\t#gallery-1 .gallery-item {\n\t\t\t\tfloat: left;\n\t\t\t\tmargin-top: 10px;\n\t\t\t\ttext-align: center;\n\t\t\t\twidth: 33%;\n\t\t\t}\n\t\t\t#gallery-1 img {\n\t\t\t\tborder: 2px solid #cfcfcf;\n\t\t\t}\n\t\t\t#gallery-1 .gallery-caption {\n\t\t\t\tmargin-left: 0;\n\t\t\t}\n\t\t\t\/* see gallery_shortcode() in wp-includes\/media.php *\/\n\t\t<\/style>\n\t\t<div id='gallery-1' class='gallery galleryid-10294 gallery-columns-3 gallery-size-large'><dl class='gallery-item'>\n\t\t\t<dt class='gallery-icon landscape'>\n\t\t\t\t<a href='https:\/\/unetxea.org\/en\/juventud-educacion-y-derechos-humanos\/1000133772-2\/'><img loading=\"lazy\" decoding=\"async\" width=\"1024\" height=\"768\" src=\"https:\/\/unetxea.org\/wp-content\/uploads\/2024\/09\/1000133772.jpg\" class=\"attachment-large size-large\" alt=\"\" srcset=\"https:\/\/unetxea.org\/wp-content\/uploads\/2024\/09\/1000133772.jpg 1024w, https:\/\/unetxea.org\/wp-content\/uploads\/2024\/09\/1000133772-300x225.jpg 300w, https:\/\/unetxea.org\/wp-content\/uploads\/2024\/09\/1000133772-768x576.jpg 768w\" sizes=\"auto, (max-width: 1024px) 100vw, 1024px\" \/><\/a>\n\t\t\t<\/dt><\/dl><dl class='gallery-item'>\n\t\t\t<dt class='gallery-icon landscape'>\n\t\t\t\t<a href='https:\/\/unetxea.org\/en\/juventud-educacion-y-derechos-humanos\/img-20240919-wa0016-2\/'><img loading=\"lazy\" decoding=\"async\" width=\"1024\" height=\"768\" src=\"https:\/\/unetxea.org\/wp-content\/uploads\/2024\/09\/IMG-20240919-WA0016.jpg\" class=\"attachment-large size-large\" alt=\"\" srcset=\"https:\/\/unetxea.org\/wp-content\/uploads\/2024\/09\/IMG-20240919-WA0016.jpg 1024w, https:\/\/unetxea.org\/wp-content\/uploads\/2024\/09\/IMG-20240919-WA0016-300x225.jpg 300w, https:\/\/unetxea.org\/wp-content\/uploads\/2024\/09\/IMG-20240919-WA0016-768x576.jpg 768w\" sizes=\"auto, (max-width: 1024px) 100vw, 1024px\" \/><\/a>\n\t\t\t<\/dt><\/dl><dl class='gallery-item'>\n\t\t\t<dt class='gallery-icon landscape'>\n\t\t\t\t<a href='https:\/\/unetxea.org\/en\/juventud-educacion-y-derechos-humanos\/1000134828-2\/'><img loading=\"lazy\" decoding=\"async\" width=\"1024\" height=\"768\" src=\"https:\/\/unetxea.org\/wp-content\/uploads\/2024\/09\/1000134828.jpg\" class=\"attachment-large size-large\" alt=\"\" srcset=\"https:\/\/unetxea.org\/wp-content\/uploads\/2024\/09\/1000134828.jpg 1024w, https:\/\/unetxea.org\/wp-content\/uploads\/2024\/09\/1000134828-300x225.jpg 300w, https:\/\/unetxea.org\/wp-content\/uploads\/2024\/09\/1000134828-768x576.jpg 768w\" sizes=\"auto, (max-width: 1024px) 100vw, 1024px\" \/><\/a>\n\t\t\t<\/dt><\/dl><br style=\"clear: both\" \/>\n\t\t<\/div>\n\n<p>&nbsp;<\/p>\n<p>Por otra parte, nos reunimos con\u00a0Aitana J\u00e1\u00f1ez, quien est\u00e1 aprovechando al m\u00e1ximo la pr\u00e1ctica formativa, impulsada por UN Etxea<strong> y <\/strong>la Direcci\u00f3n de Derechos Humanos y V\u00edctimas de Eusko Jaurlaritza &#8211; Gobierno Vasco, en la Unidad de Infancia y Juventud en la Oficina del Alto Comisionado de las Naciones Unidas para los Derechos Humanos. En los dos meses que lleva en Ginebra ha participado en la organizaci\u00f3n de paneles de discusi\u00f3n sobre juventud, redacci\u00f3n de informes y encuentros con expertos y sociedad civil.<\/p>\n<p><strong>\u00a0<\/strong><\/p>\n<p>El grupo de j\u00f3venes que ha estado en Ginebra volver\u00e1 a encontrarse en las pr\u00f3ximas semanas para realizar una contribuci\u00f3n al informe <em>Quality Education For Peace And Tolerance For Every<\/em> <em>Child<\/em>, que se presentar\u00e1 el pr\u00f3ximo a\u00f1o en el 59\u00ba periodo de sesiones del Consejo de Derechos Humanos de Naciones Unidas. Os invitamos a que sig\u00e1is los pasos de este grupo con quien desde UN Etxea seguiremos colaborando para incidir en materia de derechos humanos y educaci\u00f3n desde nuestro territorio.<\/p>\n","protected":false},"excerpt":{"rendered":"<p>Una nueva edici\u00f3n del Human Rights Internship Training Programme, impulsado por UN ETXEA-Asociaci\u00f3n del Pa\u00eds Vasco para la UNESCO con el apoyo de la Direcci\u00f3n de Derechos Humanos y V\u00edctimas [&hellip;]<\/p>\n","protected":false},"author":2,"featured_media":10291,"comment_status":"closed","ping_status":"open","sticky":false,"template":"","format":"standard","meta":{"footnotes":""},"categories":[81,77],"tags":[],"class_list":["post-10294","post","type-post","status-publish","format-standard","has-post-thumbnail","hentry","category-education","category-human-rights"],"yoast_head":"<!-- This site is optimized with the Yoast SEO plugin v27.5 - https:\/\/yoast.com\/product\/yoast-seo-wordpress\/ -->\n<title>Juventud, educaci\u00f3n y derechos humanos - UN ETXEA<\/title>\n<meta name=\"robots\" content=\"index, follow, max-snippet:-1, max-image-preview:large, max-video-preview:-1\" \/>\n<link rel=\"canonical\" href=\"https:\/\/unetxea.org\/en\/juventud-educacion-y-derechos-humanos\/\" \/>\n<meta property=\"og:locale\" content=\"en_US\" \/>\n<meta property=\"og:type\" content=\"article\" \/>\n<meta property=\"og:title\" content=\"Juventud, educaci\u00f3n y derechos humanos - UN ETXEA\" \/>\n<meta property=\"og:description\" content=\"Una nueva edici\u00f3n del Human Rights Internship Training Programme, impulsado por UN ETXEA-Asociaci\u00f3n del Pa\u00eds Vasco para la UNESCO con el apoyo de la Direcci\u00f3n de Derechos Humanos y V\u00edctimas [&hellip;]\" \/>\n<meta property=\"og:url\" content=\"https:\/\/unetxea.org\/en\/juventud-educacion-y-derechos-humanos\/\" \/>\n<meta property=\"og:site_name\" content=\"UN ETXEA\" \/>\n<meta property=\"article:publisher\" content=\"https:\/\/www.facebook.com\/UNetxea\/\" \/>\n<meta property=\"article:published_time\" content=\"2024-09-27T12:08:26+00:00\" \/>\n<meta property=\"article:modified_time\" content=\"2024-11-18T14:17:44+00:00\" \/>\n<meta property=\"og:image\" content=\"https:\/\/unetxea.org\/wp-content\/uploads\/2024\/09\/hrip-ginebra2024tx.jpg\" \/>\n\t<meta property=\"og:image:width\" content=\"1081\" \/>\n\t<meta property=\"og:image:height\" content=\"577\" \/>\n\t<meta property=\"og:image:type\" content=\"image\/jpeg\" \/>\n<meta name=\"author\" content=\"UN Etxea\" \/>\n<meta name=\"twitter:card\" content=\"summary_large_image\" \/>\n<meta name=\"twitter:creator\" content=\"@UNetxea\" \/>\n<meta name=\"twitter:site\" content=\"@UNetxea\" \/>\n<meta name=\"twitter:label1\" content=\"Written by\" \/>\n\t<meta name=\"twitter:data1\" content=\"UN Etxea\" \/>\n\t<meta name=\"twitter:label2\" content=\"Est. reading time\" \/>\n\t<meta name=\"twitter:data2\" content=\"2 minutes\" \/>\n<script type=\"application\/ld+json\" class=\"yoast-schema-graph\">{\"@context\":\"https:\\\/\\\/schema.org\",\"@graph\":[{\"@type\":\"Article\",\"@id\":\"https:\\\/\\\/unetxea.org\\\/en\\\/juventud-educacion-y-derechos-humanos\\\/#article\",\"isPartOf\":{\"@id\":\"https:\\\/\\\/unetxea.org\\\/en\\\/juventud-educacion-y-derechos-humanos\\\/\"},\"author\":{\"name\":\"UN Etxea\",\"@id\":\"https:\\\/\\\/unetxea.org\\\/#\\\/schema\\\/person\\\/c115ec46e78902eb5e93b5ca0b96bd2d\"},\"headline\":\"Juventud, educaci\u00f3n y derechos humanos\",\"datePublished\":\"2024-09-27T12:08:26+00:00\",\"dateModified\":\"2024-11-18T14:17:44+00:00\",\"mainEntityOfPage\":{\"@id\":\"https:\\\/\\\/unetxea.org\\\/en\\\/juventud-educacion-y-derechos-humanos\\\/\"},\"wordCount\":466,\"publisher\":{\"@id\":\"https:\\\/\\\/unetxea.org\\\/#organization\"},\"image\":{\"@id\":\"https:\\\/\\\/unetxea.org\\\/en\\\/juventud-educacion-y-derechos-humanos\\\/#primaryimage\"},\"thumbnailUrl\":\"https:\\\/\\\/unetxea.org\\\/wp-content\\\/uploads\\\/2024\\\/09\\\/hrip-ginebra2024tx.jpg\",\"articleSection\":[\"Education\",\"Human Rights\"],\"inLanguage\":\"en-US\"},{\"@type\":\"WebPage\",\"@id\":\"https:\\\/\\\/unetxea.org\\\/en\\\/juventud-educacion-y-derechos-humanos\\\/\",\"url\":\"https:\\\/\\\/unetxea.org\\\/en\\\/juventud-educacion-y-derechos-humanos\\\/\",\"name\":\"Juventud, educaci\u00f3n y derechos humanos - UN ETXEA\",\"isPartOf\":{\"@id\":\"https:\\\/\\\/unetxea.org\\\/#website\"},\"primaryImageOfPage\":{\"@id\":\"https:\\\/\\\/unetxea.org\\\/en\\\/juventud-educacion-y-derechos-humanos\\\/#primaryimage\"},\"image\":{\"@id\":\"https:\\\/\\\/unetxea.org\\\/en\\\/juventud-educacion-y-derechos-humanos\\\/#primaryimage\"},\"thumbnailUrl\":\"https:\\\/\\\/unetxea.org\\\/wp-content\\\/uploads\\\/2024\\\/09\\\/hrip-ginebra2024tx.jpg\",\"datePublished\":\"2024-09-27T12:08:26+00:00\",\"dateModified\":\"2024-11-18T14:17:44+00:00\",\"breadcrumb\":{\"@id\":\"https:\\\/\\\/unetxea.org\\\/en\\\/juventud-educacion-y-derechos-humanos\\\/#breadcrumb\"},\"inLanguage\":\"en-US\",\"potentialAction\":[{\"@type\":\"ReadAction\",\"target\":[\"https:\\\/\\\/unetxea.org\\\/en\\\/juventud-educacion-y-derechos-humanos\\\/\"]}]},{\"@type\":\"ImageObject\",\"inLanguage\":\"en-US\",\"@id\":\"https:\\\/\\\/unetxea.org\\\/en\\\/juventud-educacion-y-derechos-humanos\\\/#primaryimage\",\"url\":\"https:\\\/\\\/unetxea.org\\\/wp-content\\\/uploads\\\/2024\\\/09\\\/hrip-ginebra2024tx.jpg\",\"contentUrl\":\"https:\\\/\\\/unetxea.org\\\/wp-content\\\/uploads\\\/2024\\\/09\\\/hrip-ginebra2024tx.jpg\",\"width\":1081,\"height\":577},{\"@type\":\"BreadcrumbList\",\"@id\":\"https:\\\/\\\/unetxea.org\\\/en\\\/juventud-educacion-y-derechos-humanos\\\/#breadcrumb\",\"itemListElement\":[{\"@type\":\"ListItem\",\"position\":1,\"name\":\"Portada\",\"item\":\"https:\\\/\\\/unetxea.org\\\/en\\\/\"},{\"@type\":\"ListItem\",\"position\":2,\"name\":\"Juventud, educaci\u00f3n y derechos humanos\"}]},{\"@type\":\"WebSite\",\"@id\":\"https:\\\/\\\/unetxea.org\\\/#website\",\"url\":\"https:\\\/\\\/unetxea.org\\\/\",\"name\":\"UN ETXEA\",\"description\":\"Asociaci\u00f3n del Pa\u00eds Vasco para la UNESCO\",\"publisher\":{\"@id\":\"https:\\\/\\\/unetxea.org\\\/#organization\"},\"potentialAction\":[{\"@type\":\"SearchAction\",\"target\":{\"@type\":\"EntryPoint\",\"urlTemplate\":\"https:\\\/\\\/unetxea.org\\\/?s={search_term_string}\"},\"query-input\":{\"@type\":\"PropertyValueSpecification\",\"valueRequired\":true,\"valueName\":\"search_term_string\"}}],\"inLanguage\":\"en-US\"},{\"@type\":\"Organization\",\"@id\":\"https:\\\/\\\/unetxea.org\\\/#organization\",\"name\":\"UN ETXEA\",\"url\":\"https:\\\/\\\/unetxea.org\\\/\",\"logo\":{\"@type\":\"ImageObject\",\"inLanguage\":\"en-US\",\"@id\":\"https:\\\/\\\/unetxea.org\\\/#\\\/schema\\\/logo\\\/image\\\/\",\"url\":\"https:\\\/\\\/unetxea.org\\\/wp-content\\\/uploads\\\/2025\\\/01\\\/logo-unetxea500.jpg\",\"contentUrl\":\"https:\\\/\\\/unetxea.org\\\/wp-content\\\/uploads\\\/2025\\\/01\\\/logo-unetxea500.jpg\",\"width\":500,\"height\":484,\"caption\":\"UN ETXEA\"},\"image\":{\"@id\":\"https:\\\/\\\/unetxea.org\\\/#\\\/schema\\\/logo\\\/image\\\/\"},\"sameAs\":[\"https:\\\/\\\/www.facebook.com\\\/UNetxea\\\/\",\"https:\\\/\\\/x.com\\\/UNetxea\",\"https:\\\/\\\/www.youtube.com\\\/@UNetxea\"]},{\"@type\":\"Person\",\"@id\":\"https:\\\/\\\/unetxea.org\\\/#\\\/schema\\\/person\\\/c115ec46e78902eb5e93b5ca0b96bd2d\",\"name\":\"UN Etxea\",\"image\":{\"@type\":\"ImageObject\",\"inLanguage\":\"en-US\",\"@id\":\"https:\\\/\\\/secure.gravatar.com\\\/avatar\\\/67b8d0f0ae884d096f535d6fbbb63507af5ec28b6be2d9db993a2e99f2855e18?s=96&d=mm&r=g\",\"url\":\"https:\\\/\\\/secure.gravatar.com\\\/avatar\\\/67b8d0f0ae884d096f535d6fbbb63507af5ec28b6be2d9db993a2e99f2855e18?s=96&d=mm&r=g\",\"contentUrl\":\"https:\\\/\\\/secure.gravatar.com\\\/avatar\\\/67b8d0f0ae884d096f535d6fbbb63507af5ec28b6be2d9db993a2e99f2855e18?s=96&d=mm&r=g\",\"caption\":\"UN Etxea\"},\"url\":\"https:\\\/\\\/unetxea.org\\\/en\\\/author\\\/nagusitxea\\\/\"}]}<\/script>\n<!-- \/ Yoast SEO plugin. -->","yoast_head_json":{"title":"Juventud, educaci\u00f3n y derechos humanos - UN ETXEA","robots":{"index":"index","follow":"follow","max-snippet":"max-snippet:-1","max-image-preview":"max-image-preview:large","max-video-preview":"max-video-preview:-1"},"canonical":"https:\/\/unetxea.org\/en\/juventud-educacion-y-derechos-humanos\/","og_locale":"en_US","og_type":"article","og_title":"Juventud, educaci\u00f3n y derechos humanos - UN ETXEA","og_description":"Una nueva edici\u00f3n del Human Rights Internship Training Programme, impulsado por UN ETXEA-Asociaci\u00f3n del Pa\u00eds Vasco para la UNESCO con el apoyo de la Direcci\u00f3n de Derechos Humanos y V\u00edctimas [&hellip;]","og_url":"https:\/\/unetxea.org\/en\/juventud-educacion-y-derechos-humanos\/","og_site_name":"UN ETXEA","article_publisher":"https:\/\/www.facebook.com\/UNetxea\/","article_published_time":"2024-09-27T12:08:26+00:00","article_modified_time":"2024-11-18T14:17:44+00:00","og_image":[{"width":1081,"height":577,"url":"https:\/\/unetxea.org\/wp-content\/uploads\/2024\/09\/hrip-ginebra2024tx.jpg","type":"image\/jpeg"}],"author":"UN Etxea","twitter_card":"summary_large_image","twitter_creator":"@UNetxea","twitter_site":"@UNetxea","twitter_misc":{"Written by":"UN Etxea","Est. reading time":"2 minutes"},"schema":{"@context":"https:\/\/schema.org","@graph":[{"@type":"Article","@id":"https:\/\/unetxea.org\/en\/juventud-educacion-y-derechos-humanos\/#article","isPartOf":{"@id":"https:\/\/unetxea.org\/en\/juventud-educacion-y-derechos-humanos\/"},"author":{"name":"UN Etxea","@id":"https:\/\/unetxea.org\/#\/schema\/person\/c115ec46e78902eb5e93b5ca0b96bd2d"},"headline":"Juventud, educaci\u00f3n y derechos humanos","datePublished":"2024-09-27T12:08:26+00:00","dateModified":"2024-11-18T14:17:44+00:00","mainEntityOfPage":{"@id":"https:\/\/unetxea.org\/en\/juventud-educacion-y-derechos-humanos\/"},"wordCount":466,"publisher":{"@id":"https:\/\/unetxea.org\/#organization"},"image":{"@id":"https:\/\/unetxea.org\/en\/juventud-educacion-y-derechos-humanos\/#primaryimage"},"thumbnailUrl":"https:\/\/unetxea.org\/wp-content\/uploads\/2024\/09\/hrip-ginebra2024tx.jpg","articleSection":["Education","Human Rights"],"inLanguage":"en-US"},{"@type":"WebPage","@id":"https:\/\/unetxea.org\/en\/juventud-educacion-y-derechos-humanos\/","url":"https:\/\/unetxea.org\/en\/juventud-educacion-y-derechos-humanos\/","name":"Juventud, educaci\u00f3n y derechos humanos - UN ETXEA","isPartOf":{"@id":"https:\/\/unetxea.org\/#website"},"primaryImageOfPage":{"@id":"https:\/\/unetxea.org\/en\/juventud-educacion-y-derechos-humanos\/#primaryimage"},"image":{"@id":"https:\/\/unetxea.org\/en\/juventud-educacion-y-derechos-humanos\/#primaryimage"},"thumbnailUrl":"https:\/\/unetxea.org\/wp-content\/uploads\/2024\/09\/hrip-ginebra2024tx.jpg","datePublished":"2024-09-27T12:08:26+00:00","dateModified":"2024-11-18T14:17:44+00:00","breadcrumb":{"@id":"https:\/\/unetxea.org\/en\/juventud-educacion-y-derechos-humanos\/#breadcrumb"},"inLanguage":"en-US","potentialAction":[{"@type":"ReadAction","target":["https:\/\/unetxea.org\/en\/juventud-educacion-y-derechos-humanos\/"]}]},{"@type":"ImageObject","inLanguage":"en-US","@id":"https:\/\/unetxea.org\/en\/juventud-educacion-y-derechos-humanos\/#primaryimage","url":"https:\/\/unetxea.org\/wp-content\/uploads\/2024\/09\/hrip-ginebra2024tx.jpg","contentUrl":"https:\/\/unetxea.org\/wp-content\/uploads\/2024\/09\/hrip-ginebra2024tx.jpg","width":1081,"height":577},{"@type":"BreadcrumbList","@id":"https:\/\/unetxea.org\/en\/juventud-educacion-y-derechos-humanos\/#breadcrumb","itemListElement":[{"@type":"ListItem","position":1,"name":"Portada","item":"https:\/\/unetxea.org\/en\/"},{"@type":"ListItem","position":2,"name":"Juventud, educaci\u00f3n y derechos humanos"}]},{"@type":"WebSite","@id":"https:\/\/unetxea.org\/#website","url":"https:\/\/unetxea.org\/","name":"UN ETXEA","description":"Asociaci\u00f3n del Pa\u00eds Vasco para la UNESCO","publisher":{"@id":"https:\/\/unetxea.org\/#organization"},"potentialAction":[{"@type":"SearchAction","target":{"@type":"EntryPoint","urlTemplate":"https:\/\/unetxea.org\/?s={search_term_string}"},"query-input":{"@type":"PropertyValueSpecification","valueRequired":true,"valueName":"search_term_string"}}],"inLanguage":"en-US"},{"@type":"Organization","@id":"https:\/\/unetxea.org\/#organization","name":"UN ETXEA","url":"https:\/\/unetxea.org\/","logo":{"@type":"ImageObject","inLanguage":"en-US","@id":"https:\/\/unetxea.org\/#\/schema\/logo\/image\/","url":"https:\/\/unetxea.org\/wp-content\/uploads\/2025\/01\/logo-unetxea500.jpg","contentUrl":"https:\/\/unetxea.org\/wp-content\/uploads\/2025\/01\/logo-unetxea500.jpg","width":500,"height":484,"caption":"UN ETXEA"},"image":{"@id":"https:\/\/unetxea.org\/#\/schema\/logo\/image\/"},"sameAs":["https:\/\/www.facebook.com\/UNetxea\/","https:\/\/x.com\/UNetxea","https:\/\/www.youtube.com\/@UNetxea"]},{"@type":"Person","@id":"https:\/\/unetxea.org\/#\/schema\/person\/c115ec46e78902eb5e93b5ca0b96bd2d","name":"UN Etxea","image":{"@type":"ImageObject","inLanguage":"en-US","@id":"https:\/\/secure.gravatar.com\/avatar\/67b8d0f0ae884d096f535d6fbbb63507af5ec28b6be2d9db993a2e99f2855e18?s=96&d=mm&r=g","url":"https:\/\/secure.gravatar.com\/avatar\/67b8d0f0ae884d096f535d6fbbb63507af5ec28b6be2d9db993a2e99f2855e18?s=96&d=mm&r=g","contentUrl":"https:\/\/secure.gravatar.com\/avatar\/67b8d0f0ae884d096f535d6fbbb63507af5ec28b6be2d9db993a2e99f2855e18?s=96&d=mm&r=g","caption":"UN Etxea"},"url":"https:\/\/unetxea.org\/en\/author\/nagusitxea\/"}]}},"_links":{"self":[{"href":"https:\/\/unetxea.org\/en\/wp-json\/wp\/v2\/posts\/10294","targetHints":{"allow":["GET"]}}],"collection":[{"href":"https:\/\/unetxea.org\/en\/wp-json\/wp\/v2\/posts"}],"about":[{"href":"https:\/\/unetxea.org\/en\/wp-json\/wp\/v2\/types\/post"}],"author":[{"embeddable":true,"href":"https:\/\/unetxea.org\/en\/wp-json\/wp\/v2\/users\/2"}],"replies":[{"embeddable":true,"href":"https:\/\/unetxea.org\/en\/wp-json\/wp\/v2\/comments?post=10294"}],"version-history":[{"count":1,"href":"https:\/\/unetxea.org\/en\/wp-json\/wp\/v2\/posts\/10294\/revisions"}],"predecessor-version":[{"id":10297,"href":"https:\/\/unetxea.org\/en\/wp-json\/wp\/v2\/posts\/10294\/revisions\/10297"}],"wp:featuredmedia":[{"embeddable":true,"href":"https:\/\/unetxea.org\/en\/wp-json\/wp\/v2\/media\/10291"}],"wp:attachment":[{"href":"https:\/\/unetxea.org\/en\/wp-json\/wp\/v2\/media?parent=10294"}],"wp:term":[{"taxonomy":"category","embeddable":true,"href":"https:\/\/unetxea.org\/en\/wp-json\/wp\/v2\/categories?post=10294"},{"taxonomy":"post_tag","embeddable":true,"href":"https:\/\/unetxea.org\/en\/wp-json\/wp\/v2\/tags?post=10294"}],"curies":[{"name":"wp","href":"https:\/\/api.w.org\/{rel}","templated":true}]}}