{"id":10321,"date":"2024-10-15T12:25:24","date_gmt":"2024-10-15T10:25:24","guid":{"rendered":"https:\/\/unetxea.org\/?p=10321"},"modified":"2024-10-28T11:27:33","modified_gmt":"2024-10-28T10:27:33","slug":"un-etxea-implementara-su-plan-de-equidad-con-apoyo-de-elankidetza","status":"publish","type":"post","link":"https:\/\/unetxea.org\/en\/un-etxea-implementara-su-plan-de-equidad-con-apoyo-de-elankidetza\/","title":{"rendered":"UN Etxea implementar\u00e1 su Plan de Equidad con apoyo de eLankidetza"},"content":{"rendered":"<p>eLankidetza-Agencia Vasca de Cooperaci\u00f3n para el Desarrollo apoyar\u00e1 a nueve ONGD para que promuevan en su seno procesos y acciones que eliminen las desigualdades de g\u00e9nero que se puedan producir en todos los niveles de funcionamiento. En total, se destinar\u00e1 un total de 294.533 euros. El Gobierno Vasco comenz\u00f3 en 2009 a impulsar procesos pro-equidad de g\u00e9nero en ONGD. Hasta ahora, se han acompa\u00f1ado 80 propuestas de 51 entidades.<\/p>\n<p>&nbsp;<\/p>\n<p>UN Etxea ha sido una de las nueve organizaciones no gubernamentales que recibir\u00e1n este apoyo a trav\u00e9s de su convocatoria para promover la equidad de g\u00e9nero dentro de las ONGD. Concretamente, el apoyo est\u00e1 dirigido a la implementaci\u00f3n y evaluaci\u00f3n del <a href=\"https:\/\/unetxea.org\/dokumentuak\/plan-pro-equidad-genero2024-2027.pdf\" target=\"_blank\" rel=\"noopener\"><strong>II Plan Pro Equidad de G\u00e9nero<\/strong><\/a>, un documento fundamental para continuar incorporando la perspectiva de g\u00e9nero y feminista en la estructura organizacional.<\/p>\n<p>&nbsp;<\/p>\n<p>Este proceso es un paso importante para reforzar nuestra misi\u00f3n y hacer que nuestras acciones sean cada vez m\u00e1s coherentes con los principios de igualdad y justicia que defendemos. Queremos expresar nuestro m\u00e1s profundo agradecimiento a eLankidetza por su compromiso continuo con la equidad de g\u00e9nero y por apoyar iniciativas que generan un cambio duradero y positivo en la sociedad.<\/p>\n<p>&nbsp;<\/p>\n<p><a href=\"https:\/\/www.irekia.euskadi.eus\/es\/news\/96204\" target=\"_blank\" rel=\"noopener\"><strong>M\u00e1s informaci\u00f3n en el portal Irekia<\/strong><\/a><\/p>\n<p>&nbsp;<\/p>\n<p>&nbsp;<\/p>\n<p><em>Imagen: Gobierno Vasco. Irekia<\/em><\/p>\n","protected":false},"excerpt":{"rendered":"<p>eLankidetza-Agencia Vasca de Cooperaci\u00f3n para el Desarrollo apoyar\u00e1 a nueve ONGD para que promuevan en su seno procesos y acciones que eliminen las desigualdades de g\u00e9nero que se puedan producir [&hellip;]<\/p>\n","protected":false},"author":2,"featured_media":10318,"comment_status":"closed","ping_status":"closed","sticky":false,"template":"","format":"standard","meta":{"footnotes":""},"categories":[83],"tags":[],"class_list":["post-10321","post","type-post","status-publish","format-standard","has-post-thumbnail","hentry","category-gender"],"yoast_head":"<!-- This site is optimized with the Yoast SEO plugin v27.5 - https:\/\/yoast.com\/product\/yoast-seo-wordpress\/ -->\n<title>UN Etxea implementar\u00e1 su Plan de Equidad con apoyo de eLankidetza - UN ETXEA<\/title>\n<meta name=\"robots\" content=\"index, follow, max-snippet:-1, max-image-preview:large, max-video-preview:-1\" \/>\n<link rel=\"canonical\" href=\"https:\/\/unetxea.org\/en\/un-etxea-implementara-su-plan-de-equidad-con-apoyo-de-elankidetza\/\" \/>\n<meta property=\"og:locale\" content=\"en_US\" \/>\n<meta property=\"og:type\" content=\"article\" \/>\n<meta property=\"og:title\" content=\"UN Etxea implementar\u00e1 su Plan de Equidad con apoyo de eLankidetza - UN ETXEA\" \/>\n<meta property=\"og:description\" content=\"eLankidetza-Agencia Vasca de Cooperaci\u00f3n para el Desarrollo apoyar\u00e1 a nueve ONGD para que promuevan en su seno procesos y acciones que eliminen las desigualdades de g\u00e9nero que se puedan producir [&hellip;]\" \/>\n<meta property=\"og:url\" content=\"https:\/\/unetxea.org\/en\/un-etxea-implementara-su-plan-de-equidad-con-apoyo-de-elankidetza\/\" \/>\n<meta property=\"og:site_name\" content=\"UN ETXEA\" \/>\n<meta property=\"article:publisher\" content=\"https:\/\/www.facebook.com\/UNetxea\/\" \/>\n<meta property=\"article:published_time\" content=\"2024-10-15T10:25:24+00:00\" \/>\n<meta property=\"article:modified_time\" content=\"2024-10-28T10:27:33+00:00\" \/>\n<meta property=\"og:image\" content=\"https:\/\/unetxea.org\/wp-content\/uploads\/2024\/10\/plangenero-elankidetza2024-1.jpg\" \/>\n\t<meta property=\"og:image:width\" content=\"1000\" \/>\n\t<meta property=\"og:image:height\" content=\"557\" \/>\n\t<meta property=\"og:image:type\" content=\"image\/jpeg\" \/>\n<meta name=\"author\" content=\"UN Etxea\" \/>\n<meta name=\"twitter:card\" content=\"summary_large_image\" \/>\n<meta name=\"twitter:creator\" content=\"@UNetxea\" \/>\n<meta name=\"twitter:site\" content=\"@UNetxea\" \/>\n<meta name=\"twitter:label1\" content=\"Written by\" \/>\n\t<meta name=\"twitter:data1\" content=\"UN Etxea\" \/>\n\t<meta name=\"twitter:label2\" content=\"Est. reading time\" \/>\n\t<meta name=\"twitter:data2\" content=\"1 minute\" \/>\n<script type=\"application\/ld+json\" class=\"yoast-schema-graph\">{\"@context\":\"https:\\\/\\\/schema.org\",\"@graph\":[{\"@type\":\"Article\",\"@id\":\"https:\\\/\\\/unetxea.org\\\/en\\\/un-etxea-implementara-su-plan-de-equidad-con-apoyo-de-elankidetza\\\/#article\",\"isPartOf\":{\"@id\":\"https:\\\/\\\/unetxea.org\\\/en\\\/un-etxea-implementara-su-plan-de-equidad-con-apoyo-de-elankidetza\\\/\"},\"author\":{\"name\":\"UN Etxea\",\"@id\":\"https:\\\/\\\/unetxea.org\\\/#\\\/schema\\\/person\\\/c115ec46e78902eb5e93b5ca0b96bd2d\"},\"headline\":\"UN Etxea implementar\u00e1 su Plan de Equidad con apoyo de eLankidetza\",\"datePublished\":\"2024-10-15T10:25:24+00:00\",\"dateModified\":\"2024-10-28T10:27:33+00:00\",\"mainEntityOfPage\":{\"@id\":\"https:\\\/\\\/unetxea.org\\\/en\\\/un-etxea-implementara-su-plan-de-equidad-con-apoyo-de-elankidetza\\\/\"},\"wordCount\":231,\"publisher\":{\"@id\":\"https:\\\/\\\/unetxea.org\\\/#organization\"},\"image\":{\"@id\":\"https:\\\/\\\/unetxea.org\\\/en\\\/un-etxea-implementara-su-plan-de-equidad-con-apoyo-de-elankidetza\\\/#primaryimage\"},\"thumbnailUrl\":\"https:\\\/\\\/unetxea.org\\\/wp-content\\\/uploads\\\/2024\\\/10\\\/plangenero-elankidetza2024-1.jpg\",\"articleSection\":[\"Gender\"],\"inLanguage\":\"en-US\"},{\"@type\":\"WebPage\",\"@id\":\"https:\\\/\\\/unetxea.org\\\/en\\\/un-etxea-implementara-su-plan-de-equidad-con-apoyo-de-elankidetza\\\/\",\"url\":\"https:\\\/\\\/unetxea.org\\\/en\\\/un-etxea-implementara-su-plan-de-equidad-con-apoyo-de-elankidetza\\\/\",\"name\":\"UN Etxea implementar\u00e1 su Plan de Equidad con apoyo de eLankidetza - UN ETXEA\",\"isPartOf\":{\"@id\":\"https:\\\/\\\/unetxea.org\\\/#website\"},\"primaryImageOfPage\":{\"@id\":\"https:\\\/\\\/unetxea.org\\\/en\\\/un-etxea-implementara-su-plan-de-equidad-con-apoyo-de-elankidetza\\\/#primaryimage\"},\"image\":{\"@id\":\"https:\\\/\\\/unetxea.org\\\/en\\\/un-etxea-implementara-su-plan-de-equidad-con-apoyo-de-elankidetza\\\/#primaryimage\"},\"thumbnailUrl\":\"https:\\\/\\\/unetxea.org\\\/wp-content\\\/uploads\\\/2024\\\/10\\\/plangenero-elankidetza2024-1.jpg\",\"datePublished\":\"2024-10-15T10:25:24+00:00\",\"dateModified\":\"2024-10-28T10:27:33+00:00\",\"breadcrumb\":{\"@id\":\"https:\\\/\\\/unetxea.org\\\/en\\\/un-etxea-implementara-su-plan-de-equidad-con-apoyo-de-elankidetza\\\/#breadcrumb\"},\"inLanguage\":\"en-US\",\"potentialAction\":[{\"@type\":\"ReadAction\",\"target\":[\"https:\\\/\\\/unetxea.org\\\/en\\\/un-etxea-implementara-su-plan-de-equidad-con-apoyo-de-elankidetza\\\/\"]}]},{\"@type\":\"ImageObject\",\"inLanguage\":\"en-US\",\"@id\":\"https:\\\/\\\/unetxea.org\\\/en\\\/un-etxea-implementara-su-plan-de-equidad-con-apoyo-de-elankidetza\\\/#primaryimage\",\"url\":\"https:\\\/\\\/unetxea.org\\\/wp-content\\\/uploads\\\/2024\\\/10\\\/plangenero-elankidetza2024-1.jpg\",\"contentUrl\":\"https:\\\/\\\/unetxea.org\\\/wp-content\\\/uploads\\\/2024\\\/10\\\/plangenero-elankidetza2024-1.jpg\",\"width\":1000,\"height\":557},{\"@type\":\"BreadcrumbList\",\"@id\":\"https:\\\/\\\/unetxea.org\\\/en\\\/un-etxea-implementara-su-plan-de-equidad-con-apoyo-de-elankidetza\\\/#breadcrumb\",\"itemListElement\":[{\"@type\":\"ListItem\",\"position\":1,\"name\":\"Portada\",\"item\":\"https:\\\/\\\/unetxea.org\\\/en\\\/\"},{\"@type\":\"ListItem\",\"position\":2,\"name\":\"UN Etxea implementar\u00e1 su Plan de Equidad con apoyo de eLankidetza\"}]},{\"@type\":\"WebSite\",\"@id\":\"https:\\\/\\\/unetxea.org\\\/#website\",\"url\":\"https:\\\/\\\/unetxea.org\\\/\",\"name\":\"UN ETXEA\",\"description\":\"Asociaci\u00f3n del Pa\u00eds Vasco para la UNESCO\",\"publisher\":{\"@id\":\"https:\\\/\\\/unetxea.org\\\/#organization\"},\"potentialAction\":[{\"@type\":\"SearchAction\",\"target\":{\"@type\":\"EntryPoint\",\"urlTemplate\":\"https:\\\/\\\/unetxea.org\\\/?s={search_term_string}\"},\"query-input\":{\"@type\":\"PropertyValueSpecification\",\"valueRequired\":true,\"valueName\":\"search_term_string\"}}],\"inLanguage\":\"en-US\"},{\"@type\":\"Organization\",\"@id\":\"https:\\\/\\\/unetxea.org\\\/#organization\",\"name\":\"UN ETXEA\",\"url\":\"https:\\\/\\\/unetxea.org\\\/\",\"logo\":{\"@type\":\"ImageObject\",\"inLanguage\":\"en-US\",\"@id\":\"https:\\\/\\\/unetxea.org\\\/#\\\/schema\\\/logo\\\/image\\\/\",\"url\":\"https:\\\/\\\/unetxea.org\\\/wp-content\\\/uploads\\\/2025\\\/01\\\/logo-unetxea500.jpg\",\"contentUrl\":\"https:\\\/\\\/unetxea.org\\\/wp-content\\\/uploads\\\/2025\\\/01\\\/logo-unetxea500.jpg\",\"width\":500,\"height\":484,\"caption\":\"UN ETXEA\"},\"image\":{\"@id\":\"https:\\\/\\\/unetxea.org\\\/#\\\/schema\\\/logo\\\/image\\\/\"},\"sameAs\":[\"https:\\\/\\\/www.facebook.com\\\/UNetxea\\\/\",\"https:\\\/\\\/x.com\\\/UNetxea\",\"https:\\\/\\\/www.youtube.com\\\/@UNetxea\"]},{\"@type\":\"Person\",\"@id\":\"https:\\\/\\\/unetxea.org\\\/#\\\/schema\\\/person\\\/c115ec46e78902eb5e93b5ca0b96bd2d\",\"name\":\"UN Etxea\",\"image\":{\"@type\":\"ImageObject\",\"inLanguage\":\"en-US\",\"@id\":\"https:\\\/\\\/secure.gravatar.com\\\/avatar\\\/67b8d0f0ae884d096f535d6fbbb63507af5ec28b6be2d9db993a2e99f2855e18?s=96&d=mm&r=g\",\"url\":\"https:\\\/\\\/secure.gravatar.com\\\/avatar\\\/67b8d0f0ae884d096f535d6fbbb63507af5ec28b6be2d9db993a2e99f2855e18?s=96&d=mm&r=g\",\"contentUrl\":\"https:\\\/\\\/secure.gravatar.com\\\/avatar\\\/67b8d0f0ae884d096f535d6fbbb63507af5ec28b6be2d9db993a2e99f2855e18?s=96&d=mm&r=g\",\"caption\":\"UN Etxea\"},\"url\":\"https:\\\/\\\/unetxea.org\\\/en\\\/author\\\/nagusitxea\\\/\"}]}<\/script>\n<!-- \/ Yoast SEO plugin. -->","yoast_head_json":{"title":"UN Etxea implementar\u00e1 su Plan de Equidad con apoyo de eLankidetza - UN ETXEA","robots":{"index":"index","follow":"follow","max-snippet":"max-snippet:-1","max-image-preview":"max-image-preview:large","max-video-preview":"max-video-preview:-1"},"canonical":"https:\/\/unetxea.org\/en\/un-etxea-implementara-su-plan-de-equidad-con-apoyo-de-elankidetza\/","og_locale":"en_US","og_type":"article","og_title":"UN Etxea implementar\u00e1 su Plan de Equidad con apoyo de eLankidetza - UN ETXEA","og_description":"eLankidetza-Agencia Vasca de Cooperaci\u00f3n para el Desarrollo apoyar\u00e1 a nueve ONGD para que promuevan en su seno procesos y acciones que eliminen las desigualdades de g\u00e9nero que se puedan producir [&hellip;]","og_url":"https:\/\/unetxea.org\/en\/un-etxea-implementara-su-plan-de-equidad-con-apoyo-de-elankidetza\/","og_site_name":"UN ETXEA","article_publisher":"https:\/\/www.facebook.com\/UNetxea\/","article_published_time":"2024-10-15T10:25:24+00:00","article_modified_time":"2024-10-28T10:27:33+00:00","og_image":[{"width":1000,"height":557,"url":"https:\/\/unetxea.org\/wp-content\/uploads\/2024\/10\/plangenero-elankidetza2024-1.jpg","type":"image\/jpeg"}],"author":"UN Etxea","twitter_card":"summary_large_image","twitter_creator":"@UNetxea","twitter_site":"@UNetxea","twitter_misc":{"Written by":"UN Etxea","Est. reading time":"1 minute"},"schema":{"@context":"https:\/\/schema.org","@graph":[{"@type":"Article","@id":"https:\/\/unetxea.org\/en\/un-etxea-implementara-su-plan-de-equidad-con-apoyo-de-elankidetza\/#article","isPartOf":{"@id":"https:\/\/unetxea.org\/en\/un-etxea-implementara-su-plan-de-equidad-con-apoyo-de-elankidetza\/"},"author":{"name":"UN Etxea","@id":"https:\/\/unetxea.org\/#\/schema\/person\/c115ec46e78902eb5e93b5ca0b96bd2d"},"headline":"UN Etxea implementar\u00e1 su Plan de Equidad con apoyo de eLankidetza","datePublished":"2024-10-15T10:25:24+00:00","dateModified":"2024-10-28T10:27:33+00:00","mainEntityOfPage":{"@id":"https:\/\/unetxea.org\/en\/un-etxea-implementara-su-plan-de-equidad-con-apoyo-de-elankidetza\/"},"wordCount":231,"publisher":{"@id":"https:\/\/unetxea.org\/#organization"},"image":{"@id":"https:\/\/unetxea.org\/en\/un-etxea-implementara-su-plan-de-equidad-con-apoyo-de-elankidetza\/#primaryimage"},"thumbnailUrl":"https:\/\/unetxea.org\/wp-content\/uploads\/2024\/10\/plangenero-elankidetza2024-1.jpg","articleSection":["Gender"],"inLanguage":"en-US"},{"@type":"WebPage","@id":"https:\/\/unetxea.org\/en\/un-etxea-implementara-su-plan-de-equidad-con-apoyo-de-elankidetza\/","url":"https:\/\/unetxea.org\/en\/un-etxea-implementara-su-plan-de-equidad-con-apoyo-de-elankidetza\/","name":"UN Etxea implementar\u00e1 su Plan de Equidad con apoyo de eLankidetza - UN ETXEA","isPartOf":{"@id":"https:\/\/unetxea.org\/#website"},"primaryImageOfPage":{"@id":"https:\/\/unetxea.org\/en\/un-etxea-implementara-su-plan-de-equidad-con-apoyo-de-elankidetza\/#primaryimage"},"image":{"@id":"https:\/\/unetxea.org\/en\/un-etxea-implementara-su-plan-de-equidad-con-apoyo-de-elankidetza\/#primaryimage"},"thumbnailUrl":"https:\/\/unetxea.org\/wp-content\/uploads\/2024\/10\/plangenero-elankidetza2024-1.jpg","datePublished":"2024-10-15T10:25:24+00:00","dateModified":"2024-10-28T10:27:33+00:00","breadcrumb":{"@id":"https:\/\/unetxea.org\/en\/un-etxea-implementara-su-plan-de-equidad-con-apoyo-de-elankidetza\/#breadcrumb"},"inLanguage":"en-US","potentialAction":[{"@type":"ReadAction","target":["https:\/\/unetxea.org\/en\/un-etxea-implementara-su-plan-de-equidad-con-apoyo-de-elankidetza\/"]}]},{"@type":"ImageObject","inLanguage":"en-US","@id":"https:\/\/unetxea.org\/en\/un-etxea-implementara-su-plan-de-equidad-con-apoyo-de-elankidetza\/#primaryimage","url":"https:\/\/unetxea.org\/wp-content\/uploads\/2024\/10\/plangenero-elankidetza2024-1.jpg","contentUrl":"https:\/\/unetxea.org\/wp-content\/uploads\/2024\/10\/plangenero-elankidetza2024-1.jpg","width":1000,"height":557},{"@type":"BreadcrumbList","@id":"https:\/\/unetxea.org\/en\/un-etxea-implementara-su-plan-de-equidad-con-apoyo-de-elankidetza\/#breadcrumb","itemListElement":[{"@type":"ListItem","position":1,"name":"Portada","item":"https:\/\/unetxea.org\/en\/"},{"@type":"ListItem","position":2,"name":"UN Etxea implementar\u00e1 su Plan de Equidad con apoyo de eLankidetza"}]},{"@type":"WebSite","@id":"https:\/\/unetxea.org\/#website","url":"https:\/\/unetxea.org\/","name":"UN ETXEA","description":"Asociaci\u00f3n del Pa\u00eds Vasco para la UNESCO","publisher":{"@id":"https:\/\/unetxea.org\/#organization"},"potentialAction":[{"@type":"SearchAction","target":{"@type":"EntryPoint","urlTemplate":"https:\/\/unetxea.org\/?s={search_term_string}"},"query-input":{"@type":"PropertyValueSpecification","valueRequired":true,"valueName":"search_term_string"}}],"inLanguage":"en-US"},{"@type":"Organization","@id":"https:\/\/unetxea.org\/#organization","name":"UN ETXEA","url":"https:\/\/unetxea.org\/","logo":{"@type":"ImageObject","inLanguage":"en-US","@id":"https:\/\/unetxea.org\/#\/schema\/logo\/image\/","url":"https:\/\/unetxea.org\/wp-content\/uploads\/2025\/01\/logo-unetxea500.jpg","contentUrl":"https:\/\/unetxea.org\/wp-content\/uploads\/2025\/01\/logo-unetxea500.jpg","width":500,"height":484,"caption":"UN ETXEA"},"image":{"@id":"https:\/\/unetxea.org\/#\/schema\/logo\/image\/"},"sameAs":["https:\/\/www.facebook.com\/UNetxea\/","https:\/\/x.com\/UNetxea","https:\/\/www.youtube.com\/@UNetxea"]},{"@type":"Person","@id":"https:\/\/unetxea.org\/#\/schema\/person\/c115ec46e78902eb5e93b5ca0b96bd2d","name":"UN Etxea","image":{"@type":"ImageObject","inLanguage":"en-US","@id":"https:\/\/secure.gravatar.com\/avatar\/67b8d0f0ae884d096f535d6fbbb63507af5ec28b6be2d9db993a2e99f2855e18?s=96&d=mm&r=g","url":"https:\/\/secure.gravatar.com\/avatar\/67b8d0f0ae884d096f535d6fbbb63507af5ec28b6be2d9db993a2e99f2855e18?s=96&d=mm&r=g","contentUrl":"https:\/\/secure.gravatar.com\/avatar\/67b8d0f0ae884d096f535d6fbbb63507af5ec28b6be2d9db993a2e99f2855e18?s=96&d=mm&r=g","caption":"UN Etxea"},"url":"https:\/\/unetxea.org\/en\/author\/nagusitxea\/"}]}},"_links":{"self":[{"href":"https:\/\/unetxea.org\/en\/wp-json\/wp\/v2\/posts\/10321","targetHints":{"allow":["GET"]}}],"collection":[{"href":"https:\/\/unetxea.org\/en\/wp-json\/wp\/v2\/posts"}],"about":[{"href":"https:\/\/unetxea.org\/en\/wp-json\/wp\/v2\/types\/post"}],"author":[{"embeddable":true,"href":"https:\/\/unetxea.org\/en\/wp-json\/wp\/v2\/users\/2"}],"replies":[{"embeddable":true,"href":"https:\/\/unetxea.org\/en\/wp-json\/wp\/v2\/comments?post=10321"}],"version-history":[{"count":1,"href":"https:\/\/unetxea.org\/en\/wp-json\/wp\/v2\/posts\/10321\/revisions"}],"predecessor-version":[{"id":10324,"href":"https:\/\/unetxea.org\/en\/wp-json\/wp\/v2\/posts\/10321\/revisions\/10324"}],"wp:featuredmedia":[{"embeddable":true,"href":"https:\/\/unetxea.org\/en\/wp-json\/wp\/v2\/media\/10318"}],"wp:attachment":[{"href":"https:\/\/unetxea.org\/en\/wp-json\/wp\/v2\/media?parent=10321"}],"wp:term":[{"taxonomy":"category","embeddable":true,"href":"https:\/\/unetxea.org\/en\/wp-json\/wp\/v2\/categories?post=10321"},{"taxonomy":"post_tag","embeddable":true,"href":"https:\/\/unetxea.org\/en\/wp-json\/wp\/v2\/tags?post=10321"}],"curies":[{"name":"wp","href":"https:\/\/api.w.org\/{rel}","templated":true}]}}