{"id":10333,"date":"2024-10-15T13:17:58","date_gmt":"2024-10-15T11:17:58","guid":{"rendered":"https:\/\/unetxea.org\/?p=10333"},"modified":"2024-11-06T09:17:28","modified_gmt":"2024-11-06T08:17:28","slug":"primera-reunion-autonomica-del-curso-con-las-escuelas-asociadas-de-la-unesco-en-euskadi","status":"publish","type":"post","link":"https:\/\/unetxea.org\/en\/primera-reunion-autonomica-del-curso-con-las-escuelas-asociadas-de-la-unesco-en-euskadi\/","title":{"rendered":"Primera reuni\u00f3n auton\u00f3mica del curso con las escuelas asociadas de la UNESCO en Euskadi"},"content":{"rendered":"<p>El pasado 7 de octubre, nos reunimos con las Escuelas Asociadas de la UNESCO en Euskadi en el Colegio Nuestra Se\u00f1ora del Carmen Indautxu por primera vez en este curso escolar 2024\/2025.<\/p>\n<p>&nbsp;<\/p>\n<p>Entre los temas tratados, compartimos la hoja de ruta para trabajar juntas este curso en torno a los 3 \u00e1mbitos tem\u00e1ticos de la UNESCO: Sostenibilidad, Educaci\u00f3n para la Ciudadan\u00eda Mundial y Patrimonio y di\u00e1logo intercultural.<\/p>\n<p>&nbsp;<\/p>\n<p>El 80 aniversario de la liberaci\u00f3n de Auschwitz, as\u00ed como de los bombardeos at\u00f3micos de Hiroshima y Nagasaki; los retos ambientales y sociales a los que nos enfrentamos en la actualidad como la contaminaci\u00f3n de nuestros mares y r\u00edos; o la importancia del patrimonio inmaterial, de nuestras m\u00fasicas y tradiciones, son algunas de las propuestas que trabajaran las escuelas este a\u00f1o.<\/p>\n<p>&nbsp;<\/p>\n<p>Adem\u00e1s, entre los hitos de este curso acad\u00e9mico destacamos el 2025 como A\u00f1o Internacional de la Paz y la Confianza, declarado por la Asamblea General de las Naciones Unidas.<\/p>\n<p>&nbsp;<\/p>\n<p>M\u00e1s informaci\u00f3n sobre la Red: <a href=\"https:\/\/unetxea.org\/dokumentuak\/redpea.htm\">https:\/\/unetxea.org\/dokumentuak\/redpea.htm<\/a><\/p>\n<p>&nbsp;<\/p>\n<p>&nbsp;<\/p>\n<p><em>* Imagen &#8211; Izda. a Dcha.: Nieves Fern\u00e1ndez (Artxandape ikastola), Isaak Aranberri (Zumaiena ikastetxea), Mar\u00eda Ulibarri (Berrio-Otxoa ikastetxea), Amaia Navarro (Toki Alai BHI), Sonia Acero (Santa Mar\u00eda Portugalete ikastetxea), Ana Unzurrunzaga (Nuestra Se\u00f1ora del Carmen ikastetxea), Eva Quiroga (UN Etxea) y Jonan G\u00f3mez (Lauro ikastola).<\/em><\/p>\n<p>&nbsp;<\/p>\n","protected":false},"excerpt":{"rendered":"<p>El pasado 7 de octubre, nos reunimos con las Escuelas Asociadas de la UNESCO en Euskadi en el Colegio Nuestra Se\u00f1ora del Carmen Indautxu por primera vez en este curso [&hellip;]<\/p>\n","protected":false},"author":2,"featured_media":10339,"comment_status":"closed","ping_status":"closed","sticky":false,"template":"","format":"standard","meta":{"footnotes":""},"categories":[81],"tags":[],"class_list":["post-10333","post","type-post","status-publish","format-standard","has-post-thumbnail","hentry","category-education"],"yoast_head":"<!-- This site is optimized with the Yoast SEO plugin v27.5 - https:\/\/yoast.com\/product\/yoast-seo-wordpress\/ -->\n<title>Primera reuni\u00f3n auton\u00f3mica del curso con las escuelas asociadas de la UNESCO en Euskadi - UN ETXEA<\/title>\n<meta name=\"robots\" content=\"index, follow, max-snippet:-1, max-image-preview:large, max-video-preview:-1\" \/>\n<link rel=\"canonical\" href=\"https:\/\/unetxea.org\/en\/primera-reunion-autonomica-del-curso-con-las-escuelas-asociadas-de-la-unesco-en-euskadi\/\" \/>\n<meta property=\"og:locale\" content=\"en_US\" \/>\n<meta property=\"og:type\" content=\"article\" \/>\n<meta property=\"og:title\" content=\"Primera reuni\u00f3n auton\u00f3mica del curso con las escuelas asociadas de la UNESCO en Euskadi - UN ETXEA\" \/>\n<meta property=\"og:description\" content=\"El pasado 7 de octubre, nos reunimos con las Escuelas Asociadas de la UNESCO en Euskadi en el Colegio Nuestra Se\u00f1ora del Carmen Indautxu por primera vez en este curso [&hellip;]\" \/>\n<meta property=\"og:url\" content=\"https:\/\/unetxea.org\/en\/primera-reunion-autonomica-del-curso-con-las-escuelas-asociadas-de-la-unesco-en-euskadi\/\" \/>\n<meta property=\"og:site_name\" content=\"UN ETXEA\" \/>\n<meta property=\"article:publisher\" content=\"https:\/\/www.facebook.com\/UNetxea\/\" \/>\n<meta property=\"article:published_time\" content=\"2024-10-15T11:17:58+00:00\" \/>\n<meta property=\"article:modified_time\" content=\"2024-11-06T08:17:28+00:00\" \/>\n<meta property=\"og:image\" content=\"https:\/\/unetxea.org\/wp-content\/uploads\/2024\/10\/redPEAeuskadi-octubre2024-2.jpg\" \/>\n\t<meta property=\"og:image:width\" content=\"1210\" \/>\n\t<meta property=\"og:image:height\" content=\"557\" \/>\n\t<meta property=\"og:image:type\" content=\"image\/jpeg\" \/>\n<meta name=\"author\" content=\"UN Etxea\" \/>\n<meta name=\"twitter:card\" content=\"summary_large_image\" \/>\n<meta name=\"twitter:creator\" content=\"@UNetxea\" \/>\n<meta name=\"twitter:site\" content=\"@UNetxea\" \/>\n<meta name=\"twitter:label1\" content=\"Written by\" \/>\n\t<meta name=\"twitter:data1\" content=\"UN Etxea\" \/>\n\t<meta name=\"twitter:label2\" content=\"Est. reading time\" \/>\n\t<meta name=\"twitter:data2\" content=\"1 minute\" \/>\n<script type=\"application\/ld+json\" class=\"yoast-schema-graph\">{\"@context\":\"https:\\\/\\\/schema.org\",\"@graph\":[{\"@type\":\"Article\",\"@id\":\"https:\\\/\\\/unetxea.org\\\/en\\\/primera-reunion-autonomica-del-curso-con-las-escuelas-asociadas-de-la-unesco-en-euskadi\\\/#article\",\"isPartOf\":{\"@id\":\"https:\\\/\\\/unetxea.org\\\/en\\\/primera-reunion-autonomica-del-curso-con-las-escuelas-asociadas-de-la-unesco-en-euskadi\\\/\"},\"author\":{\"name\":\"UN Etxea\",\"@id\":\"https:\\\/\\\/unetxea.org\\\/#\\\/schema\\\/person\\\/c115ec46e78902eb5e93b5ca0b96bd2d\"},\"headline\":\"Primera reuni\u00f3n auton\u00f3mica del curso con las escuelas asociadas de la UNESCO en Euskadi\",\"datePublished\":\"2024-10-15T11:17:58+00:00\",\"dateModified\":\"2024-11-06T08:17:28+00:00\",\"mainEntityOfPage\":{\"@id\":\"https:\\\/\\\/unetxea.org\\\/en\\\/primera-reunion-autonomica-del-curso-con-las-escuelas-asociadas-de-la-unesco-en-euskadi\\\/\"},\"wordCount\":251,\"publisher\":{\"@id\":\"https:\\\/\\\/unetxea.org\\\/#organization\"},\"image\":{\"@id\":\"https:\\\/\\\/unetxea.org\\\/en\\\/primera-reunion-autonomica-del-curso-con-las-escuelas-asociadas-de-la-unesco-en-euskadi\\\/#primaryimage\"},\"thumbnailUrl\":\"https:\\\/\\\/unetxea.org\\\/wp-content\\\/uploads\\\/2024\\\/10\\\/redPEAeuskadi-octubre2024-2.jpg\",\"articleSection\":[\"Education\"],\"inLanguage\":\"en-US\"},{\"@type\":\"WebPage\",\"@id\":\"https:\\\/\\\/unetxea.org\\\/en\\\/primera-reunion-autonomica-del-curso-con-las-escuelas-asociadas-de-la-unesco-en-euskadi\\\/\",\"url\":\"https:\\\/\\\/unetxea.org\\\/en\\\/primera-reunion-autonomica-del-curso-con-las-escuelas-asociadas-de-la-unesco-en-euskadi\\\/\",\"name\":\"Primera reuni\u00f3n auton\u00f3mica del curso con las escuelas asociadas de la UNESCO en Euskadi - UN ETXEA\",\"isPartOf\":{\"@id\":\"https:\\\/\\\/unetxea.org\\\/#website\"},\"primaryImageOfPage\":{\"@id\":\"https:\\\/\\\/unetxea.org\\\/en\\\/primera-reunion-autonomica-del-curso-con-las-escuelas-asociadas-de-la-unesco-en-euskadi\\\/#primaryimage\"},\"image\":{\"@id\":\"https:\\\/\\\/unetxea.org\\\/en\\\/primera-reunion-autonomica-del-curso-con-las-escuelas-asociadas-de-la-unesco-en-euskadi\\\/#primaryimage\"},\"thumbnailUrl\":\"https:\\\/\\\/unetxea.org\\\/wp-content\\\/uploads\\\/2024\\\/10\\\/redPEAeuskadi-octubre2024-2.jpg\",\"datePublished\":\"2024-10-15T11:17:58+00:00\",\"dateModified\":\"2024-11-06T08:17:28+00:00\",\"breadcrumb\":{\"@id\":\"https:\\\/\\\/unetxea.org\\\/en\\\/primera-reunion-autonomica-del-curso-con-las-escuelas-asociadas-de-la-unesco-en-euskadi\\\/#breadcrumb\"},\"inLanguage\":\"en-US\",\"potentialAction\":[{\"@type\":\"ReadAction\",\"target\":[\"https:\\\/\\\/unetxea.org\\\/en\\\/primera-reunion-autonomica-del-curso-con-las-escuelas-asociadas-de-la-unesco-en-euskadi\\\/\"]}]},{\"@type\":\"ImageObject\",\"inLanguage\":\"en-US\",\"@id\":\"https:\\\/\\\/unetxea.org\\\/en\\\/primera-reunion-autonomica-del-curso-con-las-escuelas-asociadas-de-la-unesco-en-euskadi\\\/#primaryimage\",\"url\":\"https:\\\/\\\/unetxea.org\\\/wp-content\\\/uploads\\\/2024\\\/10\\\/redPEAeuskadi-octubre2024-2.jpg\",\"contentUrl\":\"https:\\\/\\\/unetxea.org\\\/wp-content\\\/uploads\\\/2024\\\/10\\\/redPEAeuskadi-octubre2024-2.jpg\",\"width\":1210,\"height\":557},{\"@type\":\"BreadcrumbList\",\"@id\":\"https:\\\/\\\/unetxea.org\\\/en\\\/primera-reunion-autonomica-del-curso-con-las-escuelas-asociadas-de-la-unesco-en-euskadi\\\/#breadcrumb\",\"itemListElement\":[{\"@type\":\"ListItem\",\"position\":1,\"name\":\"Portada\",\"item\":\"https:\\\/\\\/unetxea.org\\\/en\\\/\"},{\"@type\":\"ListItem\",\"position\":2,\"name\":\"Primera reuni\u00f3n auton\u00f3mica del curso con las escuelas asociadas de la UNESCO en Euskadi\"}]},{\"@type\":\"WebSite\",\"@id\":\"https:\\\/\\\/unetxea.org\\\/#website\",\"url\":\"https:\\\/\\\/unetxea.org\\\/\",\"name\":\"UN ETXEA\",\"description\":\"Asociaci\u00f3n del Pa\u00eds Vasco para la UNESCO\",\"publisher\":{\"@id\":\"https:\\\/\\\/unetxea.org\\\/#organization\"},\"potentialAction\":[{\"@type\":\"SearchAction\",\"target\":{\"@type\":\"EntryPoint\",\"urlTemplate\":\"https:\\\/\\\/unetxea.org\\\/?s={search_term_string}\"},\"query-input\":{\"@type\":\"PropertyValueSpecification\",\"valueRequired\":true,\"valueName\":\"search_term_string\"}}],\"inLanguage\":\"en-US\"},{\"@type\":\"Organization\",\"@id\":\"https:\\\/\\\/unetxea.org\\\/#organization\",\"name\":\"UN ETXEA\",\"url\":\"https:\\\/\\\/unetxea.org\\\/\",\"logo\":{\"@type\":\"ImageObject\",\"inLanguage\":\"en-US\",\"@id\":\"https:\\\/\\\/unetxea.org\\\/#\\\/schema\\\/logo\\\/image\\\/\",\"url\":\"https:\\\/\\\/unetxea.org\\\/wp-content\\\/uploads\\\/2025\\\/01\\\/logo-unetxea500.jpg\",\"contentUrl\":\"https:\\\/\\\/unetxea.org\\\/wp-content\\\/uploads\\\/2025\\\/01\\\/logo-unetxea500.jpg\",\"width\":500,\"height\":484,\"caption\":\"UN ETXEA\"},\"image\":{\"@id\":\"https:\\\/\\\/unetxea.org\\\/#\\\/schema\\\/logo\\\/image\\\/\"},\"sameAs\":[\"https:\\\/\\\/www.facebook.com\\\/UNetxea\\\/\",\"https:\\\/\\\/x.com\\\/UNetxea\",\"https:\\\/\\\/www.youtube.com\\\/@UNetxea\"]},{\"@type\":\"Person\",\"@id\":\"https:\\\/\\\/unetxea.org\\\/#\\\/schema\\\/person\\\/c115ec46e78902eb5e93b5ca0b96bd2d\",\"name\":\"UN Etxea\",\"image\":{\"@type\":\"ImageObject\",\"inLanguage\":\"en-US\",\"@id\":\"https:\\\/\\\/secure.gravatar.com\\\/avatar\\\/67b8d0f0ae884d096f535d6fbbb63507af5ec28b6be2d9db993a2e99f2855e18?s=96&d=mm&r=g\",\"url\":\"https:\\\/\\\/secure.gravatar.com\\\/avatar\\\/67b8d0f0ae884d096f535d6fbbb63507af5ec28b6be2d9db993a2e99f2855e18?s=96&d=mm&r=g\",\"contentUrl\":\"https:\\\/\\\/secure.gravatar.com\\\/avatar\\\/67b8d0f0ae884d096f535d6fbbb63507af5ec28b6be2d9db993a2e99f2855e18?s=96&d=mm&r=g\",\"caption\":\"UN Etxea\"},\"url\":\"https:\\\/\\\/unetxea.org\\\/en\\\/author\\\/nagusitxea\\\/\"}]}<\/script>\n<!-- \/ Yoast SEO plugin. -->","yoast_head_json":{"title":"Primera reuni\u00f3n auton\u00f3mica del curso con las escuelas asociadas de la UNESCO en Euskadi - UN ETXEA","robots":{"index":"index","follow":"follow","max-snippet":"max-snippet:-1","max-image-preview":"max-image-preview:large","max-video-preview":"max-video-preview:-1"},"canonical":"https:\/\/unetxea.org\/en\/primera-reunion-autonomica-del-curso-con-las-escuelas-asociadas-de-la-unesco-en-euskadi\/","og_locale":"en_US","og_type":"article","og_title":"Primera reuni\u00f3n auton\u00f3mica del curso con las escuelas asociadas de la UNESCO en Euskadi - UN ETXEA","og_description":"El pasado 7 de octubre, nos reunimos con las Escuelas Asociadas de la UNESCO en Euskadi en el Colegio Nuestra Se\u00f1ora del Carmen Indautxu por primera vez en este curso [&hellip;]","og_url":"https:\/\/unetxea.org\/en\/primera-reunion-autonomica-del-curso-con-las-escuelas-asociadas-de-la-unesco-en-euskadi\/","og_site_name":"UN ETXEA","article_publisher":"https:\/\/www.facebook.com\/UNetxea\/","article_published_time":"2024-10-15T11:17:58+00:00","article_modified_time":"2024-11-06T08:17:28+00:00","og_image":[{"width":1210,"height":557,"url":"https:\/\/unetxea.org\/wp-content\/uploads\/2024\/10\/redPEAeuskadi-octubre2024-2.jpg","type":"image\/jpeg"}],"author":"UN Etxea","twitter_card":"summary_large_image","twitter_creator":"@UNetxea","twitter_site":"@UNetxea","twitter_misc":{"Written by":"UN Etxea","Est. reading time":"1 minute"},"schema":{"@context":"https:\/\/schema.org","@graph":[{"@type":"Article","@id":"https:\/\/unetxea.org\/en\/primera-reunion-autonomica-del-curso-con-las-escuelas-asociadas-de-la-unesco-en-euskadi\/#article","isPartOf":{"@id":"https:\/\/unetxea.org\/en\/primera-reunion-autonomica-del-curso-con-las-escuelas-asociadas-de-la-unesco-en-euskadi\/"},"author":{"name":"UN Etxea","@id":"https:\/\/unetxea.org\/#\/schema\/person\/c115ec46e78902eb5e93b5ca0b96bd2d"},"headline":"Primera reuni\u00f3n auton\u00f3mica del curso con las escuelas asociadas de la UNESCO en Euskadi","datePublished":"2024-10-15T11:17:58+00:00","dateModified":"2024-11-06T08:17:28+00:00","mainEntityOfPage":{"@id":"https:\/\/unetxea.org\/en\/primera-reunion-autonomica-del-curso-con-las-escuelas-asociadas-de-la-unesco-en-euskadi\/"},"wordCount":251,"publisher":{"@id":"https:\/\/unetxea.org\/#organization"},"image":{"@id":"https:\/\/unetxea.org\/en\/primera-reunion-autonomica-del-curso-con-las-escuelas-asociadas-de-la-unesco-en-euskadi\/#primaryimage"},"thumbnailUrl":"https:\/\/unetxea.org\/wp-content\/uploads\/2024\/10\/redPEAeuskadi-octubre2024-2.jpg","articleSection":["Education"],"inLanguage":"en-US"},{"@type":"WebPage","@id":"https:\/\/unetxea.org\/en\/primera-reunion-autonomica-del-curso-con-las-escuelas-asociadas-de-la-unesco-en-euskadi\/","url":"https:\/\/unetxea.org\/en\/primera-reunion-autonomica-del-curso-con-las-escuelas-asociadas-de-la-unesco-en-euskadi\/","name":"Primera reuni\u00f3n auton\u00f3mica del curso con las escuelas asociadas de la UNESCO en Euskadi - UN ETXEA","isPartOf":{"@id":"https:\/\/unetxea.org\/#website"},"primaryImageOfPage":{"@id":"https:\/\/unetxea.org\/en\/primera-reunion-autonomica-del-curso-con-las-escuelas-asociadas-de-la-unesco-en-euskadi\/#primaryimage"},"image":{"@id":"https:\/\/unetxea.org\/en\/primera-reunion-autonomica-del-curso-con-las-escuelas-asociadas-de-la-unesco-en-euskadi\/#primaryimage"},"thumbnailUrl":"https:\/\/unetxea.org\/wp-content\/uploads\/2024\/10\/redPEAeuskadi-octubre2024-2.jpg","datePublished":"2024-10-15T11:17:58+00:00","dateModified":"2024-11-06T08:17:28+00:00","breadcrumb":{"@id":"https:\/\/unetxea.org\/en\/primera-reunion-autonomica-del-curso-con-las-escuelas-asociadas-de-la-unesco-en-euskadi\/#breadcrumb"},"inLanguage":"en-US","potentialAction":[{"@type":"ReadAction","target":["https:\/\/unetxea.org\/en\/primera-reunion-autonomica-del-curso-con-las-escuelas-asociadas-de-la-unesco-en-euskadi\/"]}]},{"@type":"ImageObject","inLanguage":"en-US","@id":"https:\/\/unetxea.org\/en\/primera-reunion-autonomica-del-curso-con-las-escuelas-asociadas-de-la-unesco-en-euskadi\/#primaryimage","url":"https:\/\/unetxea.org\/wp-content\/uploads\/2024\/10\/redPEAeuskadi-octubre2024-2.jpg","contentUrl":"https:\/\/unetxea.org\/wp-content\/uploads\/2024\/10\/redPEAeuskadi-octubre2024-2.jpg","width":1210,"height":557},{"@type":"BreadcrumbList","@id":"https:\/\/unetxea.org\/en\/primera-reunion-autonomica-del-curso-con-las-escuelas-asociadas-de-la-unesco-en-euskadi\/#breadcrumb","itemListElement":[{"@type":"ListItem","position":1,"name":"Portada","item":"https:\/\/unetxea.org\/en\/"},{"@type":"ListItem","position":2,"name":"Primera reuni\u00f3n auton\u00f3mica del curso con las escuelas asociadas de la UNESCO en Euskadi"}]},{"@type":"WebSite","@id":"https:\/\/unetxea.org\/#website","url":"https:\/\/unetxea.org\/","name":"UN ETXEA","description":"Asociaci\u00f3n del Pa\u00eds Vasco para la UNESCO","publisher":{"@id":"https:\/\/unetxea.org\/#organization"},"potentialAction":[{"@type":"SearchAction","target":{"@type":"EntryPoint","urlTemplate":"https:\/\/unetxea.org\/?s={search_term_string}"},"query-input":{"@type":"PropertyValueSpecification","valueRequired":true,"valueName":"search_term_string"}}],"inLanguage":"en-US"},{"@type":"Organization","@id":"https:\/\/unetxea.org\/#organization","name":"UN ETXEA","url":"https:\/\/unetxea.org\/","logo":{"@type":"ImageObject","inLanguage":"en-US","@id":"https:\/\/unetxea.org\/#\/schema\/logo\/image\/","url":"https:\/\/unetxea.org\/wp-content\/uploads\/2025\/01\/logo-unetxea500.jpg","contentUrl":"https:\/\/unetxea.org\/wp-content\/uploads\/2025\/01\/logo-unetxea500.jpg","width":500,"height":484,"caption":"UN ETXEA"},"image":{"@id":"https:\/\/unetxea.org\/#\/schema\/logo\/image\/"},"sameAs":["https:\/\/www.facebook.com\/UNetxea\/","https:\/\/x.com\/UNetxea","https:\/\/www.youtube.com\/@UNetxea"]},{"@type":"Person","@id":"https:\/\/unetxea.org\/#\/schema\/person\/c115ec46e78902eb5e93b5ca0b96bd2d","name":"UN Etxea","image":{"@type":"ImageObject","inLanguage":"en-US","@id":"https:\/\/secure.gravatar.com\/avatar\/67b8d0f0ae884d096f535d6fbbb63507af5ec28b6be2d9db993a2e99f2855e18?s=96&d=mm&r=g","url":"https:\/\/secure.gravatar.com\/avatar\/67b8d0f0ae884d096f535d6fbbb63507af5ec28b6be2d9db993a2e99f2855e18?s=96&d=mm&r=g","contentUrl":"https:\/\/secure.gravatar.com\/avatar\/67b8d0f0ae884d096f535d6fbbb63507af5ec28b6be2d9db993a2e99f2855e18?s=96&d=mm&r=g","caption":"UN Etxea"},"url":"https:\/\/unetxea.org\/en\/author\/nagusitxea\/"}]}},"_links":{"self":[{"href":"https:\/\/unetxea.org\/en\/wp-json\/wp\/v2\/posts\/10333","targetHints":{"allow":["GET"]}}],"collection":[{"href":"https:\/\/unetxea.org\/en\/wp-json\/wp\/v2\/posts"}],"about":[{"href":"https:\/\/unetxea.org\/en\/wp-json\/wp\/v2\/types\/post"}],"author":[{"embeddable":true,"href":"https:\/\/unetxea.org\/en\/wp-json\/wp\/v2\/users\/2"}],"replies":[{"embeddable":true,"href":"https:\/\/unetxea.org\/en\/wp-json\/wp\/v2\/comments?post=10333"}],"version-history":[{"count":1,"href":"https:\/\/unetxea.org\/en\/wp-json\/wp\/v2\/posts\/10333\/revisions"}],"predecessor-version":[{"id":10336,"href":"https:\/\/unetxea.org\/en\/wp-json\/wp\/v2\/posts\/10333\/revisions\/10336"}],"wp:featuredmedia":[{"embeddable":true,"href":"https:\/\/unetxea.org\/en\/wp-json\/wp\/v2\/media\/10339"}],"wp:attachment":[{"href":"https:\/\/unetxea.org\/en\/wp-json\/wp\/v2\/media?parent=10333"}],"wp:term":[{"taxonomy":"category","embeddable":true,"href":"https:\/\/unetxea.org\/en\/wp-json\/wp\/v2\/categories?post=10333"},{"taxonomy":"post_tag","embeddable":true,"href":"https:\/\/unetxea.org\/en\/wp-json\/wp\/v2\/tags?post=10333"}],"curies":[{"name":"wp","href":"https:\/\/api.w.org\/{rel}","templated":true}]}}