{"id":12412,"date":"2025-11-06T11:35:51","date_gmt":"2025-11-06T10:35:51","guid":{"rendered":"https:\/\/unetxea.org\/?p=12412"},"modified":"2025-11-28T12:48:04","modified_gmt":"2025-11-28T11:48:04","slug":"conferencia-mundial-celebra-el-20o-aniversario-de-la-red-global-de-rces","status":"publish","type":"post","link":"https:\/\/unetxea.org\/en\/conferencia-mundial-celebra-el-20o-aniversario-de-la-red-global-de-rces\/","title":{"rendered":"Conferencia Mundial celebra el 20\u00ba aniversario de la Red Global de RCEs"},"content":{"rendered":"<p>Del 21 al 23 de octubre de 2025 se celebr\u00f3 en Okayama (Jap\u00f3n) la 14\u00aa Conferencia Mundial de Regional Centres of Expertise (RCE) en Educaci\u00f3n para el Desarrollo Sostenible (EDS), reuniendo a m\u00e1s de 260 participantes de todo el mundo. Coincidiendo con el 20\u00ba aniversario de la Red Mundial de RCEs, el evento sirvi\u00f3 para reflexionar sobre dos d\u00e9cadas de acci\u00f3n e innovaci\u00f3n de los RCEs, al tiempo que se trazaba el rumbo para los pr\u00f3ximos a\u00f1os.<\/p>\n<p>&nbsp;<\/p>\n<p>La conferencia se inaugur\u00f3 con un mensaje en v\u00eddeo por parte de Tshilidzi Marwala (rector de la <a href=\"https:\/\/unu.edu\/\"><strong>United Nations University<\/strong><\/a> en el que destac\u00f3 c\u00f3mo el <a href=\"https:\/\/unu.edu\/ias\/global-rce-network\"><strong>Global RCE Network<\/strong><\/a> ha ejemplificado el aprendizaje de las comunidades locales como motor del necesario cambio sist\u00e9mico.<\/p>\n<p>&nbsp;<\/p>\n<p>Masao Omori (alcalde de la <a href=\"https:\/\/www-city-okayama-jp.j-server.com\/LUCOKYMC\/ns\/tl.cgi\/https:\/www.city.okayama.jp\/?SLANG=ja&amp;TLANG=es&amp;XMODE=0&amp;XCHARSET=utf-8&amp;XJSID=0\">Ciudad de Okayama<\/a>) dio la bienvenida a los participantes a la ciudad y destac\u00f3 c\u00f3mo el RCE Okayama, uno de los RCE originales establecidos en 2005, en el inicio del <a href=\"https:\/\/unesdoc.unesco.org\/ark:\/48223\/pf0000141629.locale=es\">\u00a0I Decenio de las Naciones Unidas para la Educaci\u00f3n para el Desarrollo Sostenible<\/a>, reflejando el compromiso duradero de la ciudad con el avance de la sostenibilidad a trav\u00e9s de programas impulsados por la comunidad.<\/p>\n<p>&nbsp;<\/p>\n<p>Kazutaka Kurobe (Director de la Oficina de Educaci\u00f3n Ambiental del <a href=\"https:\/\/www.env.go.jp\/en\/\">Ministerio de Medio Ambiente de Jap\u00f3n<\/a>) felicit\u00f3 a la Red Global de RCEs por su 20\u00ba aniversario y destac\u00f3 el \u00e9xito de la red a la hora de demostrar el poder de la colaboraci\u00f3n local e internacional.<\/p>\n<p>&nbsp;<\/p>\n<p>Shinobu Yume Yamaguchi (Directora del Instituto para el Estudio Avanzado de la Sostenibilidad de la Universidad de las Naciones Unidas, <a href=\"https:\/\/unu.edu\/ias\"><strong>UNU-IAS | United Nations University<\/strong><\/a>) anunci\u00f3 una nueva publicaci\u00f3n titulada que, bajo el t\u00edtulo \u201c<a href=\"https:\/\/unu.edu\/publication\/learning-collaborating-and-transforming-20-year-journey-global-rce-network\"><strong>Learning, Collaborating and Transforming: The 20-Year Journey of the Global RCE Network<\/strong><\/a>\u201d (Aprender, colaborar y transformar: el recorrido de 20 a\u00f1os de la Red Mundial de RCEs), que celebra los logros colectivos de la red y hace un llamamiento a la acci\u00f3n para seguir promoviendo la EDS.<\/p>\n<p>&nbsp;<\/p>\n<p>Las sesiones magistrales destacaron el papel transformador de la educaci\u00f3n para la sostenibilidad. El pionero de la RCE, Dzulkifli Abdul Razak (antiguo rector de la Universidad Isl\u00e1mica Internacional de Malasia), reflexion\u00f3 sobre la trayectoria de la red y la evoluci\u00f3n de las \u201ccomuniversidades\u201d como modelos de aprendizaje comprometidos con la comunidad.<\/p>\n<p>&nbsp;<\/p>\n<p>Su <a href=\"https:\/\/www.princess-abze.org\/about-h-r-h-princess-abze-djigma\/\">Alteza Real la Princesa Abze Djigma de Burkina Faso<\/a> habl\u00f3 sobre la importancia del aprendizaje inclusivo y permanente que comienza desde el nacimiento, y destac\u00f3 la sabidur\u00eda local y la equidad como fundamentos de comunidades resilientes y pr\u00f3speras.<\/p>\n<p>&nbsp;<\/p>\n<p>Las sesiones plenarias reunieron a l\u00edderes de los RCEs de todas las regiones del mundo para debatir las mejores pr\u00e1cticas y las lecciones aprendidas durante las pasadas dos d\u00e9cadas de colaboraci\u00f3n.<\/p>\n<p>&nbsp;<\/p>\n<p>Los y las coordinadores y coordinadoras regionales de juventud compartieron iniciativas innovadoras lideradas por personas j\u00f3venes, subrayando su papel central como cocreadores de soluciones sostenibles y catalizadores del aprendizaje intergeneracional.<\/p>\n<p>&nbsp;<\/p>\n<p>Las sesiones paralelas exploraron una amplia gama de temas, desde la pol\u00edtica y la pedagog\u00eda hasta la participaci\u00f3n de la comunidad y el papel de las tecnolog\u00edas emergentes, destacando la amplitud de enfoques dentro de la comunidad global de los RCE.<\/p>\n<p>&nbsp;<\/p>\n<p>En el marco de una de estas sesiones paralelas, el <a href=\"https:\/\/www.factoria-4-7.org\/rce-basque-country-navarre\/\">RCE Basque Country \u2013 Navarre<\/a>, representado por UN ETXEA, <a href=\"https:\/\/www.egibide.org\/\">Egibide<\/a> y <a href=\"https:\/\/zabalketa.org\/\">Zabalketa<\/a>, junto al <a href=\"https:\/\/learningforsustainabilityscotland.org\/rce-network\/\">RCE Scotland<\/a> y al <a href=\"https:\/\/sparkthemovement.nl\/en\/rce-fryslan\/\">RCE Frysl\u00e2n<\/a> (Pa\u00edses Bajos) facilit\u00f3 un taller que, bajo el t\u00edtulo \u201cAprendizaje m\u00e1s all\u00e1 de 2030: Integrando la EDS en la vida cotidiana\u201d, invit\u00f3 y estimul\u00f3 a sus participantes a imaginar el mundo de la EDS despu\u00e9s de 2030.<\/p>\n\n\t\t<style type=\"text\/css\">\n\t\t\t#gallery-1 {\n\t\t\t\tmargin: auto;\n\t\t\t}\n\t\t\t#gallery-1 .gallery-item {\n\t\t\t\tfloat: left;\n\t\t\t\tmargin-top: 10px;\n\t\t\t\ttext-align: center;\n\t\t\t\twidth: 100%;\n\t\t\t}\n\t\t\t#gallery-1 img {\n\t\t\t\tborder: 2px solid #cfcfcf;\n\t\t\t}\n\t\t\t#gallery-1 .gallery-caption {\n\t\t\t\tmargin-left: 0;\n\t\t\t}\n\t\t\t\/* see gallery_shortcode() in wp-includes\/media.php *\/\n\t\t<\/style>\n\t\t<div id='gallery-1' class='gallery galleryid-12412 gallery-columns-1 gallery-size-large'><dl class='gallery-item'>\n\t\t\t<dt class='gallery-icon landscape'>\n\t\t\t\t<a href='https:\/\/unetxea.org\/en\/conferencia-mundial-celebra-el-20o-aniversario-de-la-red-global-de-rces\/red-global-rce-2025-2-2\/'><img loading=\"lazy\" decoding=\"async\" width=\"1017\" height=\"496\" src=\"https:\/\/unetxea.org\/wp-content\/uploads\/2025\/11\/red-global-RCE-2025-2.jpg\" class=\"attachment-large size-large\" alt=\"\" srcset=\"https:\/\/unetxea.org\/wp-content\/uploads\/2025\/11\/red-global-RCE-2025-2.jpg 1017w, https:\/\/unetxea.org\/wp-content\/uploads\/2025\/11\/red-global-RCE-2025-2-300x146.jpg 300w, https:\/\/unetxea.org\/wp-content\/uploads\/2025\/11\/red-global-RCE-2025-2-768x375.jpg 768w\" sizes=\"auto, (max-width: 1017px) 100vw, 1017px\" \/><\/a>\n\t\t\t<\/dt><\/dl><br style=\"clear: both\" \/>\n\t\t<\/div>\n\n<p>&nbsp;<\/p>\n\n\t\t<style type=\"text\/css\">\n\t\t\t#gallery-2 {\n\t\t\t\tmargin: auto;\n\t\t\t}\n\t\t\t#gallery-2 .gallery-item {\n\t\t\t\tfloat: left;\n\t\t\t\tmargin-top: 10px;\n\t\t\t\ttext-align: center;\n\t\t\t\twidth: 50%;\n\t\t\t}\n\t\t\t#gallery-2 img {\n\t\t\t\tborder: 2px solid #cfcfcf;\n\t\t\t}\n\t\t\t#gallery-2 .gallery-caption {\n\t\t\t\tmargin-left: 0;\n\t\t\t}\n\t\t\t\/* see gallery_shortcode() in wp-includes\/media.php *\/\n\t\t<\/style>\n\t\t<div id='gallery-2' class='gallery galleryid-12412 gallery-columns-2 gallery-size-large'><dl class='gallery-item'>\n\t\t\t<dt class='gallery-icon landscape'>\n\t\t\t\t<a href='https:\/\/unetxea.org\/en\/conferencia-mundial-celebra-el-20o-aniversario-de-la-red-global-de-rces\/574571502_808263665525147_4609120052620837133_n-2\/'><img loading=\"lazy\" decoding=\"async\" width=\"1024\" height=\"768\" src=\"https:\/\/unetxea.org\/wp-content\/uploads\/2025\/11\/574571502_808263665525147_4609120052620837133_n.jpg\" class=\"attachment-large size-large\" alt=\"\" srcset=\"https:\/\/unetxea.org\/wp-content\/uploads\/2025\/11\/574571502_808263665525147_4609120052620837133_n.jpg 1024w, https:\/\/unetxea.org\/wp-content\/uploads\/2025\/11\/574571502_808263665525147_4609120052620837133_n-300x225.jpg 300w, https:\/\/unetxea.org\/wp-content\/uploads\/2025\/11\/574571502_808263665525147_4609120052620837133_n-768x576.jpg 768w\" sizes=\"auto, (max-width: 1024px) 100vw, 1024px\" \/><\/a>\n\t\t\t<\/dt><\/dl><dl class='gallery-item'>\n\t\t\t<dt class='gallery-icon landscape'>\n\t\t\t\t<a href='https:\/\/unetxea.org\/en\/conferencia-mundial-celebra-el-20o-aniversario-de-la-red-global-de-rces\/575166532_808263422191838_1476043213319924770_n-2\/'><img loading=\"lazy\" decoding=\"async\" width=\"1024\" height=\"768\" src=\"https:\/\/unetxea.org\/wp-content\/uploads\/2025\/11\/575166532_808263422191838_1476043213319924770_n.jpg\" class=\"attachment-large size-large\" alt=\"\" srcset=\"https:\/\/unetxea.org\/wp-content\/uploads\/2025\/11\/575166532_808263422191838_1476043213319924770_n.jpg 1024w, https:\/\/unetxea.org\/wp-content\/uploads\/2025\/11\/575166532_808263422191838_1476043213319924770_n-300x225.jpg 300w, https:\/\/unetxea.org\/wp-content\/uploads\/2025\/11\/575166532_808263422191838_1476043213319924770_n-768x576.jpg 768w\" sizes=\"auto, (max-width: 1024px) 100vw, 1024px\" \/><\/a>\n\t\t\t<\/dt><\/dl><br style=\"clear: both\" \/>\n\t\t<\/div>\n\n<p>&nbsp;<\/p>\n<p>A medio camino en la <a href=\"https:\/\/unesdoc.unesco.org\/ark:\/48223\/pf0000374896\">hoja de ruta de la UNESCO para la EDS para 2030<\/a>, y reconociendo el valor que tienen los marcos actuales, as\u00ed como sus deficiencias, esta sesi\u00f3n tuvo por pretensi\u00f3n desarrollar la capacidad imaginativa de los educadores para replantearse de forma fundamental la educaci\u00f3n con el fin de situar la EDS en su centro.<\/p>\n<p>&nbsp;<\/p>\n<p>Bas\u00e1ndonos en elementos del \u201cpensamiento prospectivo\u201d, nos embarcamos en una exploraci\u00f3n colectiva de nuestro trabajo, en la que nuestro objetivo es fortalecer los espacios existentes de aprendizaje informal y no formal, al tiempo que los conectamos con nuestros modos de aprendizaje formal.<\/p>\n<p>&nbsp;<\/p>\n<p>A nivel mundial, la hoja de ruta de la EDS para 2030 y sus \u00e1reas de acci\u00f3n prioritarias proporcionan una base importante para el aprendizaje. Partiendo de esta base, en esta sesi\u00f3n exploramos colectivamente c\u00f3mo, m\u00e1s all\u00e1 de 2030, podemos integrar la EDS en la vida cotidiana de todas las personas.<\/p>\n<p>&nbsp;<\/p>\n<p>El \u00faltimo d\u00eda, los participantes realizamos visitas de campo por Okayama, en las que visitamos una escuela local (la escuela primaria Kyokuso), una universidad (la <a href=\"https:\/\/www.okayama-u.ac.jp\/index_e.html\">Universidad de Okayama<\/a>) y un Kominkan (centro de aprendizaje comunitario), para experimentar de primera mano c\u00f3mo la ciudad integra la EDS en la vida cotidiana.<\/p>\n<p>&nbsp;<\/p>\n<p>La conferencia tambi\u00e9n incluy\u00f3 ceremonias de reconocimiento de los Premios RCE y los Premios EDS Okayama, en las que se celebraron proyectos ejemplares en Namibia y en Colombia que demuestran un impacto significativo en la promoci\u00f3n de la sostenibilidad a trav\u00e9s de la educaci\u00f3n.<\/p>\n<p>&nbsp;<\/p>\n<p>En la conferencia se adopt\u00f3 la <a href=\"https:\/\/www.dropbox.com\/scl\/fi\/cc37py1o3vez5px0kn1av\/Draft-Declaration.pdf?rlkey=pogf88lpwm1uguf70a9dxpj15&amp;e=1&amp;st=ikeez7ok&amp;dl=0\"><strong>Declaraci\u00f3n de Okayama 2025<\/strong><\/a> como compromiso colectivo de los RCE para un futuro sostenible, reafirmando el compromiso de la Red Global de RCEs de aprovechar la educaci\u00f3n como motor de la transformaci\u00f3n sist\u00e9mica para abordar el cambio clim\u00e1tico, la p\u00e9rdida de biodiversidad, la desigualdad, la disrupci\u00f3n digital y las amenazas a la paz y el bienestar.<\/p>\n<p>&nbsp;<\/p>\n<p>El evento fue coorganizado y copatrocinado por UNU-IAS, el RCE Okayama y la ciudad de Okayama, y cont\u00f3 con el apoyo del Ministerio de Medio Ambiente de Jap\u00f3n y la Universidad de Okayama.<\/p>\n<p>&nbsp;<\/p>\n<p>Enlaces a medios:<\/p>\n<p><a href=\"https:\/\/www.youtube.com\/watch?v=0w22e3Ayzks&amp;fbclid=IwZXh0bgNhZW0CMTAAYnJpZBEwUzRFQkhEZGdoNGhzQzNQZAEeal7H6qG_BARJEiHBJWSu9E9W-j8Ufw67lhdHgtoJWUlI8VbC4KeWe2IlvWw_aem_aRlKzvfEBRDuCoEbsNqZLA\"><strong>https:\/\/www.youtube.com\/watch?v=0w22e3Ayzks<\/strong><\/a><\/p>\n<p><a href=\"https:\/\/www.ohk.co.jp\/data\/26-20251021-00000018\/pages\/?fbclid=IwZXh0bgNhZW0CMTAAYnJpZBEwUzRFQkhEZGdoNGhzQzNQZAEe24Z0erSsRZBZjTO7tgBf41dWyFvkKWwVBF34cV1NRMzFIIYrFm9Ts5V2Tp0_aem__Nc17gQhKEqlqYKikkZ04A\"><strong>https:\/\/www.ohk.co.jp\/data\/26-20251021-00000018\/pages\/<\/strong><\/a><\/p>\n<p><a href=\"https:\/\/newsdig.tbs.co.jp\/articles\/rsk\/2239706?fbclid=IwZXh0bgNhZW0CMTAAYnJpZBEwUzRFQkhEZGdoNGhzQzNQZAEenB8klxUC6QGXKUOSPnuiJCqPkLNUjjzlZVkGJZgZzk_IsQY3VmADRsgi1fc_aem_y-0D_P0NBT0tcNujoSGFyw\"><strong>https:\/\/newsdig.tbs.co.jp\/articles\/rsk\/2239706<\/strong><\/a><\/p>\n<p><a href=\"https:\/\/www.webtsc.com\/prog\/news\/news\/23411\/?fbclid=IwZXh0bgNhZW0CMTAAYnJpZBEwUzRFQkhEZGdoNGhzQzNQZAEeoOjNgaqWkmm-8Q8vH1QQSRvB1pcbfL-Wad7KyI5kU8XWhqB7iCtLCY6LpR0_aem_qBOLOFUGkdo2D6EiDBtA5A\"><strong>https:\/\/www.webtsc.com\/prog\/news\/news\/23411\/<\/strong><\/a><\/p>\n","protected":false},"excerpt":{"rendered":"<p>Del 21 al 23 de octubre de 2025 se celebr\u00f3 en Okayama (Jap\u00f3n) la 14\u00aa Conferencia Mundial de Regional Centres of Expertise (RCE) en Educaci\u00f3n para el Desarrollo Sostenible (EDS), [&hellip;]<\/p>\n","protected":false},"author":2,"featured_media":12394,"comment_status":"closed","ping_status":"open","sticky":false,"template":"","format":"standard","meta":{"footnotes":""},"categories":[81,79],"tags":[],"class_list":["post-12412","post","type-post","status-publish","format-standard","has-post-thumbnail","hentry","category-education","category-sustainable-development"],"yoast_head":"<!-- This site is optimized with the Yoast SEO plugin v27.5 - https:\/\/yoast.com\/product\/yoast-seo-wordpress\/ -->\n<title>Conferencia Mundial celebra el 20\u00ba aniversario de la Red Global de RCEs - UN ETXEA<\/title>\n<meta name=\"robots\" content=\"index, follow, max-snippet:-1, max-image-preview:large, max-video-preview:-1\" \/>\n<link rel=\"canonical\" href=\"https:\/\/unetxea.org\/en\/conferencia-mundial-celebra-el-20o-aniversario-de-la-red-global-de-rces\/\" \/>\n<meta property=\"og:locale\" content=\"en_US\" \/>\n<meta property=\"og:type\" content=\"article\" \/>\n<meta property=\"og:title\" content=\"Conferencia Mundial celebra el 20\u00ba aniversario de la Red Global de RCEs - UN ETXEA\" \/>\n<meta property=\"og:description\" content=\"Del 21 al 23 de octubre de 2025 se celebr\u00f3 en Okayama (Jap\u00f3n) la 14\u00aa Conferencia Mundial de Regional Centres of Expertise (RCE) en Educaci\u00f3n para el Desarrollo Sostenible (EDS), [&hellip;]\" \/>\n<meta property=\"og:url\" content=\"https:\/\/unetxea.org\/en\/conferencia-mundial-celebra-el-20o-aniversario-de-la-red-global-de-rces\/\" \/>\n<meta property=\"og:site_name\" content=\"UN ETXEA\" \/>\n<meta property=\"article:publisher\" content=\"https:\/\/www.facebook.com\/UNetxea\/\" \/>\n<meta property=\"article:published_time\" content=\"2025-11-06T10:35:51+00:00\" \/>\n<meta property=\"article:modified_time\" content=\"2025-11-28T11:48:04+00:00\" \/>\n<meta property=\"og:image\" content=\"https:\/\/unetxea.org\/wp-content\/uploads\/2025\/11\/red-global-RCE-2025.jpg\" \/>\n\t<meta property=\"og:image:width\" content=\"1103\" \/>\n\t<meta property=\"og:image:height\" content=\"577\" \/>\n\t<meta property=\"og:image:type\" content=\"image\/jpeg\" \/>\n<meta name=\"author\" content=\"UN Etxea\" \/>\n<meta name=\"twitter:card\" content=\"summary_large_image\" \/>\n<meta name=\"twitter:creator\" content=\"@UNetxea\" \/>\n<meta name=\"twitter:site\" content=\"@UNetxea\" \/>\n<meta name=\"twitter:label1\" content=\"Written by\" \/>\n\t<meta name=\"twitter:data1\" content=\"UN Etxea\" \/>\n\t<meta name=\"twitter:label2\" content=\"Est. reading time\" \/>\n\t<meta name=\"twitter:data2\" content=\"5 minutes\" \/>\n<script type=\"application\/ld+json\" class=\"yoast-schema-graph\">{\"@context\":\"https:\\\/\\\/schema.org\",\"@graph\":[{\"@type\":\"Article\",\"@id\":\"https:\\\/\\\/unetxea.org\\\/en\\\/conferencia-mundial-celebra-el-20o-aniversario-de-la-red-global-de-rces\\\/#article\",\"isPartOf\":{\"@id\":\"https:\\\/\\\/unetxea.org\\\/en\\\/conferencia-mundial-celebra-el-20o-aniversario-de-la-red-global-de-rces\\\/\"},\"author\":{\"name\":\"UN Etxea\",\"@id\":\"https:\\\/\\\/unetxea.org\\\/#\\\/schema\\\/person\\\/c115ec46e78902eb5e93b5ca0b96bd2d\"},\"headline\":\"Conferencia Mundial celebra el 20\u00ba aniversario de la Red Global de RCEs\",\"datePublished\":\"2025-11-06T10:35:51+00:00\",\"dateModified\":\"2025-11-28T11:48:04+00:00\",\"mainEntityOfPage\":{\"@id\":\"https:\\\/\\\/unetxea.org\\\/en\\\/conferencia-mundial-celebra-el-20o-aniversario-de-la-red-global-de-rces\\\/\"},\"wordCount\":1037,\"publisher\":{\"@id\":\"https:\\\/\\\/unetxea.org\\\/#organization\"},\"image\":{\"@id\":\"https:\\\/\\\/unetxea.org\\\/en\\\/conferencia-mundial-celebra-el-20o-aniversario-de-la-red-global-de-rces\\\/#primaryimage\"},\"thumbnailUrl\":\"https:\\\/\\\/unetxea.org\\\/wp-content\\\/uploads\\\/2025\\\/11\\\/red-global-RCE-2025.jpg\",\"articleSection\":[\"Education\",\"Sustainable Development\"],\"inLanguage\":\"en-US\"},{\"@type\":\"WebPage\",\"@id\":\"https:\\\/\\\/unetxea.org\\\/en\\\/conferencia-mundial-celebra-el-20o-aniversario-de-la-red-global-de-rces\\\/\",\"url\":\"https:\\\/\\\/unetxea.org\\\/en\\\/conferencia-mundial-celebra-el-20o-aniversario-de-la-red-global-de-rces\\\/\",\"name\":\"Conferencia Mundial celebra el 20\u00ba aniversario de la Red Global de RCEs - UN ETXEA\",\"isPartOf\":{\"@id\":\"https:\\\/\\\/unetxea.org\\\/#website\"},\"primaryImageOfPage\":{\"@id\":\"https:\\\/\\\/unetxea.org\\\/en\\\/conferencia-mundial-celebra-el-20o-aniversario-de-la-red-global-de-rces\\\/#primaryimage\"},\"image\":{\"@id\":\"https:\\\/\\\/unetxea.org\\\/en\\\/conferencia-mundial-celebra-el-20o-aniversario-de-la-red-global-de-rces\\\/#primaryimage\"},\"thumbnailUrl\":\"https:\\\/\\\/unetxea.org\\\/wp-content\\\/uploads\\\/2025\\\/11\\\/red-global-RCE-2025.jpg\",\"datePublished\":\"2025-11-06T10:35:51+00:00\",\"dateModified\":\"2025-11-28T11:48:04+00:00\",\"breadcrumb\":{\"@id\":\"https:\\\/\\\/unetxea.org\\\/en\\\/conferencia-mundial-celebra-el-20o-aniversario-de-la-red-global-de-rces\\\/#breadcrumb\"},\"inLanguage\":\"en-US\",\"potentialAction\":[{\"@type\":\"ReadAction\",\"target\":[\"https:\\\/\\\/unetxea.org\\\/en\\\/conferencia-mundial-celebra-el-20o-aniversario-de-la-red-global-de-rces\\\/\"]}]},{\"@type\":\"ImageObject\",\"inLanguage\":\"en-US\",\"@id\":\"https:\\\/\\\/unetxea.org\\\/en\\\/conferencia-mundial-celebra-el-20o-aniversario-de-la-red-global-de-rces\\\/#primaryimage\",\"url\":\"https:\\\/\\\/unetxea.org\\\/wp-content\\\/uploads\\\/2025\\\/11\\\/red-global-RCE-2025.jpg\",\"contentUrl\":\"https:\\\/\\\/unetxea.org\\\/wp-content\\\/uploads\\\/2025\\\/11\\\/red-global-RCE-2025.jpg\",\"width\":1103,\"height\":577},{\"@type\":\"BreadcrumbList\",\"@id\":\"https:\\\/\\\/unetxea.org\\\/en\\\/conferencia-mundial-celebra-el-20o-aniversario-de-la-red-global-de-rces\\\/#breadcrumb\",\"itemListElement\":[{\"@type\":\"ListItem\",\"position\":1,\"name\":\"Portada\",\"item\":\"https:\\\/\\\/unetxea.org\\\/en\\\/\"},{\"@type\":\"ListItem\",\"position\":2,\"name\":\"Conferencia Mundial celebra el 20\u00ba aniversario de la Red Global de RCEs\"}]},{\"@type\":\"WebSite\",\"@id\":\"https:\\\/\\\/unetxea.org\\\/#website\",\"url\":\"https:\\\/\\\/unetxea.org\\\/\",\"name\":\"UN ETXEA\",\"description\":\"Asociaci\u00f3n del Pa\u00eds Vasco para la UNESCO\",\"publisher\":{\"@id\":\"https:\\\/\\\/unetxea.org\\\/#organization\"},\"potentialAction\":[{\"@type\":\"SearchAction\",\"target\":{\"@type\":\"EntryPoint\",\"urlTemplate\":\"https:\\\/\\\/unetxea.org\\\/?s={search_term_string}\"},\"query-input\":{\"@type\":\"PropertyValueSpecification\",\"valueRequired\":true,\"valueName\":\"search_term_string\"}}],\"inLanguage\":\"en-US\"},{\"@type\":\"Organization\",\"@id\":\"https:\\\/\\\/unetxea.org\\\/#organization\",\"name\":\"UN ETXEA\",\"url\":\"https:\\\/\\\/unetxea.org\\\/\",\"logo\":{\"@type\":\"ImageObject\",\"inLanguage\":\"en-US\",\"@id\":\"https:\\\/\\\/unetxea.org\\\/#\\\/schema\\\/logo\\\/image\\\/\",\"url\":\"https:\\\/\\\/unetxea.org\\\/wp-content\\\/uploads\\\/2025\\\/01\\\/logo-unetxea500.jpg\",\"contentUrl\":\"https:\\\/\\\/unetxea.org\\\/wp-content\\\/uploads\\\/2025\\\/01\\\/logo-unetxea500.jpg\",\"width\":500,\"height\":484,\"caption\":\"UN ETXEA\"},\"image\":{\"@id\":\"https:\\\/\\\/unetxea.org\\\/#\\\/schema\\\/logo\\\/image\\\/\"},\"sameAs\":[\"https:\\\/\\\/www.facebook.com\\\/UNetxea\\\/\",\"https:\\\/\\\/x.com\\\/UNetxea\",\"https:\\\/\\\/www.youtube.com\\\/@UNetxea\"]},{\"@type\":\"Person\",\"@id\":\"https:\\\/\\\/unetxea.org\\\/#\\\/schema\\\/person\\\/c115ec46e78902eb5e93b5ca0b96bd2d\",\"name\":\"UN Etxea\",\"image\":{\"@type\":\"ImageObject\",\"inLanguage\":\"en-US\",\"@id\":\"https:\\\/\\\/secure.gravatar.com\\\/avatar\\\/67b8d0f0ae884d096f535d6fbbb63507af5ec28b6be2d9db993a2e99f2855e18?s=96&d=mm&r=g\",\"url\":\"https:\\\/\\\/secure.gravatar.com\\\/avatar\\\/67b8d0f0ae884d096f535d6fbbb63507af5ec28b6be2d9db993a2e99f2855e18?s=96&d=mm&r=g\",\"contentUrl\":\"https:\\\/\\\/secure.gravatar.com\\\/avatar\\\/67b8d0f0ae884d096f535d6fbbb63507af5ec28b6be2d9db993a2e99f2855e18?s=96&d=mm&r=g\",\"caption\":\"UN Etxea\"},\"url\":\"https:\\\/\\\/unetxea.org\\\/en\\\/author\\\/nagusitxea\\\/\"}]}<\/script>\n<!-- \/ Yoast SEO plugin. -->","yoast_head_json":{"title":"Conferencia Mundial celebra el 20\u00ba aniversario de la Red Global de RCEs - UN ETXEA","robots":{"index":"index","follow":"follow","max-snippet":"max-snippet:-1","max-image-preview":"max-image-preview:large","max-video-preview":"max-video-preview:-1"},"canonical":"https:\/\/unetxea.org\/en\/conferencia-mundial-celebra-el-20o-aniversario-de-la-red-global-de-rces\/","og_locale":"en_US","og_type":"article","og_title":"Conferencia Mundial celebra el 20\u00ba aniversario de la Red Global de RCEs - UN ETXEA","og_description":"Del 21 al 23 de octubre de 2025 se celebr\u00f3 en Okayama (Jap\u00f3n) la 14\u00aa Conferencia Mundial de Regional Centres of Expertise (RCE) en Educaci\u00f3n para el Desarrollo Sostenible (EDS), [&hellip;]","og_url":"https:\/\/unetxea.org\/en\/conferencia-mundial-celebra-el-20o-aniversario-de-la-red-global-de-rces\/","og_site_name":"UN ETXEA","article_publisher":"https:\/\/www.facebook.com\/UNetxea\/","article_published_time":"2025-11-06T10:35:51+00:00","article_modified_time":"2025-11-28T11:48:04+00:00","og_image":[{"width":1103,"height":577,"url":"https:\/\/unetxea.org\/wp-content\/uploads\/2025\/11\/red-global-RCE-2025.jpg","type":"image\/jpeg"}],"author":"UN Etxea","twitter_card":"summary_large_image","twitter_creator":"@UNetxea","twitter_site":"@UNetxea","twitter_misc":{"Written by":"UN Etxea","Est. reading time":"5 minutes"},"schema":{"@context":"https:\/\/schema.org","@graph":[{"@type":"Article","@id":"https:\/\/unetxea.org\/en\/conferencia-mundial-celebra-el-20o-aniversario-de-la-red-global-de-rces\/#article","isPartOf":{"@id":"https:\/\/unetxea.org\/en\/conferencia-mundial-celebra-el-20o-aniversario-de-la-red-global-de-rces\/"},"author":{"name":"UN Etxea","@id":"https:\/\/unetxea.org\/#\/schema\/person\/c115ec46e78902eb5e93b5ca0b96bd2d"},"headline":"Conferencia Mundial celebra el 20\u00ba aniversario de la Red Global de RCEs","datePublished":"2025-11-06T10:35:51+00:00","dateModified":"2025-11-28T11:48:04+00:00","mainEntityOfPage":{"@id":"https:\/\/unetxea.org\/en\/conferencia-mundial-celebra-el-20o-aniversario-de-la-red-global-de-rces\/"},"wordCount":1037,"publisher":{"@id":"https:\/\/unetxea.org\/#organization"},"image":{"@id":"https:\/\/unetxea.org\/en\/conferencia-mundial-celebra-el-20o-aniversario-de-la-red-global-de-rces\/#primaryimage"},"thumbnailUrl":"https:\/\/unetxea.org\/wp-content\/uploads\/2025\/11\/red-global-RCE-2025.jpg","articleSection":["Education","Sustainable Development"],"inLanguage":"en-US"},{"@type":"WebPage","@id":"https:\/\/unetxea.org\/en\/conferencia-mundial-celebra-el-20o-aniversario-de-la-red-global-de-rces\/","url":"https:\/\/unetxea.org\/en\/conferencia-mundial-celebra-el-20o-aniversario-de-la-red-global-de-rces\/","name":"Conferencia Mundial celebra el 20\u00ba aniversario de la Red Global de RCEs - UN ETXEA","isPartOf":{"@id":"https:\/\/unetxea.org\/#website"},"primaryImageOfPage":{"@id":"https:\/\/unetxea.org\/en\/conferencia-mundial-celebra-el-20o-aniversario-de-la-red-global-de-rces\/#primaryimage"},"image":{"@id":"https:\/\/unetxea.org\/en\/conferencia-mundial-celebra-el-20o-aniversario-de-la-red-global-de-rces\/#primaryimage"},"thumbnailUrl":"https:\/\/unetxea.org\/wp-content\/uploads\/2025\/11\/red-global-RCE-2025.jpg","datePublished":"2025-11-06T10:35:51+00:00","dateModified":"2025-11-28T11:48:04+00:00","breadcrumb":{"@id":"https:\/\/unetxea.org\/en\/conferencia-mundial-celebra-el-20o-aniversario-de-la-red-global-de-rces\/#breadcrumb"},"inLanguage":"en-US","potentialAction":[{"@type":"ReadAction","target":["https:\/\/unetxea.org\/en\/conferencia-mundial-celebra-el-20o-aniversario-de-la-red-global-de-rces\/"]}]},{"@type":"ImageObject","inLanguage":"en-US","@id":"https:\/\/unetxea.org\/en\/conferencia-mundial-celebra-el-20o-aniversario-de-la-red-global-de-rces\/#primaryimage","url":"https:\/\/unetxea.org\/wp-content\/uploads\/2025\/11\/red-global-RCE-2025.jpg","contentUrl":"https:\/\/unetxea.org\/wp-content\/uploads\/2025\/11\/red-global-RCE-2025.jpg","width":1103,"height":577},{"@type":"BreadcrumbList","@id":"https:\/\/unetxea.org\/en\/conferencia-mundial-celebra-el-20o-aniversario-de-la-red-global-de-rces\/#breadcrumb","itemListElement":[{"@type":"ListItem","position":1,"name":"Portada","item":"https:\/\/unetxea.org\/en\/"},{"@type":"ListItem","position":2,"name":"Conferencia Mundial celebra el 20\u00ba aniversario de la Red Global de RCEs"}]},{"@type":"WebSite","@id":"https:\/\/unetxea.org\/#website","url":"https:\/\/unetxea.org\/","name":"UN ETXEA","description":"Asociaci\u00f3n del Pa\u00eds Vasco para la UNESCO","publisher":{"@id":"https:\/\/unetxea.org\/#organization"},"potentialAction":[{"@type":"SearchAction","target":{"@type":"EntryPoint","urlTemplate":"https:\/\/unetxea.org\/?s={search_term_string}"},"query-input":{"@type":"PropertyValueSpecification","valueRequired":true,"valueName":"search_term_string"}}],"inLanguage":"en-US"},{"@type":"Organization","@id":"https:\/\/unetxea.org\/#organization","name":"UN ETXEA","url":"https:\/\/unetxea.org\/","logo":{"@type":"ImageObject","inLanguage":"en-US","@id":"https:\/\/unetxea.org\/#\/schema\/logo\/image\/","url":"https:\/\/unetxea.org\/wp-content\/uploads\/2025\/01\/logo-unetxea500.jpg","contentUrl":"https:\/\/unetxea.org\/wp-content\/uploads\/2025\/01\/logo-unetxea500.jpg","width":500,"height":484,"caption":"UN ETXEA"},"image":{"@id":"https:\/\/unetxea.org\/#\/schema\/logo\/image\/"},"sameAs":["https:\/\/www.facebook.com\/UNetxea\/","https:\/\/x.com\/UNetxea","https:\/\/www.youtube.com\/@UNetxea"]},{"@type":"Person","@id":"https:\/\/unetxea.org\/#\/schema\/person\/c115ec46e78902eb5e93b5ca0b96bd2d","name":"UN Etxea","image":{"@type":"ImageObject","inLanguage":"en-US","@id":"https:\/\/secure.gravatar.com\/avatar\/67b8d0f0ae884d096f535d6fbbb63507af5ec28b6be2d9db993a2e99f2855e18?s=96&d=mm&r=g","url":"https:\/\/secure.gravatar.com\/avatar\/67b8d0f0ae884d096f535d6fbbb63507af5ec28b6be2d9db993a2e99f2855e18?s=96&d=mm&r=g","contentUrl":"https:\/\/secure.gravatar.com\/avatar\/67b8d0f0ae884d096f535d6fbbb63507af5ec28b6be2d9db993a2e99f2855e18?s=96&d=mm&r=g","caption":"UN Etxea"},"url":"https:\/\/unetxea.org\/en\/author\/nagusitxea\/"}]}},"_links":{"self":[{"href":"https:\/\/unetxea.org\/en\/wp-json\/wp\/v2\/posts\/12412","targetHints":{"allow":["GET"]}}],"collection":[{"href":"https:\/\/unetxea.org\/en\/wp-json\/wp\/v2\/posts"}],"about":[{"href":"https:\/\/unetxea.org\/en\/wp-json\/wp\/v2\/types\/post"}],"author":[{"embeddable":true,"href":"https:\/\/unetxea.org\/en\/wp-json\/wp\/v2\/users\/2"}],"replies":[{"embeddable":true,"href":"https:\/\/unetxea.org\/en\/wp-json\/wp\/v2\/comments?post=12412"}],"version-history":[{"count":1,"href":"https:\/\/unetxea.org\/en\/wp-json\/wp\/v2\/posts\/12412\/revisions"}],"predecessor-version":[{"id":12417,"href":"https:\/\/unetxea.org\/en\/wp-json\/wp\/v2\/posts\/12412\/revisions\/12417"}],"wp:featuredmedia":[{"embeddable":true,"href":"https:\/\/unetxea.org\/en\/wp-json\/wp\/v2\/media\/12394"}],"wp:attachment":[{"href":"https:\/\/unetxea.org\/en\/wp-json\/wp\/v2\/media?parent=12412"}],"wp:term":[{"taxonomy":"category","embeddable":true,"href":"https:\/\/unetxea.org\/en\/wp-json\/wp\/v2\/categories?post=12412"},{"taxonomy":"post_tag","embeddable":true,"href":"https:\/\/unetxea.org\/en\/wp-json\/wp\/v2\/tags?post=12412"}],"curies":[{"name":"wp","href":"https:\/\/api.w.org\/{rel}","templated":true}]}}