{"id":12452,"date":"2025-11-14T11:27:05","date_gmt":"2025-11-14T10:27:05","guid":{"rendered":"https:\/\/unetxea.org\/?p=12452"},"modified":"2025-12-02T13:07:01","modified_gmt":"2025-12-02T12:07:01","slug":"estreno-del-documental-ezina-ekinez-egina-en-fair-saturday-2025","status":"publish","type":"post","link":"https:\/\/unetxea.org\/en\/estreno-del-documental-ezina-ekinez-egina-en-fair-saturday-2025\/","title":{"rendered":"Estreno del documental \u00abEzina ekinez egina\u00bb en Fair Saturday 2025"},"content":{"rendered":"<p><strong><em>Os invitamos al estreno del documental \u00ab<\/em><\/strong><strong>Ezina ekinez egina<em>\u00bb de Jos\u00e9 Miguel Llano que tendr\u00e1 lugar el pr\u00f3ximo 29 de noviembre a las 18:00h en el Museo Guggenheim Bilbao<\/em><\/strong>. <strong><em>Entrada gratuita<\/em><\/strong>.<\/p>\n<p>&nbsp;<\/p>\n<p>En el marco del Festival Fair Saturday 2025, durante su jornada para el arte y la cultura con impacto social, y del programa TopARTE del Museo Guggenheim Bilbao, se estrena el documental \u201c<strong>Ezina ekinez egina\u201d<\/strong>, dirigido por <strong><em>Jos\u00e9 Miguel Llano<\/em><\/strong>, ganador del gran premio en la 14\u00aa edici\u00f3n de nuestro concurso \u00abDame 1 Minuto de Salud\u00bb.<\/p>\n<p>&nbsp;<\/p>\n<p>Tras el documental tendr\u00e1 lugar un coloquio con Jos\u00e9 Miguel Llano, Abel Fern\u00e1ndez (Ezina Ekinez Egina) y Ziortza Llano (directora del proyecto de Terapia Asistida con Caballos TIPI-TAPA). Disfrutaremos del lanzamiento p\u00fablico de la nueva edici\u00f3n: <a href=\"https:\/\/dame1minutode.org\/que-es\/\"><strong>Dame 1 Minuto de Cultura<\/strong><\/a>, dedicada al derecho humano a acceder, participar y disfrutar de la vida cultural.<\/p>\n<p>&nbsp;<\/p>\n<p>Tambi\u00e9n disfrutaremos de la m\u00fasica y la narraci\u00f3n de la mano de Dariana y Cruz Noguera; y de la danza con Marian Andr\u00e9s Acha y Olfa Sendesni.<\/p>\n<p>&nbsp;<\/p>\n<h6><strong>SINOPSIS DE \u2018EZINA EKINEZ EGINA\u2019<\/strong><\/h6>\n<p><em>Ezina ekinez egina<\/em> es un documental, dirigido por Jos\u00e9 Miguel Llano, que da nombre tambi\u00e9n a la asociaci\u00f3n ubicada en Amurrio promovida por Abel Fern\u00e1ndez (Spiderabel). Est\u00e1 formada por personas voluntarias, su funci\u00f3n solidaria se centra en dar apoyo a personas con diversidad funcional.<\/p>\n<p>&nbsp;<\/p>\n<p>Para esa labor de acompa\u00f1amiento cuentan con material especializado. Este cortometraje de 20\u00b4 de duraci\u00f3n y rodado en Amurrio (Araba), Zumaia (Gipuzkoa), Gordexola (Bizkaia) y Monte Kolitza (Balmaseda, Bizkaia), quiere divulgar valores como la solidaridad, el derecho a la salud y el bienestar de las personas y la transmisi\u00f3n de esos valores a los m\u00e1s j\u00f3venes.<\/p>\n<p>&nbsp;<\/p>\n<p>Tambi\u00e9n pretende dar visibilidad a diferentes enfermedades y a la labor de profesionales de la salud que trabajan desde la vocaci\u00f3n y el compromiso para dar una mejor calidad de vida a aquellas personas que m\u00e1s lo necesitan.<\/p>\n<p>&nbsp;<\/p>\n<p>Coproducido por Katxarrer\u00eda Films y Jos\u00e9 Miguel Llano.<\/p>\n<p>&nbsp;<\/p>\n<hr \/>\n<p><strong>\u00a0<\/strong><\/p>\n<h6><strong><a href=\"https:\/\/www.guggenheim-bilbao.eus\/actividades\/proyeccion-festival-fair-saturday\"><img loading=\"lazy\" decoding=\"async\" class=\"alignleft wp-image-10821\" src=\"https:\/\/unetxea.org\/wp-content\/uploads\/2025\/01\/icono-tickets-300x300.png\" alt=\"\" width=\"70\" height=\"70\" srcset=\"https:\/\/unetxea.org\/wp-content\/uploads\/2025\/01\/icono-tickets-300x300.png 300w, https:\/\/unetxea.org\/wp-content\/uploads\/2025\/01\/icono-tickets-150x150.png 150w, https:\/\/unetxea.org\/wp-content\/uploads\/2025\/01\/icono-tickets.png 512w\" sizes=\"auto, (max-width: 70px) 100vw, 70px\" \/><\/a><\/strong><\/h6>\n<h6><strong>Actividad gratuita. <\/strong><\/h6>\n<h6><a href=\"https:\/\/www.guggenheim-bilbao.eus\/actividades\/proyeccion-festival-fair-saturday\"><strong>Reserva tu entrada aqu\u00ed<\/strong><\/a><\/h6>\n<p>&nbsp;<\/p>\n<hr \/>\n<p>&nbsp;<\/p>\n<p><a href=\"https:\/\/dame1minutode.org\/\" target=\"_blank\" rel=\"noopener\"><strong><em>Dame 1 Minuto De<\/em><\/strong><\/a>\u00a0es un proyecto de UN Etxea que cuenta con el apoyo y colaboraci\u00f3n de los Ayuntamientos de Bilbao y de Getxo; la Direcci\u00f3n de Derechos Humanos y Atenci\u00f3n a V\u00edctimas del Gobierno Vasco, y Laboral Kutxa.<\/p>\n","protected":false},"excerpt":{"rendered":"<p>Os invitamos al estreno del documental \u00abEzina ekinez egina\u00bb de Jos\u00e9 Miguel Llano que tendr\u00e1 lugar el pr\u00f3ximo 29 de noviembre a las 18:00h en el Museo Guggenheim Bilbao. Entrada [&hellip;]<\/p>\n","protected":false},"author":2,"featured_media":12449,"comment_status":"closed","ping_status":"open","sticky":false,"template":"","format":"standard","meta":{"footnotes":""},"categories":[150],"tags":[],"class_list":["post-12452","post","type-post","status-publish","format-standard","has-post-thumbnail","hentry","category-culture"],"yoast_head":"<!-- This site is optimized with the Yoast SEO plugin v27.5 - https:\/\/yoast.com\/product\/yoast-seo-wordpress\/ -->\n<title>Estreno del documental \u00abEzina ekinez egina\u00bb en Fair Saturday 2025 - UN ETXEA<\/title>\n<meta name=\"description\" content=\"Os invitamos al estreno del documental \u00abEzina ekinez egina\u00bb de Jos\u00e9 Miguel Llano que tendr\u00e1 lugar el pr\u00f3ximo 29 de noviembre a las 18:00h en el Museo Guggenheim Bilbao. Entrada gratuita.En el marco del Festival Fair Saturday 2025, durante su jornada para el arte y la cultura con impacto social, y del programa TopARTE del Museo Guggenheim Bilbao, se estrena el documental \u201cEzina ekinez egina\u201d, dirigido por Jos\u00e9 Miguel Llano, ganador del gran premio en la 14\u00aa edici\u00f3n de nuestro concurso \u00abDame 1 Minuto de Salud\u00bb.Tras el documental tendr\u00e1 lugar un coloquio con Jos\u00e9 Miguel Llano, Abel Fern\u00e1ndez (Ezina Ekinez Egina) y Ziortza Llano (directora del proyecto de Terapia Asistida con Caballos TIPI-TAPA). Disfrutaremos del lanzamiento p\u00fablico de la nueva edici\u00f3n: Dame 1 Minuto de Cultura, dedicada al derecho humano a acceder, participar y disfrutar de la vida cultural.Tambi\u00e9n disfrutaremos de la m\u00fasica y la narraci\u00f3n de la mano de Dariana y Cruz Noguera; y de la danza con Marian Andr\u00e9s Acha y Olfa Sendesni.\" \/>\n<meta name=\"robots\" content=\"index, follow, max-snippet:-1, max-image-preview:large, max-video-preview:-1\" \/>\n<link rel=\"canonical\" href=\"https:\/\/unetxea.org\/en\/estreno-del-documental-ezina-ekinez-egina-en-fair-saturday-2025\/\" \/>\n<meta property=\"og:locale\" content=\"en_US\" \/>\n<meta property=\"og:type\" content=\"article\" \/>\n<meta property=\"og:title\" content=\"Estreno del documental \u00abEzina ekinez egina\u00bb en Fair Saturday 2025 - UN ETXEA\" \/>\n<meta property=\"og:description\" content=\"Os invitamos al estreno del documental \u00abEzina ekinez egina\u00bb de Jos\u00e9 Miguel Llano que tendr\u00e1 lugar el pr\u00f3ximo 29 de noviembre a las 18:00h en el Museo Guggenheim Bilbao. Entrada gratuita.En el marco del Festival Fair Saturday 2025, durante su jornada para el arte y la cultura con impacto social, y del programa TopARTE del Museo Guggenheim Bilbao, se estrena el documental \u201cEzina ekinez egina\u201d, dirigido por Jos\u00e9 Miguel Llano, ganador del gran premio en la 14\u00aa edici\u00f3n de nuestro concurso \u00abDame 1 Minuto de Salud\u00bb.Tras el documental tendr\u00e1 lugar un coloquio con Jos\u00e9 Miguel Llano, Abel Fern\u00e1ndez (Ezina Ekinez Egina) y Ziortza Llano (directora del proyecto de Terapia Asistida con Caballos TIPI-TAPA). Disfrutaremos del lanzamiento p\u00fablico de la nueva edici\u00f3n: Dame 1 Minuto de Cultura, dedicada al derecho humano a acceder, participar y disfrutar de la vida cultural.Tambi\u00e9n disfrutaremos de la m\u00fasica y la narraci\u00f3n de la mano de Dariana y Cruz Noguera; y de la danza con Marian Andr\u00e9s Acha y Olfa Sendesni.\" \/>\n<meta property=\"og:url\" content=\"https:\/\/unetxea.org\/en\/estreno-del-documental-ezina-ekinez-egina-en-fair-saturday-2025\/\" \/>\n<meta property=\"og:site_name\" content=\"UN ETXEA\" \/>\n<meta property=\"article:publisher\" content=\"https:\/\/www.facebook.com\/UNetxea\/\" \/>\n<meta property=\"article:published_time\" content=\"2025-11-14T10:27:05+00:00\" \/>\n<meta property=\"article:modified_time\" content=\"2025-12-02T12:07:01+00:00\" \/>\n<meta property=\"og:image\" content=\"https:\/\/unetxea.org\/wp-content\/uploads\/2025\/11\/ezina-ekinez-egina-fairsaturday2025-noticiaweb.jpeg\" \/>\n\t<meta property=\"og:image:width\" content=\"1104\" \/>\n\t<meta property=\"og:image:height\" content=\"577\" \/>\n\t<meta property=\"og:image:type\" content=\"image\/jpeg\" \/>\n<meta name=\"author\" content=\"UN Etxea\" \/>\n<meta name=\"twitter:card\" content=\"summary_large_image\" \/>\n<meta name=\"twitter:creator\" content=\"@UNetxea\" \/>\n<meta name=\"twitter:site\" content=\"@UNetxea\" \/>\n<meta name=\"twitter:label1\" content=\"Written by\" \/>\n\t<meta name=\"twitter:data1\" content=\"UN Etxea\" \/>\n\t<meta name=\"twitter:label2\" content=\"Est. reading time\" \/>\n\t<meta name=\"twitter:data2\" content=\"2 minutes\" \/>\n<script type=\"application\/ld+json\" class=\"yoast-schema-graph\">{\"@context\":\"https:\\\/\\\/schema.org\",\"@graph\":[{\"@type\":\"Article\",\"@id\":\"https:\\\/\\\/unetxea.org\\\/en\\\/estreno-del-documental-ezina-ekinez-egina-en-fair-saturday-2025\\\/#article\",\"isPartOf\":{\"@id\":\"https:\\\/\\\/unetxea.org\\\/en\\\/estreno-del-documental-ezina-ekinez-egina-en-fair-saturday-2025\\\/\"},\"author\":{\"name\":\"UN Etxea\",\"@id\":\"https:\\\/\\\/unetxea.org\\\/#\\\/schema\\\/person\\\/c115ec46e78902eb5e93b5ca0b96bd2d\"},\"headline\":\"Estreno del documental \u00abEzina ekinez egina\u00bb en Fair Saturday 2025\",\"datePublished\":\"2025-11-14T10:27:05+00:00\",\"dateModified\":\"2025-12-02T12:07:01+00:00\",\"mainEntityOfPage\":{\"@id\":\"https:\\\/\\\/unetxea.org\\\/en\\\/estreno-del-documental-ezina-ekinez-egina-en-fair-saturday-2025\\\/\"},\"wordCount\":403,\"publisher\":{\"@id\":\"https:\\\/\\\/unetxea.org\\\/#organization\"},\"image\":{\"@id\":\"https:\\\/\\\/unetxea.org\\\/en\\\/estreno-del-documental-ezina-ekinez-egina-en-fair-saturday-2025\\\/#primaryimage\"},\"thumbnailUrl\":\"https:\\\/\\\/unetxea.org\\\/wp-content\\\/uploads\\\/2025\\\/11\\\/ezina-ekinez-egina-fairsaturday2025-noticiaweb.jpeg\",\"articleSection\":[\"Culture\"],\"inLanguage\":\"en-US\"},{\"@type\":\"WebPage\",\"@id\":\"https:\\\/\\\/unetxea.org\\\/en\\\/estreno-del-documental-ezina-ekinez-egina-en-fair-saturday-2025\\\/\",\"url\":\"https:\\\/\\\/unetxea.org\\\/en\\\/estreno-del-documental-ezina-ekinez-egina-en-fair-saturday-2025\\\/\",\"name\":\"Estreno del documental \u00abEzina ekinez egina\u00bb en Fair Saturday 2025 - UN ETXEA\",\"isPartOf\":{\"@id\":\"https:\\\/\\\/unetxea.org\\\/#website\"},\"primaryImageOfPage\":{\"@id\":\"https:\\\/\\\/unetxea.org\\\/en\\\/estreno-del-documental-ezina-ekinez-egina-en-fair-saturday-2025\\\/#primaryimage\"},\"image\":{\"@id\":\"https:\\\/\\\/unetxea.org\\\/en\\\/estreno-del-documental-ezina-ekinez-egina-en-fair-saturday-2025\\\/#primaryimage\"},\"thumbnailUrl\":\"https:\\\/\\\/unetxea.org\\\/wp-content\\\/uploads\\\/2025\\\/11\\\/ezina-ekinez-egina-fairsaturday2025-noticiaweb.jpeg\",\"datePublished\":\"2025-11-14T10:27:05+00:00\",\"dateModified\":\"2025-12-02T12:07:01+00:00\",\"description\":\"Os invitamos al estreno del documental \u00abEzina ekinez egina\u00bb de Jos\u00e9 Miguel Llano que tendr\u00e1 lugar el pr\u00f3ximo 29 de noviembre a las 18:00h en el Museo Guggenheim Bilbao. Entrada gratuita.En el marco del Festival Fair Saturday 2025, durante su jornada para el arte y la cultura con impacto social, y del programa TopARTE del Museo Guggenheim Bilbao, se estrena el documental \u201cEzina ekinez egina\u201d, dirigido por Jos\u00e9 Miguel Llano, ganador del gran premio en la 14\u00aa edici\u00f3n de nuestro concurso \u00abDame 1 Minuto de Salud\u00bb.Tras el documental tendr\u00e1 lugar un coloquio con Jos\u00e9 Miguel Llano, Abel Fern\u00e1ndez (Ezina Ekinez Egina) y Ziortza Llano (directora del proyecto de Terapia Asistida con Caballos TIPI-TAPA). Disfrutaremos del lanzamiento p\u00fablico de la nueva edici\u00f3n: Dame 1 Minuto de Cultura, dedicada al derecho humano a acceder, participar y disfrutar de la vida cultural.Tambi\u00e9n disfrutaremos de la m\u00fasica y la narraci\u00f3n de la mano de Dariana y Cruz Noguera; y de la danza con Marian Andr\u00e9s Acha y Olfa Sendesni.\",\"breadcrumb\":{\"@id\":\"https:\\\/\\\/unetxea.org\\\/en\\\/estreno-del-documental-ezina-ekinez-egina-en-fair-saturday-2025\\\/#breadcrumb\"},\"inLanguage\":\"en-US\",\"potentialAction\":[{\"@type\":\"ReadAction\",\"target\":[\"https:\\\/\\\/unetxea.org\\\/en\\\/estreno-del-documental-ezina-ekinez-egina-en-fair-saturday-2025\\\/\"]}]},{\"@type\":\"ImageObject\",\"inLanguage\":\"en-US\",\"@id\":\"https:\\\/\\\/unetxea.org\\\/en\\\/estreno-del-documental-ezina-ekinez-egina-en-fair-saturday-2025\\\/#primaryimage\",\"url\":\"https:\\\/\\\/unetxea.org\\\/wp-content\\\/uploads\\\/2025\\\/11\\\/ezina-ekinez-egina-fairsaturday2025-noticiaweb.jpeg\",\"contentUrl\":\"https:\\\/\\\/unetxea.org\\\/wp-content\\\/uploads\\\/2025\\\/11\\\/ezina-ekinez-egina-fairsaturday2025-noticiaweb.jpeg\",\"width\":1104,\"height\":577},{\"@type\":\"BreadcrumbList\",\"@id\":\"https:\\\/\\\/unetxea.org\\\/en\\\/estreno-del-documental-ezina-ekinez-egina-en-fair-saturday-2025\\\/#breadcrumb\",\"itemListElement\":[{\"@type\":\"ListItem\",\"position\":1,\"name\":\"Portada\",\"item\":\"https:\\\/\\\/unetxea.org\\\/en\\\/\"},{\"@type\":\"ListItem\",\"position\":2,\"name\":\"Estreno del documental \u00abEzina ekinez egina\u00bb en Fair Saturday 2025\"}]},{\"@type\":\"WebSite\",\"@id\":\"https:\\\/\\\/unetxea.org\\\/#website\",\"url\":\"https:\\\/\\\/unetxea.org\\\/\",\"name\":\"UN ETXEA\",\"description\":\"Asociaci\u00f3n del Pa\u00eds Vasco para la UNESCO\",\"publisher\":{\"@id\":\"https:\\\/\\\/unetxea.org\\\/#organization\"},\"potentialAction\":[{\"@type\":\"SearchAction\",\"target\":{\"@type\":\"EntryPoint\",\"urlTemplate\":\"https:\\\/\\\/unetxea.org\\\/?s={search_term_string}\"},\"query-input\":{\"@type\":\"PropertyValueSpecification\",\"valueRequired\":true,\"valueName\":\"search_term_string\"}}],\"inLanguage\":\"en-US\"},{\"@type\":\"Organization\",\"@id\":\"https:\\\/\\\/unetxea.org\\\/#organization\",\"name\":\"UN ETXEA\",\"url\":\"https:\\\/\\\/unetxea.org\\\/\",\"logo\":{\"@type\":\"ImageObject\",\"inLanguage\":\"en-US\",\"@id\":\"https:\\\/\\\/unetxea.org\\\/#\\\/schema\\\/logo\\\/image\\\/\",\"url\":\"https:\\\/\\\/unetxea.org\\\/wp-content\\\/uploads\\\/2025\\\/01\\\/logo-unetxea500.jpg\",\"contentUrl\":\"https:\\\/\\\/unetxea.org\\\/wp-content\\\/uploads\\\/2025\\\/01\\\/logo-unetxea500.jpg\",\"width\":500,\"height\":484,\"caption\":\"UN ETXEA\"},\"image\":{\"@id\":\"https:\\\/\\\/unetxea.org\\\/#\\\/schema\\\/logo\\\/image\\\/\"},\"sameAs\":[\"https:\\\/\\\/www.facebook.com\\\/UNetxea\\\/\",\"https:\\\/\\\/x.com\\\/UNetxea\",\"https:\\\/\\\/www.youtube.com\\\/@UNetxea\"]},{\"@type\":\"Person\",\"@id\":\"https:\\\/\\\/unetxea.org\\\/#\\\/schema\\\/person\\\/c115ec46e78902eb5e93b5ca0b96bd2d\",\"name\":\"UN Etxea\",\"image\":{\"@type\":\"ImageObject\",\"inLanguage\":\"en-US\",\"@id\":\"https:\\\/\\\/secure.gravatar.com\\\/avatar\\\/67b8d0f0ae884d096f535d6fbbb63507af5ec28b6be2d9db993a2e99f2855e18?s=96&d=mm&r=g\",\"url\":\"https:\\\/\\\/secure.gravatar.com\\\/avatar\\\/67b8d0f0ae884d096f535d6fbbb63507af5ec28b6be2d9db993a2e99f2855e18?s=96&d=mm&r=g\",\"contentUrl\":\"https:\\\/\\\/secure.gravatar.com\\\/avatar\\\/67b8d0f0ae884d096f535d6fbbb63507af5ec28b6be2d9db993a2e99f2855e18?s=96&d=mm&r=g\",\"caption\":\"UN Etxea\"},\"url\":\"https:\\\/\\\/unetxea.org\\\/en\\\/author\\\/nagusitxea\\\/\"}]}<\/script>\n<!-- \/ Yoast SEO plugin. -->","yoast_head_json":{"title":"Estreno del documental \u00abEzina ekinez egina\u00bb en Fair Saturday 2025 - UN ETXEA","description":"Os invitamos al estreno del documental \u00abEzina ekinez egina\u00bb de Jos\u00e9 Miguel Llano que tendr\u00e1 lugar el pr\u00f3ximo 29 de noviembre a las 18:00h en el Museo Guggenheim Bilbao. Entrada gratuita.En el marco del Festival Fair Saturday 2025, durante su jornada para el arte y la cultura con impacto social, y del programa TopARTE del Museo Guggenheim Bilbao, se estrena el documental \u201cEzina ekinez egina\u201d, dirigido por Jos\u00e9 Miguel Llano, ganador del gran premio en la 14\u00aa edici\u00f3n de nuestro concurso \u00abDame 1 Minuto de Salud\u00bb.Tras el documental tendr\u00e1 lugar un coloquio con Jos\u00e9 Miguel Llano, Abel Fern\u00e1ndez (Ezina Ekinez Egina) y Ziortza Llano (directora del proyecto de Terapia Asistida con Caballos TIPI-TAPA). Disfrutaremos del lanzamiento p\u00fablico de la nueva edici\u00f3n: Dame 1 Minuto de Cultura, dedicada al derecho humano a acceder, participar y disfrutar de la vida cultural.Tambi\u00e9n disfrutaremos de la m\u00fasica y la narraci\u00f3n de la mano de Dariana y Cruz Noguera; y de la danza con Marian Andr\u00e9s Acha y Olfa Sendesni.","robots":{"index":"index","follow":"follow","max-snippet":"max-snippet:-1","max-image-preview":"max-image-preview:large","max-video-preview":"max-video-preview:-1"},"canonical":"https:\/\/unetxea.org\/en\/estreno-del-documental-ezina-ekinez-egina-en-fair-saturday-2025\/","og_locale":"en_US","og_type":"article","og_title":"Estreno del documental \u00abEzina ekinez egina\u00bb en Fair Saturday 2025 - UN ETXEA","og_description":"Os invitamos al estreno del documental \u00abEzina ekinez egina\u00bb de Jos\u00e9 Miguel Llano que tendr\u00e1 lugar el pr\u00f3ximo 29 de noviembre a las 18:00h en el Museo Guggenheim Bilbao. Entrada gratuita.En el marco del Festival Fair Saturday 2025, durante su jornada para el arte y la cultura con impacto social, y del programa TopARTE del Museo Guggenheim Bilbao, se estrena el documental \u201cEzina ekinez egina\u201d, dirigido por Jos\u00e9 Miguel Llano, ganador del gran premio en la 14\u00aa edici\u00f3n de nuestro concurso \u00abDame 1 Minuto de Salud\u00bb.Tras el documental tendr\u00e1 lugar un coloquio con Jos\u00e9 Miguel Llano, Abel Fern\u00e1ndez (Ezina Ekinez Egina) y Ziortza Llano (directora del proyecto de Terapia Asistida con Caballos TIPI-TAPA). Disfrutaremos del lanzamiento p\u00fablico de la nueva edici\u00f3n: Dame 1 Minuto de Cultura, dedicada al derecho humano a acceder, participar y disfrutar de la vida cultural.Tambi\u00e9n disfrutaremos de la m\u00fasica y la narraci\u00f3n de la mano de Dariana y Cruz Noguera; y de la danza con Marian Andr\u00e9s Acha y Olfa Sendesni.","og_url":"https:\/\/unetxea.org\/en\/estreno-del-documental-ezina-ekinez-egina-en-fair-saturday-2025\/","og_site_name":"UN ETXEA","article_publisher":"https:\/\/www.facebook.com\/UNetxea\/","article_published_time":"2025-11-14T10:27:05+00:00","article_modified_time":"2025-12-02T12:07:01+00:00","og_image":[{"width":1104,"height":577,"url":"https:\/\/unetxea.org\/wp-content\/uploads\/2025\/11\/ezina-ekinez-egina-fairsaturday2025-noticiaweb.jpeg","type":"image\/jpeg"}],"author":"UN Etxea","twitter_card":"summary_large_image","twitter_creator":"@UNetxea","twitter_site":"@UNetxea","twitter_misc":{"Written by":"UN Etxea","Est. reading time":"2 minutes"},"schema":{"@context":"https:\/\/schema.org","@graph":[{"@type":"Article","@id":"https:\/\/unetxea.org\/en\/estreno-del-documental-ezina-ekinez-egina-en-fair-saturday-2025\/#article","isPartOf":{"@id":"https:\/\/unetxea.org\/en\/estreno-del-documental-ezina-ekinez-egina-en-fair-saturday-2025\/"},"author":{"name":"UN Etxea","@id":"https:\/\/unetxea.org\/#\/schema\/person\/c115ec46e78902eb5e93b5ca0b96bd2d"},"headline":"Estreno del documental \u00abEzina ekinez egina\u00bb en Fair Saturday 2025","datePublished":"2025-11-14T10:27:05+00:00","dateModified":"2025-12-02T12:07:01+00:00","mainEntityOfPage":{"@id":"https:\/\/unetxea.org\/en\/estreno-del-documental-ezina-ekinez-egina-en-fair-saturday-2025\/"},"wordCount":403,"publisher":{"@id":"https:\/\/unetxea.org\/#organization"},"image":{"@id":"https:\/\/unetxea.org\/en\/estreno-del-documental-ezina-ekinez-egina-en-fair-saturday-2025\/#primaryimage"},"thumbnailUrl":"https:\/\/unetxea.org\/wp-content\/uploads\/2025\/11\/ezina-ekinez-egina-fairsaturday2025-noticiaweb.jpeg","articleSection":["Culture"],"inLanguage":"en-US"},{"@type":"WebPage","@id":"https:\/\/unetxea.org\/en\/estreno-del-documental-ezina-ekinez-egina-en-fair-saturday-2025\/","url":"https:\/\/unetxea.org\/en\/estreno-del-documental-ezina-ekinez-egina-en-fair-saturday-2025\/","name":"Estreno del documental \u00abEzina ekinez egina\u00bb en Fair Saturday 2025 - UN ETXEA","isPartOf":{"@id":"https:\/\/unetxea.org\/#website"},"primaryImageOfPage":{"@id":"https:\/\/unetxea.org\/en\/estreno-del-documental-ezina-ekinez-egina-en-fair-saturday-2025\/#primaryimage"},"image":{"@id":"https:\/\/unetxea.org\/en\/estreno-del-documental-ezina-ekinez-egina-en-fair-saturday-2025\/#primaryimage"},"thumbnailUrl":"https:\/\/unetxea.org\/wp-content\/uploads\/2025\/11\/ezina-ekinez-egina-fairsaturday2025-noticiaweb.jpeg","datePublished":"2025-11-14T10:27:05+00:00","dateModified":"2025-12-02T12:07:01+00:00","description":"Os invitamos al estreno del documental \u00abEzina ekinez egina\u00bb de Jos\u00e9 Miguel Llano que tendr\u00e1 lugar el pr\u00f3ximo 29 de noviembre a las 18:00h en el Museo Guggenheim Bilbao. Entrada gratuita.En el marco del Festival Fair Saturday 2025, durante su jornada para el arte y la cultura con impacto social, y del programa TopARTE del Museo Guggenheim Bilbao, se estrena el documental \u201cEzina ekinez egina\u201d, dirigido por Jos\u00e9 Miguel Llano, ganador del gran premio en la 14\u00aa edici\u00f3n de nuestro concurso \u00abDame 1 Minuto de Salud\u00bb.Tras el documental tendr\u00e1 lugar un coloquio con Jos\u00e9 Miguel Llano, Abel Fern\u00e1ndez (Ezina Ekinez Egina) y Ziortza Llano (directora del proyecto de Terapia Asistida con Caballos TIPI-TAPA). Disfrutaremos del lanzamiento p\u00fablico de la nueva edici\u00f3n: Dame 1 Minuto de Cultura, dedicada al derecho humano a acceder, participar y disfrutar de la vida cultural.Tambi\u00e9n disfrutaremos de la m\u00fasica y la narraci\u00f3n de la mano de Dariana y Cruz Noguera; y de la danza con Marian Andr\u00e9s Acha y Olfa Sendesni.","breadcrumb":{"@id":"https:\/\/unetxea.org\/en\/estreno-del-documental-ezina-ekinez-egina-en-fair-saturday-2025\/#breadcrumb"},"inLanguage":"en-US","potentialAction":[{"@type":"ReadAction","target":["https:\/\/unetxea.org\/en\/estreno-del-documental-ezina-ekinez-egina-en-fair-saturday-2025\/"]}]},{"@type":"ImageObject","inLanguage":"en-US","@id":"https:\/\/unetxea.org\/en\/estreno-del-documental-ezina-ekinez-egina-en-fair-saturday-2025\/#primaryimage","url":"https:\/\/unetxea.org\/wp-content\/uploads\/2025\/11\/ezina-ekinez-egina-fairsaturday2025-noticiaweb.jpeg","contentUrl":"https:\/\/unetxea.org\/wp-content\/uploads\/2025\/11\/ezina-ekinez-egina-fairsaturday2025-noticiaweb.jpeg","width":1104,"height":577},{"@type":"BreadcrumbList","@id":"https:\/\/unetxea.org\/en\/estreno-del-documental-ezina-ekinez-egina-en-fair-saturday-2025\/#breadcrumb","itemListElement":[{"@type":"ListItem","position":1,"name":"Portada","item":"https:\/\/unetxea.org\/en\/"},{"@type":"ListItem","position":2,"name":"Estreno del documental \u00abEzina ekinez egina\u00bb en Fair Saturday 2025"}]},{"@type":"WebSite","@id":"https:\/\/unetxea.org\/#website","url":"https:\/\/unetxea.org\/","name":"UN ETXEA","description":"Asociaci\u00f3n del Pa\u00eds Vasco para la UNESCO","publisher":{"@id":"https:\/\/unetxea.org\/#organization"},"potentialAction":[{"@type":"SearchAction","target":{"@type":"EntryPoint","urlTemplate":"https:\/\/unetxea.org\/?s={search_term_string}"},"query-input":{"@type":"PropertyValueSpecification","valueRequired":true,"valueName":"search_term_string"}}],"inLanguage":"en-US"},{"@type":"Organization","@id":"https:\/\/unetxea.org\/#organization","name":"UN ETXEA","url":"https:\/\/unetxea.org\/","logo":{"@type":"ImageObject","inLanguage":"en-US","@id":"https:\/\/unetxea.org\/#\/schema\/logo\/image\/","url":"https:\/\/unetxea.org\/wp-content\/uploads\/2025\/01\/logo-unetxea500.jpg","contentUrl":"https:\/\/unetxea.org\/wp-content\/uploads\/2025\/01\/logo-unetxea500.jpg","width":500,"height":484,"caption":"UN ETXEA"},"image":{"@id":"https:\/\/unetxea.org\/#\/schema\/logo\/image\/"},"sameAs":["https:\/\/www.facebook.com\/UNetxea\/","https:\/\/x.com\/UNetxea","https:\/\/www.youtube.com\/@UNetxea"]},{"@type":"Person","@id":"https:\/\/unetxea.org\/#\/schema\/person\/c115ec46e78902eb5e93b5ca0b96bd2d","name":"UN Etxea","image":{"@type":"ImageObject","inLanguage":"en-US","@id":"https:\/\/secure.gravatar.com\/avatar\/67b8d0f0ae884d096f535d6fbbb63507af5ec28b6be2d9db993a2e99f2855e18?s=96&d=mm&r=g","url":"https:\/\/secure.gravatar.com\/avatar\/67b8d0f0ae884d096f535d6fbbb63507af5ec28b6be2d9db993a2e99f2855e18?s=96&d=mm&r=g","contentUrl":"https:\/\/secure.gravatar.com\/avatar\/67b8d0f0ae884d096f535d6fbbb63507af5ec28b6be2d9db993a2e99f2855e18?s=96&d=mm&r=g","caption":"UN Etxea"},"url":"https:\/\/unetxea.org\/en\/author\/nagusitxea\/"}]}},"_links":{"self":[{"href":"https:\/\/unetxea.org\/en\/wp-json\/wp\/v2\/posts\/12452","targetHints":{"allow":["GET"]}}],"collection":[{"href":"https:\/\/unetxea.org\/en\/wp-json\/wp\/v2\/posts"}],"about":[{"href":"https:\/\/unetxea.org\/en\/wp-json\/wp\/v2\/types\/post"}],"author":[{"embeddable":true,"href":"https:\/\/unetxea.org\/en\/wp-json\/wp\/v2\/users\/2"}],"replies":[{"embeddable":true,"href":"https:\/\/unetxea.org\/en\/wp-json\/wp\/v2\/comments?post=12452"}],"version-history":[{"count":2,"href":"https:\/\/unetxea.org\/en\/wp-json\/wp\/v2\/posts\/12452\/revisions"}],"predecessor-version":[{"id":12458,"href":"https:\/\/unetxea.org\/en\/wp-json\/wp\/v2\/posts\/12452\/revisions\/12458"}],"wp:featuredmedia":[{"embeddable":true,"href":"https:\/\/unetxea.org\/en\/wp-json\/wp\/v2\/media\/12449"}],"wp:attachment":[{"href":"https:\/\/unetxea.org\/en\/wp-json\/wp\/v2\/media?parent=12452"}],"wp:term":[{"taxonomy":"category","embeddable":true,"href":"https:\/\/unetxea.org\/en\/wp-json\/wp\/v2\/categories?post=12452"},{"taxonomy":"post_tag","embeddable":true,"href":"https:\/\/unetxea.org\/en\/wp-json\/wp\/v2\/tags?post=12452"}],"curies":[{"name":"wp","href":"https:\/\/api.w.org\/{rel}","templated":true}]}}