{"id":12498,"date":"2025-11-20T13:08:36","date_gmt":"2025-11-20T12:08:36","guid":{"rendered":"https:\/\/unetxea.org\/?p=12498"},"modified":"2026-02-02T13:45:18","modified_gmt":"2026-02-02T12:45:18","slug":"educacion-cultural-y-artistica-innovacion-desde-la-red-de-escuelas-unesco","status":"publish","type":"post","link":"https:\/\/unetxea.org\/en\/educacion-cultural-y-artistica-innovacion-desde-la-red-de-escuelas-unesco\/","title":{"rendered":"Educaci\u00f3n cultural y art\u00edstica: innovaci\u00f3n desde la Red de Escuelas UNESCO"},"content":{"rendered":"<p>La publicaci\u00f3n <strong>\u201c<a href=\"https:\/\/unetxea.org\/en\/portfolio-item\/educacion-cultural-y-artistica-casos-inspiradores-red-de-escuelas-asociadas-de-la-unesco-camino-a-mondiacult-2025\/\">Educaci\u00f3n Cultural y Art\u00edstica. Casos inspiradores. Red de Escuelas Asociadas de la UNESCO. Camino a MONDIACULT 2025<\/a>\u201d<\/strong>, coordinada y redactada por Bego\u00f1a Guzm\u00e1n S\u00e1nchez, responsable de Cultura en UN Etxea, nace del XXXVI Encuentro de Escuelas Asociadas de la UNESCO, celebrado en M\u00e9rida del 1 al 4 de julio de 2025 y organizado por la Red Estatal de Escuelas Asociadas de la UNESCO.<\/p>\n<p>&nbsp;<\/p>\n<p>Este documento recoge experiencias pedag\u00f3gicas que demuestran c\u00f3mo la educaci\u00f3n art\u00edstica y cultural, integrada en los procesos educativos, es una herramienta para la inclusi\u00f3n, la creatividad y la construcci\u00f3n de ciudadan\u00eda global.<\/p>\n<p>&nbsp;<\/p>\n<h6><strong>La Red de Escuelas UNESCO como espacio de innovaci\u00f3n educativa<\/strong><\/h6>\n<p>Las experiencias se desarrollan en el contexto de la Red de Escuelas Asociadas de la UNESCO (redPEA), una comunidad internacional que conecta a m\u00e1s de 12.000 centros educativos en 182 pa\u00edses con un objetivo com\u00fan: fomentar la paz en la mente de ni\u00f1os, ni\u00f1as y j\u00f3venes. En Espa\u00f1a, 197 escuelas forman parte de esta red, incluyendo 15 en el Pa\u00eds Vasco.<\/p>\n<p>&nbsp;<\/p>\n<p>La redPEA se articula en torno a tres prioridades estrat\u00e9gicas:<\/p>\n<ul>\n<li>Educaci\u00f3n para el desarrollo sostenible.<\/li>\n<li>Educaci\u00f3n para la ciudadan\u00eda global.<\/li>\n<li>Aprendizaje intercultural y del patrimonio.<\/li>\n<\/ul>\n<p>&nbsp;<\/p>\n<p>Adem\u00e1s, impulsa cuatro l\u00edneas de acci\u00f3n:<\/p>\n<ol>\n<li>Innovaci\u00f3n educativa, promoviendo metodolog\u00edas creativas y transformadoras.<\/li>\n<li>Colaboraci\u00f3n entre escuelas, para compartir saberes y buenas pr\u00e1cticas.<\/li>\n<li>Desarrollo de capacidades docentes e institucionales, mediante formaci\u00f3n continua.<\/li>\n<li>Incidencia y comunicaci\u00f3n, para influir en pol\u00edticas p\u00fablicas y sensibilizar a la sociedad.<\/li>\n<\/ol>\n<p>&nbsp;<\/p>\n<p>Estas l\u00edneas convierten a las escuelas en laboratorios vivos, donde se experimenta con enfoques pedag\u00f3gicos que integran cultura, arte y derechos humanos.<\/p>\n<p><strong>\u00a0<\/strong><\/p>\n<h6><strong>Casos inspiradores: cultura viva en la escuela<\/strong><\/h6>\n<p>La publicaci\u00f3n presenta proyectos que se est\u00e1n llevando a cabo en escuela de la Red UNESCO y que son ejemplo de c\u00f3mo la educaci\u00f3n art\u00edstica y cultural transforma el aula:<\/p>\n<ul>\n<li>Tradiziotik bihotzera (IES Toki Alai, Irun): revitalizaci\u00f3n del patrimonio musical vasco mediante investigaci\u00f3n y creaci\u00f3n audiovisual.<\/li>\n<li>El Grito de Gernika (Berrio Otxoa Ikastetxea, Bilbao): el arte como herramienta para la memoria hist\u00f3rica y la cultura de paz.<\/li>\n<li>Ondare UP! Otxarkoaga (Bilbao): j\u00f3venes que exploran el patrimonio desde una mirada cr\u00edtica, art\u00edstica e intercultural.<\/li>\n<li>Gloria Fuertes (Andorra, Teruel): el arte como lenguaje inclusivo en un centro de educaci\u00f3n especial.<\/li>\n<li>AraArt (Institut Leonardo da Vinci, Sant Cugat): innovaci\u00f3n pedag\u00f3gica que sit\u00faa la creaci\u00f3n art\u00edstica en el centro del aprendizaje.<\/li>\n<li>Compartim el nostre patrimoni local (Catalu\u00f1a): colaboraci\u00f3n entre centros para investigar y valorar el patrimonio hist\u00f3rico.<\/li>\n<li>Patrimoni immaterial i gr\u00e0fic (CEIP Es Puig, S\u00f3ller): exploraci\u00f3n de tradiciones orales y arte gr\u00e1fico para fortalecer la memoria colectiva.<\/li>\n<li>Reviviendo Emerita (IES S\u00e1enz de Buruaga, M\u00e9rida): reconstrucci\u00f3n digital y f\u00edsica de Augusta Emerita, conectando pasado y presente.<\/li>\n<\/ul>\n<p>&nbsp;<\/p>\n<p>Estos casos demuestran que la educaci\u00f3n cultural y art\u00edstica no es un complemento, sino un motor de inclusi\u00f3n, creatividad, desarrollo personal y transformaci\u00f3n de la comunidad educativa.<\/p>\n<p>&nbsp;<\/p>\n<h6><strong>Conexi\u00f3n con la agenda internacional: Marco UNESCO, Gu\u00eda de implementaci\u00f3n y MONDIACULT<\/strong><\/h6>\n<p>Aunque estas experiencias se enmarcan en la acci\u00f3n local de la redPEA, su sentido se amplifica al conectarse con los compromisos globales de la UNESCO:<\/p>\n<ul>\n<li>Marco UNESCO para la Educaci\u00f3n Cultural y Art\u00edstica (2024): aprobado en Abu Dabi, establece objetivos para integrar la cultura y las artes en los sistemas educativos como pilares del desarrollo sostenible y la paz.<\/li>\n<li>Gu\u00eda de Implementaci\u00f3n de la Educaci\u00f3n Art\u00edstica (UNESCO, 2025): orienta a gobiernos, instituciones educativas y agentes culturales para garantizar el acceso universal a la educaci\u00f3n art\u00edstica desde una perspectiva de derechos humanos, diversidad cultural y sostenibilidad.<\/li>\n<li>MONDIACULT 2025: ha sido el espacio para compartir estas pr\u00e1cticas y fortalecer el compromiso global con una educaci\u00f3n que integre la cultura como derecho y como recurso para imaginar futuros posibles.<\/li>\n<\/ul>\n<p>&nbsp;<\/p>\n<p><strong>UN Etxea invita a docentes, instituciones y agentes culturales a inspirarse en estas experiencias y sumarse a la implementaci\u00f3n del Marco UNESCO y la Gu\u00eda para la acci\u00f3n. La educaci\u00f3n art\u00edstica y cultural es clave para construir sociedades m\u00e1s justas, creativas y diversas.<\/strong><\/p>\n<p>&nbsp;<\/p>\n<p><img loading=\"lazy\" decoding=\"async\" class=\"transparent\" src=\"https:\/\/unetxea.org\/wp-content\/uploads\/2021\/01\/Logo_pdf.png\" alt=\"https:\/\/unetxea.org\/wp-content\/uploads\/2021\/01\/Logo_pdf.png\" width=\"37\" height=\"37\" align=\"left\" \/> \u00a0\u00a0 <strong><a class=\"menu-N3\" href=\"https:\/\/unetxea.org\/en\/portfolio-item\/educacion-cultural-y-artistica-casos-inspiradores-red-de-escuelas-asociadas-de-la-unesco-camino-a-mondiacult-2025\/\" target=\"_blank\" rel=\"noopener noreferrer\">VER PUBLICACI\u00d3N<\/a><\/strong><\/p>\n<div class=\"edgtf-separator-holder clearfix edgtf-separator-center edgtf-separator-normal\">\n<div class=\"edgtf-separator\"><\/div>\n<\/div>\n<p>&nbsp;<\/p>\n<p>&nbsp;<\/p>\n<p><em>*Imagen de portada: Colegio p\u00fablico de educaci\u00f3n especial Gloria Fuertes (Andorra, Teruel)<\/em><\/p>\n","protected":false},"excerpt":{"rendered":"<p>La publicaci\u00f3n \u201cEducaci\u00f3n Cultural y Art\u00edstica. Casos inspiradores. Red de Escuelas Asociadas de la UNESCO. Camino a MONDIACULT 2025\u201d, coordinada y redactada por Bego\u00f1a Guzm\u00e1n S\u00e1nchez, responsable de Cultura en [&hellip;]<\/p>\n","protected":false},"author":2,"featured_media":12494,"comment_status":"closed","ping_status":"open","sticky":false,"template":"","format":"standard","meta":{"footnotes":""},"categories":[150,81],"tags":[],"class_list":["post-12498","post","type-post","status-publish","format-standard","has-post-thumbnail","hentry","category-culture","category-education"],"yoast_head":"<!-- This site is optimized with the Yoast SEO plugin v27.5 - https:\/\/yoast.com\/product\/yoast-seo-wordpress\/ -->\n<title>Educaci\u00f3n cultural y art\u00edstica: innovaci\u00f3n desde la Red de Escuelas UNESCO - UN ETXEA<\/title>\n<meta name=\"robots\" content=\"index, follow, max-snippet:-1, max-image-preview:large, max-video-preview:-1\" \/>\n<link rel=\"canonical\" href=\"https:\/\/unetxea.org\/en\/educacion-cultural-y-artistica-innovacion-desde-la-red-de-escuelas-unesco\/\" \/>\n<meta property=\"og:locale\" content=\"en_US\" \/>\n<meta property=\"og:type\" content=\"article\" \/>\n<meta property=\"og:title\" content=\"Educaci\u00f3n cultural y art\u00edstica: innovaci\u00f3n desde la Red de Escuelas UNESCO - UN ETXEA\" \/>\n<meta property=\"og:description\" content=\"La publicaci\u00f3n \u201cEducaci\u00f3n Cultural y Art\u00edstica. Casos inspiradores. Red de Escuelas Asociadas de la UNESCO. Camino a MONDIACULT 2025\u201d, coordinada y redactada por Bego\u00f1a Guzm\u00e1n S\u00e1nchez, responsable de Cultura en [&hellip;]\" \/>\n<meta property=\"og:url\" content=\"https:\/\/unetxea.org\/en\/educacion-cultural-y-artistica-innovacion-desde-la-red-de-escuelas-unesco\/\" \/>\n<meta property=\"og:site_name\" content=\"UN ETXEA\" \/>\n<meta property=\"article:publisher\" content=\"https:\/\/www.facebook.com\/UNetxea\/\" \/>\n<meta property=\"article:published_time\" content=\"2025-11-20T12:08:36+00:00\" \/>\n<meta property=\"article:modified_time\" content=\"2026-02-02T12:45:18+00:00\" \/>\n<meta property=\"og:image\" content=\"https:\/\/unetxea.org\/wp-content\/uploads\/2025\/11\/educacion-cultural-artistica-redPEA-noticia.jpg\" \/>\n\t<meta property=\"og:image:width\" content=\"1198\" \/>\n\t<meta property=\"og:image:height\" content=\"577\" \/>\n\t<meta property=\"og:image:type\" content=\"image\/jpeg\" \/>\n<meta name=\"author\" content=\"UN Etxea\" \/>\n<meta name=\"twitter:card\" content=\"summary_large_image\" \/>\n<meta name=\"twitter:creator\" content=\"@UNetxea\" \/>\n<meta name=\"twitter:site\" content=\"@UNetxea\" \/>\n<meta name=\"twitter:label1\" content=\"Written by\" \/>\n\t<meta name=\"twitter:data1\" content=\"UN Etxea\" \/>\n\t<meta name=\"twitter:label2\" content=\"Est. reading time\" \/>\n\t<meta name=\"twitter:data2\" content=\"4 minutes\" \/>\n<script type=\"application\/ld+json\" class=\"yoast-schema-graph\">{\"@context\":\"https:\\\/\\\/schema.org\",\"@graph\":[{\"@type\":\"Article\",\"@id\":\"https:\\\/\\\/unetxea.org\\\/en\\\/educacion-cultural-y-artistica-innovacion-desde-la-red-de-escuelas-unesco\\\/#article\",\"isPartOf\":{\"@id\":\"https:\\\/\\\/unetxea.org\\\/en\\\/educacion-cultural-y-artistica-innovacion-desde-la-red-de-escuelas-unesco\\\/\"},\"author\":{\"name\":\"UN Etxea\",\"@id\":\"https:\\\/\\\/unetxea.org\\\/#\\\/schema\\\/person\\\/c115ec46e78902eb5e93b5ca0b96bd2d\"},\"headline\":\"Educaci\u00f3n cultural y art\u00edstica: innovaci\u00f3n desde la Red de Escuelas UNESCO\",\"datePublished\":\"2025-11-20T12:08:36+00:00\",\"dateModified\":\"2026-02-02T12:45:18+00:00\",\"mainEntityOfPage\":{\"@id\":\"https:\\\/\\\/unetxea.org\\\/en\\\/educacion-cultural-y-artistica-innovacion-desde-la-red-de-escuelas-unesco\\\/\"},\"wordCount\":769,\"publisher\":{\"@id\":\"https:\\\/\\\/unetxea.org\\\/#organization\"},\"image\":{\"@id\":\"https:\\\/\\\/unetxea.org\\\/en\\\/educacion-cultural-y-artistica-innovacion-desde-la-red-de-escuelas-unesco\\\/#primaryimage\"},\"thumbnailUrl\":\"https:\\\/\\\/unetxea.org\\\/wp-content\\\/uploads\\\/2025\\\/11\\\/educacion-cultural-artistica-redPEA-noticia.jpg\",\"articleSection\":[\"Culture\",\"Education\"],\"inLanguage\":\"en-US\"},{\"@type\":\"WebPage\",\"@id\":\"https:\\\/\\\/unetxea.org\\\/en\\\/educacion-cultural-y-artistica-innovacion-desde-la-red-de-escuelas-unesco\\\/\",\"url\":\"https:\\\/\\\/unetxea.org\\\/en\\\/educacion-cultural-y-artistica-innovacion-desde-la-red-de-escuelas-unesco\\\/\",\"name\":\"Educaci\u00f3n cultural y art\u00edstica: innovaci\u00f3n desde la Red de Escuelas UNESCO - UN ETXEA\",\"isPartOf\":{\"@id\":\"https:\\\/\\\/unetxea.org\\\/#website\"},\"primaryImageOfPage\":{\"@id\":\"https:\\\/\\\/unetxea.org\\\/en\\\/educacion-cultural-y-artistica-innovacion-desde-la-red-de-escuelas-unesco\\\/#primaryimage\"},\"image\":{\"@id\":\"https:\\\/\\\/unetxea.org\\\/en\\\/educacion-cultural-y-artistica-innovacion-desde-la-red-de-escuelas-unesco\\\/#primaryimage\"},\"thumbnailUrl\":\"https:\\\/\\\/unetxea.org\\\/wp-content\\\/uploads\\\/2025\\\/11\\\/educacion-cultural-artistica-redPEA-noticia.jpg\",\"datePublished\":\"2025-11-20T12:08:36+00:00\",\"dateModified\":\"2026-02-02T12:45:18+00:00\",\"breadcrumb\":{\"@id\":\"https:\\\/\\\/unetxea.org\\\/en\\\/educacion-cultural-y-artistica-innovacion-desde-la-red-de-escuelas-unesco\\\/#breadcrumb\"},\"inLanguage\":\"en-US\",\"potentialAction\":[{\"@type\":\"ReadAction\",\"target\":[\"https:\\\/\\\/unetxea.org\\\/en\\\/educacion-cultural-y-artistica-innovacion-desde-la-red-de-escuelas-unesco\\\/\"]}]},{\"@type\":\"ImageObject\",\"inLanguage\":\"en-US\",\"@id\":\"https:\\\/\\\/unetxea.org\\\/en\\\/educacion-cultural-y-artistica-innovacion-desde-la-red-de-escuelas-unesco\\\/#primaryimage\",\"url\":\"https:\\\/\\\/unetxea.org\\\/wp-content\\\/uploads\\\/2025\\\/11\\\/educacion-cultural-artistica-redPEA-noticia.jpg\",\"contentUrl\":\"https:\\\/\\\/unetxea.org\\\/wp-content\\\/uploads\\\/2025\\\/11\\\/educacion-cultural-artistica-redPEA-noticia.jpg\",\"width\":1198,\"height\":577},{\"@type\":\"BreadcrumbList\",\"@id\":\"https:\\\/\\\/unetxea.org\\\/en\\\/educacion-cultural-y-artistica-innovacion-desde-la-red-de-escuelas-unesco\\\/#breadcrumb\",\"itemListElement\":[{\"@type\":\"ListItem\",\"position\":1,\"name\":\"Portada\",\"item\":\"https:\\\/\\\/unetxea.org\\\/en\\\/\"},{\"@type\":\"ListItem\",\"position\":2,\"name\":\"Educaci\u00f3n cultural y art\u00edstica: innovaci\u00f3n desde la Red de Escuelas UNESCO\"}]},{\"@type\":\"WebSite\",\"@id\":\"https:\\\/\\\/unetxea.org\\\/#website\",\"url\":\"https:\\\/\\\/unetxea.org\\\/\",\"name\":\"UN ETXEA\",\"description\":\"Asociaci\u00f3n del Pa\u00eds Vasco para la UNESCO\",\"publisher\":{\"@id\":\"https:\\\/\\\/unetxea.org\\\/#organization\"},\"potentialAction\":[{\"@type\":\"SearchAction\",\"target\":{\"@type\":\"EntryPoint\",\"urlTemplate\":\"https:\\\/\\\/unetxea.org\\\/?s={search_term_string}\"},\"query-input\":{\"@type\":\"PropertyValueSpecification\",\"valueRequired\":true,\"valueName\":\"search_term_string\"}}],\"inLanguage\":\"en-US\"},{\"@type\":\"Organization\",\"@id\":\"https:\\\/\\\/unetxea.org\\\/#organization\",\"name\":\"UN ETXEA\",\"url\":\"https:\\\/\\\/unetxea.org\\\/\",\"logo\":{\"@type\":\"ImageObject\",\"inLanguage\":\"en-US\",\"@id\":\"https:\\\/\\\/unetxea.org\\\/#\\\/schema\\\/logo\\\/image\\\/\",\"url\":\"https:\\\/\\\/unetxea.org\\\/wp-content\\\/uploads\\\/2025\\\/01\\\/logo-unetxea500.jpg\",\"contentUrl\":\"https:\\\/\\\/unetxea.org\\\/wp-content\\\/uploads\\\/2025\\\/01\\\/logo-unetxea500.jpg\",\"width\":500,\"height\":484,\"caption\":\"UN ETXEA\"},\"image\":{\"@id\":\"https:\\\/\\\/unetxea.org\\\/#\\\/schema\\\/logo\\\/image\\\/\"},\"sameAs\":[\"https:\\\/\\\/www.facebook.com\\\/UNetxea\\\/\",\"https:\\\/\\\/x.com\\\/UNetxea\",\"https:\\\/\\\/www.youtube.com\\\/@UNetxea\"]},{\"@type\":\"Person\",\"@id\":\"https:\\\/\\\/unetxea.org\\\/#\\\/schema\\\/person\\\/c115ec46e78902eb5e93b5ca0b96bd2d\",\"name\":\"UN Etxea\",\"image\":{\"@type\":\"ImageObject\",\"inLanguage\":\"en-US\",\"@id\":\"https:\\\/\\\/secure.gravatar.com\\\/avatar\\\/67b8d0f0ae884d096f535d6fbbb63507af5ec28b6be2d9db993a2e99f2855e18?s=96&d=mm&r=g\",\"url\":\"https:\\\/\\\/secure.gravatar.com\\\/avatar\\\/67b8d0f0ae884d096f535d6fbbb63507af5ec28b6be2d9db993a2e99f2855e18?s=96&d=mm&r=g\",\"contentUrl\":\"https:\\\/\\\/secure.gravatar.com\\\/avatar\\\/67b8d0f0ae884d096f535d6fbbb63507af5ec28b6be2d9db993a2e99f2855e18?s=96&d=mm&r=g\",\"caption\":\"UN Etxea\"},\"url\":\"https:\\\/\\\/unetxea.org\\\/en\\\/author\\\/nagusitxea\\\/\"}]}<\/script>\n<!-- \/ Yoast SEO plugin. -->","yoast_head_json":{"title":"Educaci\u00f3n cultural y art\u00edstica: innovaci\u00f3n desde la Red de Escuelas UNESCO - UN ETXEA","robots":{"index":"index","follow":"follow","max-snippet":"max-snippet:-1","max-image-preview":"max-image-preview:large","max-video-preview":"max-video-preview:-1"},"canonical":"https:\/\/unetxea.org\/en\/educacion-cultural-y-artistica-innovacion-desde-la-red-de-escuelas-unesco\/","og_locale":"en_US","og_type":"article","og_title":"Educaci\u00f3n cultural y art\u00edstica: innovaci\u00f3n desde la Red de Escuelas UNESCO - UN ETXEA","og_description":"La publicaci\u00f3n \u201cEducaci\u00f3n Cultural y Art\u00edstica. Casos inspiradores. Red de Escuelas Asociadas de la UNESCO. Camino a MONDIACULT 2025\u201d, coordinada y redactada por Bego\u00f1a Guzm\u00e1n S\u00e1nchez, responsable de Cultura en [&hellip;]","og_url":"https:\/\/unetxea.org\/en\/educacion-cultural-y-artistica-innovacion-desde-la-red-de-escuelas-unesco\/","og_site_name":"UN ETXEA","article_publisher":"https:\/\/www.facebook.com\/UNetxea\/","article_published_time":"2025-11-20T12:08:36+00:00","article_modified_time":"2026-02-02T12:45:18+00:00","og_image":[{"width":1198,"height":577,"url":"https:\/\/unetxea.org\/wp-content\/uploads\/2025\/11\/educacion-cultural-artistica-redPEA-noticia.jpg","type":"image\/jpeg"}],"author":"UN Etxea","twitter_card":"summary_large_image","twitter_creator":"@UNetxea","twitter_site":"@UNetxea","twitter_misc":{"Written by":"UN Etxea","Est. reading time":"4 minutes"},"schema":{"@context":"https:\/\/schema.org","@graph":[{"@type":"Article","@id":"https:\/\/unetxea.org\/en\/educacion-cultural-y-artistica-innovacion-desde-la-red-de-escuelas-unesco\/#article","isPartOf":{"@id":"https:\/\/unetxea.org\/en\/educacion-cultural-y-artistica-innovacion-desde-la-red-de-escuelas-unesco\/"},"author":{"name":"UN Etxea","@id":"https:\/\/unetxea.org\/#\/schema\/person\/c115ec46e78902eb5e93b5ca0b96bd2d"},"headline":"Educaci\u00f3n cultural y art\u00edstica: innovaci\u00f3n desde la Red de Escuelas UNESCO","datePublished":"2025-11-20T12:08:36+00:00","dateModified":"2026-02-02T12:45:18+00:00","mainEntityOfPage":{"@id":"https:\/\/unetxea.org\/en\/educacion-cultural-y-artistica-innovacion-desde-la-red-de-escuelas-unesco\/"},"wordCount":769,"publisher":{"@id":"https:\/\/unetxea.org\/#organization"},"image":{"@id":"https:\/\/unetxea.org\/en\/educacion-cultural-y-artistica-innovacion-desde-la-red-de-escuelas-unesco\/#primaryimage"},"thumbnailUrl":"https:\/\/unetxea.org\/wp-content\/uploads\/2025\/11\/educacion-cultural-artistica-redPEA-noticia.jpg","articleSection":["Culture","Education"],"inLanguage":"en-US"},{"@type":"WebPage","@id":"https:\/\/unetxea.org\/en\/educacion-cultural-y-artistica-innovacion-desde-la-red-de-escuelas-unesco\/","url":"https:\/\/unetxea.org\/en\/educacion-cultural-y-artistica-innovacion-desde-la-red-de-escuelas-unesco\/","name":"Educaci\u00f3n cultural y art\u00edstica: innovaci\u00f3n desde la Red de Escuelas UNESCO - UN ETXEA","isPartOf":{"@id":"https:\/\/unetxea.org\/#website"},"primaryImageOfPage":{"@id":"https:\/\/unetxea.org\/en\/educacion-cultural-y-artistica-innovacion-desde-la-red-de-escuelas-unesco\/#primaryimage"},"image":{"@id":"https:\/\/unetxea.org\/en\/educacion-cultural-y-artistica-innovacion-desde-la-red-de-escuelas-unesco\/#primaryimage"},"thumbnailUrl":"https:\/\/unetxea.org\/wp-content\/uploads\/2025\/11\/educacion-cultural-artistica-redPEA-noticia.jpg","datePublished":"2025-11-20T12:08:36+00:00","dateModified":"2026-02-02T12:45:18+00:00","breadcrumb":{"@id":"https:\/\/unetxea.org\/en\/educacion-cultural-y-artistica-innovacion-desde-la-red-de-escuelas-unesco\/#breadcrumb"},"inLanguage":"en-US","potentialAction":[{"@type":"ReadAction","target":["https:\/\/unetxea.org\/en\/educacion-cultural-y-artistica-innovacion-desde-la-red-de-escuelas-unesco\/"]}]},{"@type":"ImageObject","inLanguage":"en-US","@id":"https:\/\/unetxea.org\/en\/educacion-cultural-y-artistica-innovacion-desde-la-red-de-escuelas-unesco\/#primaryimage","url":"https:\/\/unetxea.org\/wp-content\/uploads\/2025\/11\/educacion-cultural-artistica-redPEA-noticia.jpg","contentUrl":"https:\/\/unetxea.org\/wp-content\/uploads\/2025\/11\/educacion-cultural-artistica-redPEA-noticia.jpg","width":1198,"height":577},{"@type":"BreadcrumbList","@id":"https:\/\/unetxea.org\/en\/educacion-cultural-y-artistica-innovacion-desde-la-red-de-escuelas-unesco\/#breadcrumb","itemListElement":[{"@type":"ListItem","position":1,"name":"Portada","item":"https:\/\/unetxea.org\/en\/"},{"@type":"ListItem","position":2,"name":"Educaci\u00f3n cultural y art\u00edstica: innovaci\u00f3n desde la Red de Escuelas UNESCO"}]},{"@type":"WebSite","@id":"https:\/\/unetxea.org\/#website","url":"https:\/\/unetxea.org\/","name":"UN ETXEA","description":"Asociaci\u00f3n del Pa\u00eds Vasco para la UNESCO","publisher":{"@id":"https:\/\/unetxea.org\/#organization"},"potentialAction":[{"@type":"SearchAction","target":{"@type":"EntryPoint","urlTemplate":"https:\/\/unetxea.org\/?s={search_term_string}"},"query-input":{"@type":"PropertyValueSpecification","valueRequired":true,"valueName":"search_term_string"}}],"inLanguage":"en-US"},{"@type":"Organization","@id":"https:\/\/unetxea.org\/#organization","name":"UN ETXEA","url":"https:\/\/unetxea.org\/","logo":{"@type":"ImageObject","inLanguage":"en-US","@id":"https:\/\/unetxea.org\/#\/schema\/logo\/image\/","url":"https:\/\/unetxea.org\/wp-content\/uploads\/2025\/01\/logo-unetxea500.jpg","contentUrl":"https:\/\/unetxea.org\/wp-content\/uploads\/2025\/01\/logo-unetxea500.jpg","width":500,"height":484,"caption":"UN ETXEA"},"image":{"@id":"https:\/\/unetxea.org\/#\/schema\/logo\/image\/"},"sameAs":["https:\/\/www.facebook.com\/UNetxea\/","https:\/\/x.com\/UNetxea","https:\/\/www.youtube.com\/@UNetxea"]},{"@type":"Person","@id":"https:\/\/unetxea.org\/#\/schema\/person\/c115ec46e78902eb5e93b5ca0b96bd2d","name":"UN Etxea","image":{"@type":"ImageObject","inLanguage":"en-US","@id":"https:\/\/secure.gravatar.com\/avatar\/67b8d0f0ae884d096f535d6fbbb63507af5ec28b6be2d9db993a2e99f2855e18?s=96&d=mm&r=g","url":"https:\/\/secure.gravatar.com\/avatar\/67b8d0f0ae884d096f535d6fbbb63507af5ec28b6be2d9db993a2e99f2855e18?s=96&d=mm&r=g","contentUrl":"https:\/\/secure.gravatar.com\/avatar\/67b8d0f0ae884d096f535d6fbbb63507af5ec28b6be2d9db993a2e99f2855e18?s=96&d=mm&r=g","caption":"UN Etxea"},"url":"https:\/\/unetxea.org\/en\/author\/nagusitxea\/"}]}},"_links":{"self":[{"href":"https:\/\/unetxea.org\/en\/wp-json\/wp\/v2\/posts\/12498","targetHints":{"allow":["GET"]}}],"collection":[{"href":"https:\/\/unetxea.org\/en\/wp-json\/wp\/v2\/posts"}],"about":[{"href":"https:\/\/unetxea.org\/en\/wp-json\/wp\/v2\/types\/post"}],"author":[{"embeddable":true,"href":"https:\/\/unetxea.org\/en\/wp-json\/wp\/v2\/users\/2"}],"replies":[{"embeddable":true,"href":"https:\/\/unetxea.org\/en\/wp-json\/wp\/v2\/comments?post=12498"}],"version-history":[{"count":1,"href":"https:\/\/unetxea.org\/en\/wp-json\/wp\/v2\/posts\/12498\/revisions"}],"predecessor-version":[{"id":12501,"href":"https:\/\/unetxea.org\/en\/wp-json\/wp\/v2\/posts\/12498\/revisions\/12501"}],"wp:featuredmedia":[{"embeddable":true,"href":"https:\/\/unetxea.org\/en\/wp-json\/wp\/v2\/media\/12494"}],"wp:attachment":[{"href":"https:\/\/unetxea.org\/en\/wp-json\/wp\/v2\/media?parent=12498"}],"wp:term":[{"taxonomy":"category","embeddable":true,"href":"https:\/\/unetxea.org\/en\/wp-json\/wp\/v2\/categories?post=12498"},{"taxonomy":"post_tag","embeddable":true,"href":"https:\/\/unetxea.org\/en\/wp-json\/wp\/v2\/tags?post=12498"}],"curies":[{"name":"wp","href":"https:\/\/api.w.org\/{rel}","templated":true}]}}