{"id":13264,"date":"2026-04-28T13:01:50","date_gmt":"2026-04-28T11:01:50","guid":{"rendered":"https:\/\/unetxea.org\/?p=13264"},"modified":"2026-04-28T13:02:10","modified_gmt":"2026-04-28T11:02:10","slug":"la-rehabilitacion-urbana-como-motor-de-desarrollo-comunitario-aprendizajes-desde-euskadi-rumbo-al-foro-urbano-mundial-13","status":"publish","type":"post","link":"https:\/\/unetxea.org\/en\/la-rehabilitacion-urbana-como-motor-de-desarrollo-comunitario-aprendizajes-desde-euskadi-rumbo-al-foro-urbano-mundial-13\/","title":{"rendered":"La rehabilitaci\u00f3n urbana como motor de desarrollo comunitario: aprendizajes desde Euskadi rumbo al Foro Urbano Mundial 13"},"content":{"rendered":"<p>El pasado <strong>17 de abril de 2026<\/strong>, Bilbao acogi\u00f3 el taller <em>The Road to Baku: The Local Way<\/em>, centrado en la <strong>rehabilitaci\u00f3n urbana como palanca para el desarrollo comunitario<\/strong>, en el marco del proceso impulsado por la Coalici\u00f3n Local2030 de Naciones Unidas para trasladar aprendizajes locales a los grandes debates multilaterales.<\/p>\n<p>&nbsp;<\/p>\n<p>El taller reuni\u00f3 a representantes de administraciones p\u00fablicas, sociedad civil, academia y econom\u00eda social con el objetivo de <strong>construir una mirada compartida desde el territorio<\/strong> que pueda alimentar los debates del <strong>Foro Urbano Mundial 13 (WUF13)<\/strong>, que se celebrar\u00e1 en Bak\u00fa en mayo de 2026.<\/p>\n<p>&nbsp;<\/p>\n<h6><strong>Una rehabilitaci\u00f3n urbana centrada en las personas, la participaci\u00f3n y la escala metropolitana<\/strong><\/h6>\n<p>El taller evidenci\u00f3 un amplio consenso sobre la necesidad de <strong>superar una visi\u00f3n exclusivamente t\u00e9cnica de la rehabilitaci\u00f3n urbana<\/strong>, situando la vivienda como una <strong>infraestructura b\u00e1sica de cuidados<\/strong> y bienestar. La rehabilitaci\u00f3n se entiende as\u00ed como una pol\u00edtica de equidad capaz de mejorar la calidad de vida, reforzar la cohesi\u00f3n social, combatir la pobreza energ\u00e9tica y contribuir a una transici\u00f3n ecol\u00f3gica justa, en l\u00ednea con la Agenda 2030.<\/p>\n<p>&nbsp;<\/p>\n<p>Asimismo, se subray\u00f3 la importancia de <strong>impulsar modelos de participaci\u00f3n y gobernanza colaborativa<\/strong>, basados en la confianza, el acompa\u00f1amiento y la corresponsabilidad. El papel del tercer sector, la econom\u00eda social y solidaria y las iniciativas vecinales fue destacado como clave para generar innovaci\u00f3n social, reclamando marcos m\u00e1s flexibles y accesibles que permitan avanzar hacia formas de cogobernanza.<\/p>\n<p>&nbsp;<\/p>\n<p>Finalmente, se puso en valor la <strong>escala metropolitana<\/strong> como un \u00e1mbito estrat\u00e9gico para afrontar retos complejos como la vivienda, el cambio clim\u00e1tico o las desigualdades sociales. La coordinaci\u00f3n entre municipios y la planificaci\u00f3n compartida permiten aumentar el impacto de las pol\u00edticas p\u00fablicas, manteniendo el anclaje comunitario y aprovechando experiencias impulsadas en Euskadi con potencial transferible a otros territorios.<\/p>\n<p>&nbsp;<\/p>\n<h6><strong>Aportaciones desde lo local para la agenda urbana global<\/strong><\/h6>\n<p>Los resultados del taller se enmarcan en <em>The Road to Baku<\/em> como un ejercicio estrat\u00e9gico de conexi\u00f3n entre lo local y lo global, con el objetivo de que las soluciones construidas desde los territorios informen directamente los debates del WUF13, en un momento clave: el ecuador de la Agenda 2030 y a las puertas del d\u00e9cimo aniversario de la Nueva Agenda Urbana.<\/p>\n<p>&nbsp;<\/p>\n<p>El proceso refuerza el papel de las ciudades y regiones como <strong>actores clave de la gobernanza global<\/strong>, capaces de generar conocimiento \u00fatil y propuestas accionables desde la pr\u00e1ctica territorial.<\/p>\n<p>&nbsp;<\/p>\n<p><a href=\"https:\/\/unetxea.org\/dokumentuak\/roadtobaku-resultados.pdf\" target=\"_blank\" rel=\"noopener\"><strong>Ver documento completo<\/strong><\/a><\/p>\n<div class=\"edgtf-separator-holder clearfix  edgtf-separator-center edgtf-separator-normal\">\n\t<div class=\"edgtf-separator\" ><\/div>\n<\/div>\n\n<p><img loading=\"lazy\" decoding=\"async\" class=\"aligncenter wp-image-13257 size-large\" src=\"https:\/\/unetxea.org\/wp-content\/uploads\/2026\/04\/roadtobaku-relatoria-logos-1024x316.jpg\" alt=\"\" width=\"1024\" height=\"316\" srcset=\"https:\/\/unetxea.org\/wp-content\/uploads\/2026\/04\/roadtobaku-relatoria-logos-1024x316.jpg 1024w, https:\/\/unetxea.org\/wp-content\/uploads\/2026\/04\/roadtobaku-relatoria-logos-300x93.jpg 300w, https:\/\/unetxea.org\/wp-content\/uploads\/2026\/04\/roadtobaku-relatoria-logos-768x237.jpg 768w, https:\/\/unetxea.org\/wp-content\/uploads\/2026\/04\/roadtobaku-relatoria-logos.jpg 1056w\" sizes=\"auto, (max-width: 1024px) 100vw, 1024px\" \/><\/p>\n","protected":false},"excerpt":{"rendered":"<p>El pasado 17 de abril de 2026, Bilbao acogi\u00f3 el taller The Road to Baku: The Local Way, centrado en la rehabilitaci\u00f3n urbana como palanca para el desarrollo comunitario, en [&hellip;]<\/p>\n","protected":false},"author":2,"featured_media":13262,"comment_status":"closed","ping_status":"open","sticky":false,"template":"","format":"standard","meta":{"footnotes":""},"categories":[73],"tags":[165],"class_list":["post-13264","post","type-post","status-publish","format-standard","has-post-thumbnail","hentry","category-2030-agenda","tag-portada-en-2"],"yoast_head":"<!-- This site is optimized with the Yoast SEO plugin v27.5 - https:\/\/yoast.com\/product\/yoast-seo-wordpress\/ -->\n<title>La rehabilitaci\u00f3n urbana como motor de desarrollo comunitario: aprendizajes desde Euskadi rumbo al Foro Urbano Mundial 13 - UN ETXEA<\/title>\n<meta name=\"robots\" content=\"index, follow, max-snippet:-1, max-image-preview:large, max-video-preview:-1\" \/>\n<link rel=\"canonical\" href=\"https:\/\/unetxea.org\/en\/la-rehabilitacion-urbana-como-motor-de-desarrollo-comunitario-aprendizajes-desde-euskadi-rumbo-al-foro-urbano-mundial-13\/\" \/>\n<meta property=\"og:locale\" content=\"en_US\" \/>\n<meta property=\"og:type\" content=\"article\" \/>\n<meta property=\"og:title\" content=\"La rehabilitaci\u00f3n urbana como motor de desarrollo comunitario: aprendizajes desde Euskadi rumbo al Foro Urbano Mundial 13 - UN ETXEA\" \/>\n<meta property=\"og:description\" content=\"El pasado 17 de abril de 2026, Bilbao acogi\u00f3 el taller The Road to Baku: The Local Way, centrado en la rehabilitaci\u00f3n urbana como palanca para el desarrollo comunitario, en [&hellip;]\" \/>\n<meta property=\"og:url\" content=\"https:\/\/unetxea.org\/en\/la-rehabilitacion-urbana-como-motor-de-desarrollo-comunitario-aprendizajes-desde-euskadi-rumbo-al-foro-urbano-mundial-13\/\" \/>\n<meta property=\"og:site_name\" content=\"UN ETXEA\" \/>\n<meta property=\"article:publisher\" content=\"https:\/\/www.facebook.com\/UNetxea\/\" \/>\n<meta property=\"article:published_time\" content=\"2026-04-28T11:01:50+00:00\" \/>\n<meta property=\"article:modified_time\" content=\"2026-04-28T11:02:10+00:00\" \/>\n<meta property=\"og:image\" content=\"https:\/\/unetxea.org\/wp-content\/uploads\/2026\/04\/roadtobaku-relatoria.jpg\" \/>\n\t<meta property=\"og:image:width\" content=\"1191\" \/>\n\t<meta property=\"og:image:height\" content=\"577\" \/>\n\t<meta property=\"og:image:type\" content=\"image\/jpeg\" \/>\n<meta name=\"author\" content=\"UN Etxea\" \/>\n<meta name=\"twitter:card\" content=\"summary_large_image\" \/>\n<meta name=\"twitter:creator\" content=\"@UNetxea\" \/>\n<meta name=\"twitter:site\" content=\"@UNetxea\" \/>\n<meta name=\"twitter:label1\" content=\"Written by\" \/>\n\t<meta name=\"twitter:data1\" content=\"UN Etxea\" \/>\n\t<meta name=\"twitter:label2\" content=\"Est. reading time\" \/>\n\t<meta name=\"twitter:data2\" content=\"3 minutes\" \/>\n<script type=\"application\/ld+json\" class=\"yoast-schema-graph\">{\"@context\":\"https:\\\/\\\/schema.org\",\"@graph\":[{\"@type\":\"Article\",\"@id\":\"https:\\\/\\\/unetxea.org\\\/en\\\/la-rehabilitacion-urbana-como-motor-de-desarrollo-comunitario-aprendizajes-desde-euskadi-rumbo-al-foro-urbano-mundial-13\\\/#article\",\"isPartOf\":{\"@id\":\"https:\\\/\\\/unetxea.org\\\/en\\\/la-rehabilitacion-urbana-como-motor-de-desarrollo-comunitario-aprendizajes-desde-euskadi-rumbo-al-foro-urbano-mundial-13\\\/\"},\"author\":{\"name\":\"UN Etxea\",\"@id\":\"https:\\\/\\\/unetxea.org\\\/#\\\/schema\\\/person\\\/c115ec46e78902eb5e93b5ca0b96bd2d\"},\"headline\":\"La rehabilitaci\u00f3n urbana como motor de desarrollo comunitario: aprendizajes desde Euskadi rumbo al Foro Urbano Mundial 13\",\"datePublished\":\"2026-04-28T11:01:50+00:00\",\"dateModified\":\"2026-04-28T11:02:10+00:00\",\"mainEntityOfPage\":{\"@id\":\"https:\\\/\\\/unetxea.org\\\/en\\\/la-rehabilitacion-urbana-como-motor-de-desarrollo-comunitario-aprendizajes-desde-euskadi-rumbo-al-foro-urbano-mundial-13\\\/\"},\"wordCount\":462,\"publisher\":{\"@id\":\"https:\\\/\\\/unetxea.org\\\/#organization\"},\"image\":{\"@id\":\"https:\\\/\\\/unetxea.org\\\/en\\\/la-rehabilitacion-urbana-como-motor-de-desarrollo-comunitario-aprendizajes-desde-euskadi-rumbo-al-foro-urbano-mundial-13\\\/#primaryimage\"},\"thumbnailUrl\":\"https:\\\/\\\/unetxea.org\\\/wp-content\\\/uploads\\\/2026\\\/04\\\/roadtobaku-relatoria.jpg\",\"keywords\":[\"Portada\"],\"articleSection\":[\"2030 agenda\"],\"inLanguage\":\"en-US\"},{\"@type\":\"WebPage\",\"@id\":\"https:\\\/\\\/unetxea.org\\\/en\\\/la-rehabilitacion-urbana-como-motor-de-desarrollo-comunitario-aprendizajes-desde-euskadi-rumbo-al-foro-urbano-mundial-13\\\/\",\"url\":\"https:\\\/\\\/unetxea.org\\\/en\\\/la-rehabilitacion-urbana-como-motor-de-desarrollo-comunitario-aprendizajes-desde-euskadi-rumbo-al-foro-urbano-mundial-13\\\/\",\"name\":\"La rehabilitaci\u00f3n urbana como motor de desarrollo comunitario: aprendizajes desde Euskadi rumbo al Foro Urbano Mundial 13 - UN ETXEA\",\"isPartOf\":{\"@id\":\"https:\\\/\\\/unetxea.org\\\/#website\"},\"primaryImageOfPage\":{\"@id\":\"https:\\\/\\\/unetxea.org\\\/en\\\/la-rehabilitacion-urbana-como-motor-de-desarrollo-comunitario-aprendizajes-desde-euskadi-rumbo-al-foro-urbano-mundial-13\\\/#primaryimage\"},\"image\":{\"@id\":\"https:\\\/\\\/unetxea.org\\\/en\\\/la-rehabilitacion-urbana-como-motor-de-desarrollo-comunitario-aprendizajes-desde-euskadi-rumbo-al-foro-urbano-mundial-13\\\/#primaryimage\"},\"thumbnailUrl\":\"https:\\\/\\\/unetxea.org\\\/wp-content\\\/uploads\\\/2026\\\/04\\\/roadtobaku-relatoria.jpg\",\"datePublished\":\"2026-04-28T11:01:50+00:00\",\"dateModified\":\"2026-04-28T11:02:10+00:00\",\"breadcrumb\":{\"@id\":\"https:\\\/\\\/unetxea.org\\\/en\\\/la-rehabilitacion-urbana-como-motor-de-desarrollo-comunitario-aprendizajes-desde-euskadi-rumbo-al-foro-urbano-mundial-13\\\/#breadcrumb\"},\"inLanguage\":\"en-US\",\"potentialAction\":[{\"@type\":\"ReadAction\",\"target\":[\"https:\\\/\\\/unetxea.org\\\/en\\\/la-rehabilitacion-urbana-como-motor-de-desarrollo-comunitario-aprendizajes-desde-euskadi-rumbo-al-foro-urbano-mundial-13\\\/\"]}]},{\"@type\":\"ImageObject\",\"inLanguage\":\"en-US\",\"@id\":\"https:\\\/\\\/unetxea.org\\\/en\\\/la-rehabilitacion-urbana-como-motor-de-desarrollo-comunitario-aprendizajes-desde-euskadi-rumbo-al-foro-urbano-mundial-13\\\/#primaryimage\",\"url\":\"https:\\\/\\\/unetxea.org\\\/wp-content\\\/uploads\\\/2026\\\/04\\\/roadtobaku-relatoria.jpg\",\"contentUrl\":\"https:\\\/\\\/unetxea.org\\\/wp-content\\\/uploads\\\/2026\\\/04\\\/roadtobaku-relatoria.jpg\",\"width\":1191,\"height\":577},{\"@type\":\"BreadcrumbList\",\"@id\":\"https:\\\/\\\/unetxea.org\\\/en\\\/la-rehabilitacion-urbana-como-motor-de-desarrollo-comunitario-aprendizajes-desde-euskadi-rumbo-al-foro-urbano-mundial-13\\\/#breadcrumb\",\"itemListElement\":[{\"@type\":\"ListItem\",\"position\":1,\"name\":\"Portada\",\"item\":\"https:\\\/\\\/unetxea.org\\\/en\\\/\"},{\"@type\":\"ListItem\",\"position\":2,\"name\":\"La rehabilitaci\u00f3n urbana como motor de desarrollo comunitario: aprendizajes desde Euskadi rumbo al Foro Urbano Mundial 13\"}]},{\"@type\":\"WebSite\",\"@id\":\"https:\\\/\\\/unetxea.org\\\/#website\",\"url\":\"https:\\\/\\\/unetxea.org\\\/\",\"name\":\"UN ETXEA\",\"description\":\"Asociaci\u00f3n del Pa\u00eds Vasco para la UNESCO\",\"publisher\":{\"@id\":\"https:\\\/\\\/unetxea.org\\\/#organization\"},\"potentialAction\":[{\"@type\":\"SearchAction\",\"target\":{\"@type\":\"EntryPoint\",\"urlTemplate\":\"https:\\\/\\\/unetxea.org\\\/?s={search_term_string}\"},\"query-input\":{\"@type\":\"PropertyValueSpecification\",\"valueRequired\":true,\"valueName\":\"search_term_string\"}}],\"inLanguage\":\"en-US\"},{\"@type\":\"Organization\",\"@id\":\"https:\\\/\\\/unetxea.org\\\/#organization\",\"name\":\"UN ETXEA\",\"url\":\"https:\\\/\\\/unetxea.org\\\/\",\"logo\":{\"@type\":\"ImageObject\",\"inLanguage\":\"en-US\",\"@id\":\"https:\\\/\\\/unetxea.org\\\/#\\\/schema\\\/logo\\\/image\\\/\",\"url\":\"https:\\\/\\\/unetxea.org\\\/wp-content\\\/uploads\\\/2025\\\/01\\\/logo-unetxea500.jpg\",\"contentUrl\":\"https:\\\/\\\/unetxea.org\\\/wp-content\\\/uploads\\\/2025\\\/01\\\/logo-unetxea500.jpg\",\"width\":500,\"height\":484,\"caption\":\"UN ETXEA\"},\"image\":{\"@id\":\"https:\\\/\\\/unetxea.org\\\/#\\\/schema\\\/logo\\\/image\\\/\"},\"sameAs\":[\"https:\\\/\\\/www.facebook.com\\\/UNetxea\\\/\",\"https:\\\/\\\/x.com\\\/UNetxea\",\"https:\\\/\\\/www.youtube.com\\\/@UNetxea\"]},{\"@type\":\"Person\",\"@id\":\"https:\\\/\\\/unetxea.org\\\/#\\\/schema\\\/person\\\/c115ec46e78902eb5e93b5ca0b96bd2d\",\"name\":\"UN Etxea\",\"image\":{\"@type\":\"ImageObject\",\"inLanguage\":\"en-US\",\"@id\":\"https:\\\/\\\/secure.gravatar.com\\\/avatar\\\/67b8d0f0ae884d096f535d6fbbb63507af5ec28b6be2d9db993a2e99f2855e18?s=96&d=mm&r=g\",\"url\":\"https:\\\/\\\/secure.gravatar.com\\\/avatar\\\/67b8d0f0ae884d096f535d6fbbb63507af5ec28b6be2d9db993a2e99f2855e18?s=96&d=mm&r=g\",\"contentUrl\":\"https:\\\/\\\/secure.gravatar.com\\\/avatar\\\/67b8d0f0ae884d096f535d6fbbb63507af5ec28b6be2d9db993a2e99f2855e18?s=96&d=mm&r=g\",\"caption\":\"UN Etxea\"},\"url\":\"https:\\\/\\\/unetxea.org\\\/en\\\/author\\\/nagusitxea\\\/\"}]}<\/script>\n<!-- \/ Yoast SEO plugin. -->","yoast_head_json":{"title":"La rehabilitaci\u00f3n urbana como motor de desarrollo comunitario: aprendizajes desde Euskadi rumbo al Foro Urbano Mundial 13 - UN ETXEA","robots":{"index":"index","follow":"follow","max-snippet":"max-snippet:-1","max-image-preview":"max-image-preview:large","max-video-preview":"max-video-preview:-1"},"canonical":"https:\/\/unetxea.org\/en\/la-rehabilitacion-urbana-como-motor-de-desarrollo-comunitario-aprendizajes-desde-euskadi-rumbo-al-foro-urbano-mundial-13\/","og_locale":"en_US","og_type":"article","og_title":"La rehabilitaci\u00f3n urbana como motor de desarrollo comunitario: aprendizajes desde Euskadi rumbo al Foro Urbano Mundial 13 - UN ETXEA","og_description":"El pasado 17 de abril de 2026, Bilbao acogi\u00f3 el taller The Road to Baku: The Local Way, centrado en la rehabilitaci\u00f3n urbana como palanca para el desarrollo comunitario, en [&hellip;]","og_url":"https:\/\/unetxea.org\/en\/la-rehabilitacion-urbana-como-motor-de-desarrollo-comunitario-aprendizajes-desde-euskadi-rumbo-al-foro-urbano-mundial-13\/","og_site_name":"UN ETXEA","article_publisher":"https:\/\/www.facebook.com\/UNetxea\/","article_published_time":"2026-04-28T11:01:50+00:00","article_modified_time":"2026-04-28T11:02:10+00:00","og_image":[{"width":1191,"height":577,"url":"https:\/\/unetxea.org\/wp-content\/uploads\/2026\/04\/roadtobaku-relatoria.jpg","type":"image\/jpeg"}],"author":"UN Etxea","twitter_card":"summary_large_image","twitter_creator":"@UNetxea","twitter_site":"@UNetxea","twitter_misc":{"Written by":"UN Etxea","Est. reading time":"3 minutes"},"schema":{"@context":"https:\/\/schema.org","@graph":[{"@type":"Article","@id":"https:\/\/unetxea.org\/en\/la-rehabilitacion-urbana-como-motor-de-desarrollo-comunitario-aprendizajes-desde-euskadi-rumbo-al-foro-urbano-mundial-13\/#article","isPartOf":{"@id":"https:\/\/unetxea.org\/en\/la-rehabilitacion-urbana-como-motor-de-desarrollo-comunitario-aprendizajes-desde-euskadi-rumbo-al-foro-urbano-mundial-13\/"},"author":{"name":"UN Etxea","@id":"https:\/\/unetxea.org\/#\/schema\/person\/c115ec46e78902eb5e93b5ca0b96bd2d"},"headline":"La rehabilitaci\u00f3n urbana como motor de desarrollo comunitario: aprendizajes desde Euskadi rumbo al Foro Urbano Mundial 13","datePublished":"2026-04-28T11:01:50+00:00","dateModified":"2026-04-28T11:02:10+00:00","mainEntityOfPage":{"@id":"https:\/\/unetxea.org\/en\/la-rehabilitacion-urbana-como-motor-de-desarrollo-comunitario-aprendizajes-desde-euskadi-rumbo-al-foro-urbano-mundial-13\/"},"wordCount":462,"publisher":{"@id":"https:\/\/unetxea.org\/#organization"},"image":{"@id":"https:\/\/unetxea.org\/en\/la-rehabilitacion-urbana-como-motor-de-desarrollo-comunitario-aprendizajes-desde-euskadi-rumbo-al-foro-urbano-mundial-13\/#primaryimage"},"thumbnailUrl":"https:\/\/unetxea.org\/wp-content\/uploads\/2026\/04\/roadtobaku-relatoria.jpg","keywords":["Portada"],"articleSection":["2030 agenda"],"inLanguage":"en-US"},{"@type":"WebPage","@id":"https:\/\/unetxea.org\/en\/la-rehabilitacion-urbana-como-motor-de-desarrollo-comunitario-aprendizajes-desde-euskadi-rumbo-al-foro-urbano-mundial-13\/","url":"https:\/\/unetxea.org\/en\/la-rehabilitacion-urbana-como-motor-de-desarrollo-comunitario-aprendizajes-desde-euskadi-rumbo-al-foro-urbano-mundial-13\/","name":"La rehabilitaci\u00f3n urbana como motor de desarrollo comunitario: aprendizajes desde Euskadi rumbo al Foro Urbano Mundial 13 - UN ETXEA","isPartOf":{"@id":"https:\/\/unetxea.org\/#website"},"primaryImageOfPage":{"@id":"https:\/\/unetxea.org\/en\/la-rehabilitacion-urbana-como-motor-de-desarrollo-comunitario-aprendizajes-desde-euskadi-rumbo-al-foro-urbano-mundial-13\/#primaryimage"},"image":{"@id":"https:\/\/unetxea.org\/en\/la-rehabilitacion-urbana-como-motor-de-desarrollo-comunitario-aprendizajes-desde-euskadi-rumbo-al-foro-urbano-mundial-13\/#primaryimage"},"thumbnailUrl":"https:\/\/unetxea.org\/wp-content\/uploads\/2026\/04\/roadtobaku-relatoria.jpg","datePublished":"2026-04-28T11:01:50+00:00","dateModified":"2026-04-28T11:02:10+00:00","breadcrumb":{"@id":"https:\/\/unetxea.org\/en\/la-rehabilitacion-urbana-como-motor-de-desarrollo-comunitario-aprendizajes-desde-euskadi-rumbo-al-foro-urbano-mundial-13\/#breadcrumb"},"inLanguage":"en-US","potentialAction":[{"@type":"ReadAction","target":["https:\/\/unetxea.org\/en\/la-rehabilitacion-urbana-como-motor-de-desarrollo-comunitario-aprendizajes-desde-euskadi-rumbo-al-foro-urbano-mundial-13\/"]}]},{"@type":"ImageObject","inLanguage":"en-US","@id":"https:\/\/unetxea.org\/en\/la-rehabilitacion-urbana-como-motor-de-desarrollo-comunitario-aprendizajes-desde-euskadi-rumbo-al-foro-urbano-mundial-13\/#primaryimage","url":"https:\/\/unetxea.org\/wp-content\/uploads\/2026\/04\/roadtobaku-relatoria.jpg","contentUrl":"https:\/\/unetxea.org\/wp-content\/uploads\/2026\/04\/roadtobaku-relatoria.jpg","width":1191,"height":577},{"@type":"BreadcrumbList","@id":"https:\/\/unetxea.org\/en\/la-rehabilitacion-urbana-como-motor-de-desarrollo-comunitario-aprendizajes-desde-euskadi-rumbo-al-foro-urbano-mundial-13\/#breadcrumb","itemListElement":[{"@type":"ListItem","position":1,"name":"Portada","item":"https:\/\/unetxea.org\/en\/"},{"@type":"ListItem","position":2,"name":"La rehabilitaci\u00f3n urbana como motor de desarrollo comunitario: aprendizajes desde Euskadi rumbo al Foro Urbano Mundial 13"}]},{"@type":"WebSite","@id":"https:\/\/unetxea.org\/#website","url":"https:\/\/unetxea.org\/","name":"UN ETXEA","description":"Asociaci\u00f3n del Pa\u00eds Vasco para la UNESCO","publisher":{"@id":"https:\/\/unetxea.org\/#organization"},"potentialAction":[{"@type":"SearchAction","target":{"@type":"EntryPoint","urlTemplate":"https:\/\/unetxea.org\/?s={search_term_string}"},"query-input":{"@type":"PropertyValueSpecification","valueRequired":true,"valueName":"search_term_string"}}],"inLanguage":"en-US"},{"@type":"Organization","@id":"https:\/\/unetxea.org\/#organization","name":"UN ETXEA","url":"https:\/\/unetxea.org\/","logo":{"@type":"ImageObject","inLanguage":"en-US","@id":"https:\/\/unetxea.org\/#\/schema\/logo\/image\/","url":"https:\/\/unetxea.org\/wp-content\/uploads\/2025\/01\/logo-unetxea500.jpg","contentUrl":"https:\/\/unetxea.org\/wp-content\/uploads\/2025\/01\/logo-unetxea500.jpg","width":500,"height":484,"caption":"UN ETXEA"},"image":{"@id":"https:\/\/unetxea.org\/#\/schema\/logo\/image\/"},"sameAs":["https:\/\/www.facebook.com\/UNetxea\/","https:\/\/x.com\/UNetxea","https:\/\/www.youtube.com\/@UNetxea"]},{"@type":"Person","@id":"https:\/\/unetxea.org\/#\/schema\/person\/c115ec46e78902eb5e93b5ca0b96bd2d","name":"UN Etxea","image":{"@type":"ImageObject","inLanguage":"en-US","@id":"https:\/\/secure.gravatar.com\/avatar\/67b8d0f0ae884d096f535d6fbbb63507af5ec28b6be2d9db993a2e99f2855e18?s=96&d=mm&r=g","url":"https:\/\/secure.gravatar.com\/avatar\/67b8d0f0ae884d096f535d6fbbb63507af5ec28b6be2d9db993a2e99f2855e18?s=96&d=mm&r=g","contentUrl":"https:\/\/secure.gravatar.com\/avatar\/67b8d0f0ae884d096f535d6fbbb63507af5ec28b6be2d9db993a2e99f2855e18?s=96&d=mm&r=g","caption":"UN Etxea"},"url":"https:\/\/unetxea.org\/en\/author\/nagusitxea\/"}]}},"_links":{"self":[{"href":"https:\/\/unetxea.org\/en\/wp-json\/wp\/v2\/posts\/13264","targetHints":{"allow":["GET"]}}],"collection":[{"href":"https:\/\/unetxea.org\/en\/wp-json\/wp\/v2\/posts"}],"about":[{"href":"https:\/\/unetxea.org\/en\/wp-json\/wp\/v2\/types\/post"}],"author":[{"embeddable":true,"href":"https:\/\/unetxea.org\/en\/wp-json\/wp\/v2\/users\/2"}],"replies":[{"embeddable":true,"href":"https:\/\/unetxea.org\/en\/wp-json\/wp\/v2\/comments?post=13264"}],"version-history":[{"count":1,"href":"https:\/\/unetxea.org\/en\/wp-json\/wp\/v2\/posts\/13264\/revisions"}],"predecessor-version":[{"id":13268,"href":"https:\/\/unetxea.org\/en\/wp-json\/wp\/v2\/posts\/13264\/revisions\/13268"}],"wp:featuredmedia":[{"embeddable":true,"href":"https:\/\/unetxea.org\/en\/wp-json\/wp\/v2\/media\/13262"}],"wp:attachment":[{"href":"https:\/\/unetxea.org\/en\/wp-json\/wp\/v2\/media?parent=13264"}],"wp:term":[{"taxonomy":"category","embeddable":true,"href":"https:\/\/unetxea.org\/en\/wp-json\/wp\/v2\/categories?post=13264"},{"taxonomy":"post_tag","embeddable":true,"href":"https:\/\/unetxea.org\/en\/wp-json\/wp\/v2\/tags?post=13264"}],"curies":[{"name":"wp","href":"https:\/\/api.w.org\/{rel}","templated":true}]}}