{"id":4463,"date":"2021-04-29T13:21:42","date_gmt":"2021-04-29T11:21:42","guid":{"rendered":"https:\/\/unetxea.org\/?p=4463"},"modified":"2024-07-09T13:36:30","modified_gmt":"2024-07-09T11:36:30","slug":"presentacion-del-estudio-crisis-climatica-amenaza-a-los-derechos-humanos","status":"publish","type":"post","link":"https:\/\/unetxea.org\/en\/presentacion-del-estudio-crisis-climatica-amenaza-a-los-derechos-humanos\/","title":{"rendered":"Presentaci\u00f3n del estudio \u201cCrisis clim\u00e1tica. Amenaza a los derechos humanos&#8221;"},"content":{"rendered":"\n<p>Eskura, el Centro de Recursos Pedag\u00f3gicos en Derechos Humanos de Aiete celebr\u00f3 su <a href=\"https:\/\/www.donostia.eus\/ataria\/es\/web\/eskura\/eventos#undefined\" target=\"_blank\" rel=\"noreferrer noopener\">III. Feria de Recursos<\/a>, dentro del marco del\u00a0<a href=\"https:\/\/www.zinemaetagizaeskubideak.eus\/2021\/index.php?lang=es\" target=\"_blank\" rel=\"noreferrer noopener\">Festival de Cine y Derechos Humanos de Donostia\u00a0<\/a>los d\u00edas 24, 26 y 27 de abril. La tem\u00e1tica de este a\u00f1o de la feria ha sido &#8220;Medio ambiente y derechos humanos&#8221;.<\/p>\n\n\n\n<p>Durante la \u00faltima jornada se analiz\u00f3 el impacto de la crisis clim\u00e1tica en los derechos de las personas en situaciones vulnerables. Arantza Acha (directora de\u00a0<a href=\"https:\/\/unetxea.org\/en\/who-we-are\/\">UNESCO Etxea<\/a>) particip\u00f3 en una mesa redonda junto con Bego\u00f1a Cabaleiro (responsable de comunicaci\u00f3n de la\u00a0<a href=\"https:\/\/www.emaus.com\/eu\/\" target=\"_blank\" rel=\"noreferrer noopener\">Fundaci\u00f3n Ema\u00fas<\/a>) y Sara Diego (miembro de\u00a0<a href=\"https:\/\/www.alboan.org\/es\" target=\"_blank\" rel=\"noreferrer noopener\">Alboan<\/a>).<\/p>\n\n\n\n<p>A continuaci\u00f3n se present\u00f3 de la mano de Jone Otero el informe<strong> <a href=\"https:\/\/unetxea.org\/en\/portfolio-item\/crisis-climatica-amenaza-a-los-derechos-humanos\/\" target=\"_blank\" rel=\"noreferrer noopener\">\u201cCrisis clim\u00e1tica. Amenaza a los derechos humanos&#8221;<\/a><\/strong>. Esta publicaci\u00f3n la hemos llevado a cabo mediante una investigaci\u00f3n participativa en la que han participado agentes de cooperaci\u00f3n, desarrollo y movimientos sociales, y que pretende recoger, de manera rigurosa y divulgativa, los principales impactos que el cambio clim\u00e1tico tiene sobre los derechos humanos, abordando determinados derechos concretos y determinados grupos espec\u00edficos (mujeres, personas migrantes, pueblos ind\u00edgenas\u2026).<\/p>\n\n\n\n<p>En el marco de la feria tambi\u00e9n tuvo lugar la presentaci\u00f3n del reci\u00e9n creado video de animaci\u00f3n Crisis clim\u00e1tica y Derechos Humanos.<\/p>\n\n\n\n<figure class=\"wp-block-embed is-type-video is-provider-youtube wp-block-embed-youtube wp-embed-aspect-16-9 wp-has-aspect-ratio\"><div class=\"wp-block-embed__wrapper\">\n<iframe loading=\"lazy\" title=\"Crisis clim\u00e1tica y Derechos Humanos\" width=\"1060\" height=\"596\" src=\"https:\/\/www.youtube.com\/embed\/YpEyy3btf1M?feature=oembed\" frameborder=\"0\" allow=\"accelerometer; autoplay; clipboard-write; encrypted-media; gyroscope; picture-in-picture\" allowfullscreen><\/iframe>\n<\/div><\/figure>\n\n\n\n<p>Tanto la publicaci\u00f3n como el video inciden en la necesidad de analizar la crisis clim\u00e1tica desde el enfoque en derechos humanos. Poniendo el foco en que existen responsabilidades y obligaciones en respetar, proteger y realizar los derechos humanos que est\u00e1n siendo amenazados. Los derechos humanos nos pueden ayudar a hacer exigibles muchas de nuestras demandas, ya que no se trata solo de principios \u00e9ticos, sino normas legales que implican obligaciones para los Estados por lo que este enfoque nos ayuda a visibilizar los derechos y obligaciones.<\/p>\n","protected":false},"excerpt":{"rendered":"<p>Eskura, el Centro de Recursos Pedag\u00f3gicos en Derechos Humanos de Aiete celebr\u00f3 su III. Feria de Recursos, dentro del marco del\u00a0Festival de Cine y Derechos Humanos de Donostia\u00a0los d\u00edas 24, [&hellip;]<\/p>\n","protected":false},"author":2,"featured_media":4460,"comment_status":"closed","ping_status":"closed","sticky":false,"template":"","format":"standard","meta":{"footnotes":""},"categories":[85,77,79],"tags":[],"class_list":["post-4463","post","type-post","status-publish","format-standard","has-post-thumbnail","hentry","category-environment","category-human-rights","category-sustainable-development"],"yoast_head":"<!-- This site is optimized with the Yoast SEO plugin v27.5 - https:\/\/yoast.com\/product\/yoast-seo-wordpress\/ -->\n<title>Presentaci\u00f3n del estudio \u201cCrisis clim\u00e1tica. Amenaza a los derechos humanos&quot; - UN ETXEA<\/title>\n<meta name=\"robots\" content=\"index, follow, max-snippet:-1, max-image-preview:large, max-video-preview:-1\" \/>\n<link rel=\"canonical\" href=\"https:\/\/unetxea.org\/en\/presentacion-del-estudio-crisis-climatica-amenaza-a-los-derechos-humanos\/\" \/>\n<meta property=\"og:locale\" content=\"en_US\" \/>\n<meta property=\"og:type\" content=\"article\" \/>\n<meta property=\"og:title\" content=\"Presentaci\u00f3n del estudio \u201cCrisis clim\u00e1tica. Amenaza a los derechos humanos&quot; - UN ETXEA\" \/>\n<meta property=\"og:description\" content=\"Eskura, el Centro de Recursos Pedag\u00f3gicos en Derechos Humanos de Aiete celebr\u00f3 su III. Feria de Recursos, dentro del marco del\u00a0Festival de Cine y Derechos Humanos de Donostia\u00a0los d\u00edas 24, [&hellip;]\" \/>\n<meta property=\"og:url\" content=\"https:\/\/unetxea.org\/en\/presentacion-del-estudio-crisis-climatica-amenaza-a-los-derechos-humanos\/\" \/>\n<meta property=\"og:site_name\" content=\"UN ETXEA\" \/>\n<meta property=\"article:publisher\" content=\"https:\/\/www.facebook.com\/UNetxea\/\" \/>\n<meta property=\"article:published_time\" content=\"2021-04-29T11:21:42+00:00\" \/>\n<meta property=\"article:modified_time\" content=\"2024-07-09T11:36:30+00:00\" \/>\n<meta property=\"og:image\" content=\"https:\/\/unetxea.org\/wp-content\/uploads\/2021\/04\/Berria_feriaeskura2021.jpg\" \/>\n\t<meta property=\"og:image:width\" content=\"1500\" \/>\n\t<meta property=\"og:image:height\" content=\"689\" \/>\n\t<meta property=\"og:image:type\" content=\"image\/jpeg\" \/>\n<meta name=\"author\" content=\"UN Etxea\" \/>\n<meta name=\"twitter:card\" content=\"summary_large_image\" \/>\n<meta name=\"twitter:creator\" content=\"@UNetxea\" \/>\n<meta name=\"twitter:site\" content=\"@UNetxea\" \/>\n<meta name=\"twitter:label1\" content=\"Written by\" \/>\n\t<meta name=\"twitter:data1\" content=\"UN Etxea\" \/>\n\t<meta name=\"twitter:label2\" content=\"Est. reading time\" \/>\n\t<meta name=\"twitter:data2\" content=\"2 minutes\" \/>\n<script type=\"application\/ld+json\" class=\"yoast-schema-graph\">{\"@context\":\"https:\\\/\\\/schema.org\",\"@graph\":[{\"@type\":\"Article\",\"@id\":\"https:\\\/\\\/unetxea.org\\\/en\\\/presentacion-del-estudio-crisis-climatica-amenaza-a-los-derechos-humanos\\\/#article\",\"isPartOf\":{\"@id\":\"https:\\\/\\\/unetxea.org\\\/en\\\/presentacion-del-estudio-crisis-climatica-amenaza-a-los-derechos-humanos\\\/\"},\"author\":{\"name\":\"UN Etxea\",\"@id\":\"https:\\\/\\\/unetxea.org\\\/#\\\/schema\\\/person\\\/c115ec46e78902eb5e93b5ca0b96bd2d\"},\"headline\":\"Presentaci\u00f3n del estudio \u201cCrisis clim\u00e1tica. Amenaza a los derechos humanos&#8221;\",\"datePublished\":\"2021-04-29T11:21:42+00:00\",\"dateModified\":\"2024-07-09T11:36:30+00:00\",\"mainEntityOfPage\":{\"@id\":\"https:\\\/\\\/unetxea.org\\\/en\\\/presentacion-del-estudio-crisis-climatica-amenaza-a-los-derechos-humanos\\\/\"},\"wordCount\":325,\"publisher\":{\"@id\":\"https:\\\/\\\/unetxea.org\\\/#organization\"},\"image\":{\"@id\":\"https:\\\/\\\/unetxea.org\\\/en\\\/presentacion-del-estudio-crisis-climatica-amenaza-a-los-derechos-humanos\\\/#primaryimage\"},\"thumbnailUrl\":\"https:\\\/\\\/unetxea.org\\\/wp-content\\\/uploads\\\/2021\\\/04\\\/Berria_feriaeskura2021.jpg\",\"articleSection\":[\"Environment\",\"Human Rights\",\"Sustainable Development\"],\"inLanguage\":\"en-US\"},{\"@type\":\"WebPage\",\"@id\":\"https:\\\/\\\/unetxea.org\\\/en\\\/presentacion-del-estudio-crisis-climatica-amenaza-a-los-derechos-humanos\\\/\",\"url\":\"https:\\\/\\\/unetxea.org\\\/en\\\/presentacion-del-estudio-crisis-climatica-amenaza-a-los-derechos-humanos\\\/\",\"name\":\"Presentaci\u00f3n del estudio \u201cCrisis clim\u00e1tica. Amenaza a los derechos humanos\\\" - UN ETXEA\",\"isPartOf\":{\"@id\":\"https:\\\/\\\/unetxea.org\\\/#website\"},\"primaryImageOfPage\":{\"@id\":\"https:\\\/\\\/unetxea.org\\\/en\\\/presentacion-del-estudio-crisis-climatica-amenaza-a-los-derechos-humanos\\\/#primaryimage\"},\"image\":{\"@id\":\"https:\\\/\\\/unetxea.org\\\/en\\\/presentacion-del-estudio-crisis-climatica-amenaza-a-los-derechos-humanos\\\/#primaryimage\"},\"thumbnailUrl\":\"https:\\\/\\\/unetxea.org\\\/wp-content\\\/uploads\\\/2021\\\/04\\\/Berria_feriaeskura2021.jpg\",\"datePublished\":\"2021-04-29T11:21:42+00:00\",\"dateModified\":\"2024-07-09T11:36:30+00:00\",\"breadcrumb\":{\"@id\":\"https:\\\/\\\/unetxea.org\\\/en\\\/presentacion-del-estudio-crisis-climatica-amenaza-a-los-derechos-humanos\\\/#breadcrumb\"},\"inLanguage\":\"en-US\",\"potentialAction\":[{\"@type\":\"ReadAction\",\"target\":[\"https:\\\/\\\/unetxea.org\\\/en\\\/presentacion-del-estudio-crisis-climatica-amenaza-a-los-derechos-humanos\\\/\"]}]},{\"@type\":\"ImageObject\",\"inLanguage\":\"en-US\",\"@id\":\"https:\\\/\\\/unetxea.org\\\/en\\\/presentacion-del-estudio-crisis-climatica-amenaza-a-los-derechos-humanos\\\/#primaryimage\",\"url\":\"https:\\\/\\\/unetxea.org\\\/wp-content\\\/uploads\\\/2021\\\/04\\\/Berria_feriaeskura2021.jpg\",\"contentUrl\":\"https:\\\/\\\/unetxea.org\\\/wp-content\\\/uploads\\\/2021\\\/04\\\/Berria_feriaeskura2021.jpg\",\"width\":1500,\"height\":689},{\"@type\":\"BreadcrumbList\",\"@id\":\"https:\\\/\\\/unetxea.org\\\/en\\\/presentacion-del-estudio-crisis-climatica-amenaza-a-los-derechos-humanos\\\/#breadcrumb\",\"itemListElement\":[{\"@type\":\"ListItem\",\"position\":1,\"name\":\"Portada\",\"item\":\"https:\\\/\\\/unetxea.org\\\/en\\\/\"},{\"@type\":\"ListItem\",\"position\":2,\"name\":\"Presentaci\u00f3n del estudio \u201cCrisis clim\u00e1tica. Amenaza a los derechos humanos\u00bb\"}]},{\"@type\":\"WebSite\",\"@id\":\"https:\\\/\\\/unetxea.org\\\/#website\",\"url\":\"https:\\\/\\\/unetxea.org\\\/\",\"name\":\"UN ETXEA\",\"description\":\"Asociaci\u00f3n del Pa\u00eds Vasco para la UNESCO\",\"publisher\":{\"@id\":\"https:\\\/\\\/unetxea.org\\\/#organization\"},\"potentialAction\":[{\"@type\":\"SearchAction\",\"target\":{\"@type\":\"EntryPoint\",\"urlTemplate\":\"https:\\\/\\\/unetxea.org\\\/?s={search_term_string}\"},\"query-input\":{\"@type\":\"PropertyValueSpecification\",\"valueRequired\":true,\"valueName\":\"search_term_string\"}}],\"inLanguage\":\"en-US\"},{\"@type\":\"Organization\",\"@id\":\"https:\\\/\\\/unetxea.org\\\/#organization\",\"name\":\"UN ETXEA\",\"url\":\"https:\\\/\\\/unetxea.org\\\/\",\"logo\":{\"@type\":\"ImageObject\",\"inLanguage\":\"en-US\",\"@id\":\"https:\\\/\\\/unetxea.org\\\/#\\\/schema\\\/logo\\\/image\\\/\",\"url\":\"https:\\\/\\\/unetxea.org\\\/wp-content\\\/uploads\\\/2025\\\/01\\\/logo-unetxea500.jpg\",\"contentUrl\":\"https:\\\/\\\/unetxea.org\\\/wp-content\\\/uploads\\\/2025\\\/01\\\/logo-unetxea500.jpg\",\"width\":500,\"height\":484,\"caption\":\"UN ETXEA\"},\"image\":{\"@id\":\"https:\\\/\\\/unetxea.org\\\/#\\\/schema\\\/logo\\\/image\\\/\"},\"sameAs\":[\"https:\\\/\\\/www.facebook.com\\\/UNetxea\\\/\",\"https:\\\/\\\/x.com\\\/UNetxea\",\"https:\\\/\\\/www.youtube.com\\\/@UNetxea\"]},{\"@type\":\"Person\",\"@id\":\"https:\\\/\\\/unetxea.org\\\/#\\\/schema\\\/person\\\/c115ec46e78902eb5e93b5ca0b96bd2d\",\"name\":\"UN Etxea\",\"image\":{\"@type\":\"ImageObject\",\"inLanguage\":\"en-US\",\"@id\":\"https:\\\/\\\/secure.gravatar.com\\\/avatar\\\/67b8d0f0ae884d096f535d6fbbb63507af5ec28b6be2d9db993a2e99f2855e18?s=96&d=mm&r=g\",\"url\":\"https:\\\/\\\/secure.gravatar.com\\\/avatar\\\/67b8d0f0ae884d096f535d6fbbb63507af5ec28b6be2d9db993a2e99f2855e18?s=96&d=mm&r=g\",\"contentUrl\":\"https:\\\/\\\/secure.gravatar.com\\\/avatar\\\/67b8d0f0ae884d096f535d6fbbb63507af5ec28b6be2d9db993a2e99f2855e18?s=96&d=mm&r=g\",\"caption\":\"UN Etxea\"},\"url\":\"https:\\\/\\\/unetxea.org\\\/en\\\/author\\\/nagusitxea\\\/\"}]}<\/script>\n<!-- \/ Yoast SEO plugin. -->","yoast_head_json":{"title":"Presentaci\u00f3n del estudio \u201cCrisis clim\u00e1tica. Amenaza a los derechos humanos\" - UN ETXEA","robots":{"index":"index","follow":"follow","max-snippet":"max-snippet:-1","max-image-preview":"max-image-preview:large","max-video-preview":"max-video-preview:-1"},"canonical":"https:\/\/unetxea.org\/en\/presentacion-del-estudio-crisis-climatica-amenaza-a-los-derechos-humanos\/","og_locale":"en_US","og_type":"article","og_title":"Presentaci\u00f3n del estudio \u201cCrisis clim\u00e1tica. Amenaza a los derechos humanos\" - UN ETXEA","og_description":"Eskura, el Centro de Recursos Pedag\u00f3gicos en Derechos Humanos de Aiete celebr\u00f3 su III. Feria de Recursos, dentro del marco del\u00a0Festival de Cine y Derechos Humanos de Donostia\u00a0los d\u00edas 24, [&hellip;]","og_url":"https:\/\/unetxea.org\/en\/presentacion-del-estudio-crisis-climatica-amenaza-a-los-derechos-humanos\/","og_site_name":"UN ETXEA","article_publisher":"https:\/\/www.facebook.com\/UNetxea\/","article_published_time":"2021-04-29T11:21:42+00:00","article_modified_time":"2024-07-09T11:36:30+00:00","og_image":[{"width":1500,"height":689,"url":"https:\/\/unetxea.org\/wp-content\/uploads\/2021\/04\/Berria_feriaeskura2021.jpg","type":"image\/jpeg"}],"author":"UN Etxea","twitter_card":"summary_large_image","twitter_creator":"@UNetxea","twitter_site":"@UNetxea","twitter_misc":{"Written by":"UN Etxea","Est. reading time":"2 minutes"},"schema":{"@context":"https:\/\/schema.org","@graph":[{"@type":"Article","@id":"https:\/\/unetxea.org\/en\/presentacion-del-estudio-crisis-climatica-amenaza-a-los-derechos-humanos\/#article","isPartOf":{"@id":"https:\/\/unetxea.org\/en\/presentacion-del-estudio-crisis-climatica-amenaza-a-los-derechos-humanos\/"},"author":{"name":"UN Etxea","@id":"https:\/\/unetxea.org\/#\/schema\/person\/c115ec46e78902eb5e93b5ca0b96bd2d"},"headline":"Presentaci\u00f3n del estudio \u201cCrisis clim\u00e1tica. Amenaza a los derechos humanos&#8221;","datePublished":"2021-04-29T11:21:42+00:00","dateModified":"2024-07-09T11:36:30+00:00","mainEntityOfPage":{"@id":"https:\/\/unetxea.org\/en\/presentacion-del-estudio-crisis-climatica-amenaza-a-los-derechos-humanos\/"},"wordCount":325,"publisher":{"@id":"https:\/\/unetxea.org\/#organization"},"image":{"@id":"https:\/\/unetxea.org\/en\/presentacion-del-estudio-crisis-climatica-amenaza-a-los-derechos-humanos\/#primaryimage"},"thumbnailUrl":"https:\/\/unetxea.org\/wp-content\/uploads\/2021\/04\/Berria_feriaeskura2021.jpg","articleSection":["Environment","Human Rights","Sustainable Development"],"inLanguage":"en-US"},{"@type":"WebPage","@id":"https:\/\/unetxea.org\/en\/presentacion-del-estudio-crisis-climatica-amenaza-a-los-derechos-humanos\/","url":"https:\/\/unetxea.org\/en\/presentacion-del-estudio-crisis-climatica-amenaza-a-los-derechos-humanos\/","name":"Presentaci\u00f3n del estudio \u201cCrisis clim\u00e1tica. Amenaza a los derechos humanos\" - UN ETXEA","isPartOf":{"@id":"https:\/\/unetxea.org\/#website"},"primaryImageOfPage":{"@id":"https:\/\/unetxea.org\/en\/presentacion-del-estudio-crisis-climatica-amenaza-a-los-derechos-humanos\/#primaryimage"},"image":{"@id":"https:\/\/unetxea.org\/en\/presentacion-del-estudio-crisis-climatica-amenaza-a-los-derechos-humanos\/#primaryimage"},"thumbnailUrl":"https:\/\/unetxea.org\/wp-content\/uploads\/2021\/04\/Berria_feriaeskura2021.jpg","datePublished":"2021-04-29T11:21:42+00:00","dateModified":"2024-07-09T11:36:30+00:00","breadcrumb":{"@id":"https:\/\/unetxea.org\/en\/presentacion-del-estudio-crisis-climatica-amenaza-a-los-derechos-humanos\/#breadcrumb"},"inLanguage":"en-US","potentialAction":[{"@type":"ReadAction","target":["https:\/\/unetxea.org\/en\/presentacion-del-estudio-crisis-climatica-amenaza-a-los-derechos-humanos\/"]}]},{"@type":"ImageObject","inLanguage":"en-US","@id":"https:\/\/unetxea.org\/en\/presentacion-del-estudio-crisis-climatica-amenaza-a-los-derechos-humanos\/#primaryimage","url":"https:\/\/unetxea.org\/wp-content\/uploads\/2021\/04\/Berria_feriaeskura2021.jpg","contentUrl":"https:\/\/unetxea.org\/wp-content\/uploads\/2021\/04\/Berria_feriaeskura2021.jpg","width":1500,"height":689},{"@type":"BreadcrumbList","@id":"https:\/\/unetxea.org\/en\/presentacion-del-estudio-crisis-climatica-amenaza-a-los-derechos-humanos\/#breadcrumb","itemListElement":[{"@type":"ListItem","position":1,"name":"Portada","item":"https:\/\/unetxea.org\/en\/"},{"@type":"ListItem","position":2,"name":"Presentaci\u00f3n del estudio \u201cCrisis clim\u00e1tica. Amenaza a los derechos humanos\u00bb"}]},{"@type":"WebSite","@id":"https:\/\/unetxea.org\/#website","url":"https:\/\/unetxea.org\/","name":"UN ETXEA","description":"Asociaci\u00f3n del Pa\u00eds Vasco para la UNESCO","publisher":{"@id":"https:\/\/unetxea.org\/#organization"},"potentialAction":[{"@type":"SearchAction","target":{"@type":"EntryPoint","urlTemplate":"https:\/\/unetxea.org\/?s={search_term_string}"},"query-input":{"@type":"PropertyValueSpecification","valueRequired":true,"valueName":"search_term_string"}}],"inLanguage":"en-US"},{"@type":"Organization","@id":"https:\/\/unetxea.org\/#organization","name":"UN ETXEA","url":"https:\/\/unetxea.org\/","logo":{"@type":"ImageObject","inLanguage":"en-US","@id":"https:\/\/unetxea.org\/#\/schema\/logo\/image\/","url":"https:\/\/unetxea.org\/wp-content\/uploads\/2025\/01\/logo-unetxea500.jpg","contentUrl":"https:\/\/unetxea.org\/wp-content\/uploads\/2025\/01\/logo-unetxea500.jpg","width":500,"height":484,"caption":"UN ETXEA"},"image":{"@id":"https:\/\/unetxea.org\/#\/schema\/logo\/image\/"},"sameAs":["https:\/\/www.facebook.com\/UNetxea\/","https:\/\/x.com\/UNetxea","https:\/\/www.youtube.com\/@UNetxea"]},{"@type":"Person","@id":"https:\/\/unetxea.org\/#\/schema\/person\/c115ec46e78902eb5e93b5ca0b96bd2d","name":"UN Etxea","image":{"@type":"ImageObject","inLanguage":"en-US","@id":"https:\/\/secure.gravatar.com\/avatar\/67b8d0f0ae884d096f535d6fbbb63507af5ec28b6be2d9db993a2e99f2855e18?s=96&d=mm&r=g","url":"https:\/\/secure.gravatar.com\/avatar\/67b8d0f0ae884d096f535d6fbbb63507af5ec28b6be2d9db993a2e99f2855e18?s=96&d=mm&r=g","contentUrl":"https:\/\/secure.gravatar.com\/avatar\/67b8d0f0ae884d096f535d6fbbb63507af5ec28b6be2d9db993a2e99f2855e18?s=96&d=mm&r=g","caption":"UN Etxea"},"url":"https:\/\/unetxea.org\/en\/author\/nagusitxea\/"}]}},"_links":{"self":[{"href":"https:\/\/unetxea.org\/en\/wp-json\/wp\/v2\/posts\/4463","targetHints":{"allow":["GET"]}}],"collection":[{"href":"https:\/\/unetxea.org\/en\/wp-json\/wp\/v2\/posts"}],"about":[{"href":"https:\/\/unetxea.org\/en\/wp-json\/wp\/v2\/types\/post"}],"author":[{"embeddable":true,"href":"https:\/\/unetxea.org\/en\/wp-json\/wp\/v2\/users\/2"}],"replies":[{"embeddable":true,"href":"https:\/\/unetxea.org\/en\/wp-json\/wp\/v2\/comments?post=4463"}],"version-history":[{"count":1,"href":"https:\/\/unetxea.org\/en\/wp-json\/wp\/v2\/posts\/4463\/revisions"}],"predecessor-version":[{"id":9544,"href":"https:\/\/unetxea.org\/en\/wp-json\/wp\/v2\/posts\/4463\/revisions\/9544"}],"wp:featuredmedia":[{"embeddable":true,"href":"https:\/\/unetxea.org\/en\/wp-json\/wp\/v2\/media\/4460"}],"wp:attachment":[{"href":"https:\/\/unetxea.org\/en\/wp-json\/wp\/v2\/media?parent=4463"}],"wp:term":[{"taxonomy":"category","embeddable":true,"href":"https:\/\/unetxea.org\/en\/wp-json\/wp\/v2\/categories?post=4463"},{"taxonomy":"post_tag","embeddable":true,"href":"https:\/\/unetxea.org\/en\/wp-json\/wp\/v2\/tags?post=4463"}],"curies":[{"name":"wp","href":"https:\/\/api.w.org\/{rel}","templated":true}]}}