{"id":4476,"date":"2021-05-03T14:09:48","date_gmt":"2021-05-03T12:09:48","guid":{"rendered":"https:\/\/unetxea.org\/?p=4476"},"modified":"2024-07-09T13:36:29","modified_gmt":"2024-07-09T11:36:29","slug":"no-dejar-a-nadie-atras-acceso-a-la-proteccion-social-de-todas-las-mujeres-migrantes","status":"publish","type":"post","link":"https:\/\/unetxea.org\/en\/no-dejar-a-nadie-atras-acceso-a-la-proteccion-social-de-todas-las-mujeres-migrantes\/","title":{"rendered":"No dejar a nadie atr\u00e1s: Acceso a la protecci\u00f3n social de todas las mujeres migrantes"},"content":{"rendered":"\n<p>La protecci\u00f3n social es un derecho humano universal y un elemento clave de la Agenda 2030 para el Desarrollo Sostenible. Si bien este derecho se aplica inequ\u00edvocamente a las personas migrantes, independientemente del estatus migratorio, las mujeres migrantes en particular a menudo permanecen excluidas.<\/p>\n\n\n\n<p>En este contexto, el <a href=\"https:\/\/www.unwomen.org\/-\/media\/headquarters\/attachments\/sections\/library\/publications\/2020\/policy%20brief%2014_migration%20and%20social%20protection_es.pdf?la=es&amp;vs=4137\" target=\"_blank\" rel=\"noreferrer noopener\">informe pol\u00edtico publicado por UN WOMEN<\/a> titulado <strong>\u201cNo dejar a nadie atr\u00e1s: Acceso a la protecci\u00f3n social de todas las mujeres migrantes\u201d <\/strong>examina los obst\u00e1culos a los que se enfrentan las mujeres migrantes para acceder a la protecci\u00f3n social y ofrece recomendaciones para que los Estados cumplan con su obligaci\u00f3n de superarlas, en particular en relaci\u00f3n con la atenci\u00f3n de la salud, la protecci\u00f3n de la maternidad y los servicios esenciales para las v\u00edctimas y las sobrevivientes de violencia.<\/p>\n\n\n\n<p>Se\u00f1ala una serie de acciones positivas que pueden adoptarse, incluida la creaci\u00f3n de un marco jur\u00eddico y reglamentario de apoyo, el dise\u00f1o y la aplicaci\u00f3n de pol\u00edticas y servicios que respondan a las necesidades de las mujeres migrantes y a la separaci\u00f3n de la prestaci\u00f3n de servicios de las actividades de observancia de la inmigraci\u00f3n.<\/p>\n\n\n\n<p>UNESCO Etxea, consciente de c\u00f3mo los derechos de las mujeres migrantes son vulnerados tambi\u00e9n en Euskadi, trabaja junto con la asociaci\u00f3n <a href=\"http:\/\/www.mujeresenladiversidad.org\/?lang=eu\">Mujeres en la Diversidad<\/a> y otros colectivos vascos vulnerados para visibilizar y denunciar estas desigualdades, gracias al apoyo de la Agencia Vasca de Cooperaci\u00f3n al Desarrollo.<\/p>\n\n\n\n<div class=\"wp-block-image\"><figure class=\"alignleft size-large is-resized\"><img loading=\"lazy\" decoding=\"async\" src=\"https:\/\/unetxea.org\/wp-content\/uploads\/2021\/01\/Logo_pdf.png\" alt=\"\" class=\"wp-image-3342\" width=\"40\" height=\"40\"\/><\/figure><\/div>\n\n\n\n<p class=\"has-text-align-left\"><a rel=\"noreferrer noopener\" href=\"https:\/\/www.unwomen.org\/-\/media\/headquarters\/attachments\/sections\/library\/publications\/2020\/policy%20brief%2014_migration%20and%20social%20protection_es.pdf?la=es&amp;vs=4137\" target=\"_blank\"><strong>Informe<\/strong><\/a><\/p>\n\n\n\n<div style=\"height:16px\" aria-hidden=\"true\" class=\"wp-block-spacer\"><\/div>\n\n\n\n<p><strong>M\u00e1s informaci\u00f3n:<\/strong><\/p>\n\n\n\n<p><a href=\"https:\/\/www.unwomen.org\/es\/digital-library\/publications?Topic=e67c3cc684ce482d812861bd59c3d054\" target=\"_blank\" rel=\"noreferrer noopener\">ONU Mujeres<\/a><\/p>\n\n\n\n<p><a href=\"https:\/\/unetxea.org\/dokumentuak\/todas_juntas.pdf\" target=\"_blank\" rel=\"noreferrer noopener\">Todas Juntas<\/a><\/p>\n","protected":false},"excerpt":{"rendered":"<p>La protecci\u00f3n social es un derecho humano universal y un elemento clave de la Agenda 2030 para el Desarrollo Sostenible. Si bien este derecho se aplica inequ\u00edvocamente a las personas [&hellip;]<\/p>\n","protected":false},"author":2,"featured_media":4473,"comment_status":"closed","ping_status":"closed","sticky":false,"template":"","format":"standard","meta":{"footnotes":""},"categories":[73,83],"tags":[],"class_list":["post-4476","post","type-post","status-publish","format-standard","has-post-thumbnail","hentry","category-2030-agenda","category-gender"],"yoast_head":"<!-- This site is optimized with the Yoast SEO plugin v27.5 - https:\/\/yoast.com\/product\/yoast-seo-wordpress\/ -->\n<title>No dejar a nadie atr\u00e1s: Acceso a la protecci\u00f3n social de todas las mujeres migrantes - UN ETXEA<\/title>\n<meta name=\"robots\" content=\"index, follow, max-snippet:-1, max-image-preview:large, max-video-preview:-1\" \/>\n<link rel=\"canonical\" href=\"https:\/\/unetxea.org\/en\/no-dejar-a-nadie-atras-acceso-a-la-proteccion-social-de-todas-las-mujeres-migrantes\/\" \/>\n<meta property=\"og:locale\" content=\"en_US\" \/>\n<meta property=\"og:type\" content=\"article\" \/>\n<meta property=\"og:title\" content=\"No dejar a nadie atr\u00e1s: Acceso a la protecci\u00f3n social de todas las mujeres migrantes - UN ETXEA\" \/>\n<meta property=\"og:description\" content=\"La protecci\u00f3n social es un derecho humano universal y un elemento clave de la Agenda 2030 para el Desarrollo Sostenible. Si bien este derecho se aplica inequ\u00edvocamente a las personas [&hellip;]\" \/>\n<meta property=\"og:url\" content=\"https:\/\/unetxea.org\/en\/no-dejar-a-nadie-atras-acceso-a-la-proteccion-social-de-todas-las-mujeres-migrantes\/\" \/>\n<meta property=\"og:site_name\" content=\"UN ETXEA\" \/>\n<meta property=\"article:publisher\" content=\"https:\/\/www.facebook.com\/UNetxea\/\" \/>\n<meta property=\"article:published_time\" content=\"2021-05-03T12:09:48+00:00\" \/>\n<meta property=\"article:modified_time\" content=\"2024-07-09T11:36:29+00:00\" \/>\n<meta property=\"og:image\" content=\"https:\/\/unetxea.org\/wp-content\/uploads\/2021\/05\/Berria_migracion.jpg\" \/>\n\t<meta property=\"og:image:width\" content=\"1200\" \/>\n\t<meta property=\"og:image:height\" content=\"630\" \/>\n\t<meta property=\"og:image:type\" content=\"image\/jpeg\" \/>\n<meta name=\"author\" content=\"UN Etxea\" \/>\n<meta name=\"twitter:card\" content=\"summary_large_image\" \/>\n<meta name=\"twitter:creator\" content=\"@UNetxea\" \/>\n<meta name=\"twitter:site\" content=\"@UNetxea\" \/>\n<meta name=\"twitter:label1\" content=\"Written by\" \/>\n\t<meta name=\"twitter:data1\" content=\"UN Etxea\" \/>\n\t<meta name=\"twitter:label2\" content=\"Est. reading time\" \/>\n\t<meta name=\"twitter:data2\" content=\"1 minute\" \/>\n<script type=\"application\/ld+json\" class=\"yoast-schema-graph\">{\"@context\":\"https:\\\/\\\/schema.org\",\"@graph\":[{\"@type\":\"Article\",\"@id\":\"https:\\\/\\\/unetxea.org\\\/en\\\/no-dejar-a-nadie-atras-acceso-a-la-proteccion-social-de-todas-las-mujeres-migrantes\\\/#article\",\"isPartOf\":{\"@id\":\"https:\\\/\\\/unetxea.org\\\/en\\\/no-dejar-a-nadie-atras-acceso-a-la-proteccion-social-de-todas-las-mujeres-migrantes\\\/\"},\"author\":{\"name\":\"UN Etxea\",\"@id\":\"https:\\\/\\\/unetxea.org\\\/#\\\/schema\\\/person\\\/c115ec46e78902eb5e93b5ca0b96bd2d\"},\"headline\":\"No dejar a nadie atr\u00e1s: Acceso a la protecci\u00f3n social de todas las mujeres migrantes\",\"datePublished\":\"2021-05-03T12:09:48+00:00\",\"dateModified\":\"2024-07-09T11:36:29+00:00\",\"mainEntityOfPage\":{\"@id\":\"https:\\\/\\\/unetxea.org\\\/en\\\/no-dejar-a-nadie-atras-acceso-a-la-proteccion-social-de-todas-las-mujeres-migrantes\\\/\"},\"wordCount\":279,\"publisher\":{\"@id\":\"https:\\\/\\\/unetxea.org\\\/#organization\"},\"image\":{\"@id\":\"https:\\\/\\\/unetxea.org\\\/en\\\/no-dejar-a-nadie-atras-acceso-a-la-proteccion-social-de-todas-las-mujeres-migrantes\\\/#primaryimage\"},\"thumbnailUrl\":\"https:\\\/\\\/unetxea.org\\\/wp-content\\\/uploads\\\/2021\\\/05\\\/Berria_migracion.jpg\",\"articleSection\":[\"2030 agenda\",\"Gender\"],\"inLanguage\":\"en-US\"},{\"@type\":\"WebPage\",\"@id\":\"https:\\\/\\\/unetxea.org\\\/en\\\/no-dejar-a-nadie-atras-acceso-a-la-proteccion-social-de-todas-las-mujeres-migrantes\\\/\",\"url\":\"https:\\\/\\\/unetxea.org\\\/en\\\/no-dejar-a-nadie-atras-acceso-a-la-proteccion-social-de-todas-las-mujeres-migrantes\\\/\",\"name\":\"No dejar a nadie atr\u00e1s: Acceso a la protecci\u00f3n social de todas las mujeres migrantes - UN ETXEA\",\"isPartOf\":{\"@id\":\"https:\\\/\\\/unetxea.org\\\/#website\"},\"primaryImageOfPage\":{\"@id\":\"https:\\\/\\\/unetxea.org\\\/en\\\/no-dejar-a-nadie-atras-acceso-a-la-proteccion-social-de-todas-las-mujeres-migrantes\\\/#primaryimage\"},\"image\":{\"@id\":\"https:\\\/\\\/unetxea.org\\\/en\\\/no-dejar-a-nadie-atras-acceso-a-la-proteccion-social-de-todas-las-mujeres-migrantes\\\/#primaryimage\"},\"thumbnailUrl\":\"https:\\\/\\\/unetxea.org\\\/wp-content\\\/uploads\\\/2021\\\/05\\\/Berria_migracion.jpg\",\"datePublished\":\"2021-05-03T12:09:48+00:00\",\"dateModified\":\"2024-07-09T11:36:29+00:00\",\"breadcrumb\":{\"@id\":\"https:\\\/\\\/unetxea.org\\\/en\\\/no-dejar-a-nadie-atras-acceso-a-la-proteccion-social-de-todas-las-mujeres-migrantes\\\/#breadcrumb\"},\"inLanguage\":\"en-US\",\"potentialAction\":[{\"@type\":\"ReadAction\",\"target\":[\"https:\\\/\\\/unetxea.org\\\/en\\\/no-dejar-a-nadie-atras-acceso-a-la-proteccion-social-de-todas-las-mujeres-migrantes\\\/\"]}]},{\"@type\":\"ImageObject\",\"inLanguage\":\"en-US\",\"@id\":\"https:\\\/\\\/unetxea.org\\\/en\\\/no-dejar-a-nadie-atras-acceso-a-la-proteccion-social-de-todas-las-mujeres-migrantes\\\/#primaryimage\",\"url\":\"https:\\\/\\\/unetxea.org\\\/wp-content\\\/uploads\\\/2021\\\/05\\\/Berria_migracion.jpg\",\"contentUrl\":\"https:\\\/\\\/unetxea.org\\\/wp-content\\\/uploads\\\/2021\\\/05\\\/Berria_migracion.jpg\",\"width\":1200,\"height\":630},{\"@type\":\"BreadcrumbList\",\"@id\":\"https:\\\/\\\/unetxea.org\\\/en\\\/no-dejar-a-nadie-atras-acceso-a-la-proteccion-social-de-todas-las-mujeres-migrantes\\\/#breadcrumb\",\"itemListElement\":[{\"@type\":\"ListItem\",\"position\":1,\"name\":\"Portada\",\"item\":\"https:\\\/\\\/unetxea.org\\\/en\\\/\"},{\"@type\":\"ListItem\",\"position\":2,\"name\":\"No dejar a nadie atr\u00e1s: Acceso a la protecci\u00f3n social de todas las mujeres migrantes\"}]},{\"@type\":\"WebSite\",\"@id\":\"https:\\\/\\\/unetxea.org\\\/#website\",\"url\":\"https:\\\/\\\/unetxea.org\\\/\",\"name\":\"UN ETXEA\",\"description\":\"Asociaci\u00f3n del Pa\u00eds Vasco para la UNESCO\",\"publisher\":{\"@id\":\"https:\\\/\\\/unetxea.org\\\/#organization\"},\"potentialAction\":[{\"@type\":\"SearchAction\",\"target\":{\"@type\":\"EntryPoint\",\"urlTemplate\":\"https:\\\/\\\/unetxea.org\\\/?s={search_term_string}\"},\"query-input\":{\"@type\":\"PropertyValueSpecification\",\"valueRequired\":true,\"valueName\":\"search_term_string\"}}],\"inLanguage\":\"en-US\"},{\"@type\":\"Organization\",\"@id\":\"https:\\\/\\\/unetxea.org\\\/#organization\",\"name\":\"UN ETXEA\",\"url\":\"https:\\\/\\\/unetxea.org\\\/\",\"logo\":{\"@type\":\"ImageObject\",\"inLanguage\":\"en-US\",\"@id\":\"https:\\\/\\\/unetxea.org\\\/#\\\/schema\\\/logo\\\/image\\\/\",\"url\":\"https:\\\/\\\/unetxea.org\\\/wp-content\\\/uploads\\\/2025\\\/01\\\/logo-unetxea500.jpg\",\"contentUrl\":\"https:\\\/\\\/unetxea.org\\\/wp-content\\\/uploads\\\/2025\\\/01\\\/logo-unetxea500.jpg\",\"width\":500,\"height\":484,\"caption\":\"UN ETXEA\"},\"image\":{\"@id\":\"https:\\\/\\\/unetxea.org\\\/#\\\/schema\\\/logo\\\/image\\\/\"},\"sameAs\":[\"https:\\\/\\\/www.facebook.com\\\/UNetxea\\\/\",\"https:\\\/\\\/x.com\\\/UNetxea\",\"https:\\\/\\\/www.youtube.com\\\/@UNetxea\"]},{\"@type\":\"Person\",\"@id\":\"https:\\\/\\\/unetxea.org\\\/#\\\/schema\\\/person\\\/c115ec46e78902eb5e93b5ca0b96bd2d\",\"name\":\"UN Etxea\",\"image\":{\"@type\":\"ImageObject\",\"inLanguage\":\"en-US\",\"@id\":\"https:\\\/\\\/secure.gravatar.com\\\/avatar\\\/67b8d0f0ae884d096f535d6fbbb63507af5ec28b6be2d9db993a2e99f2855e18?s=96&d=mm&r=g\",\"url\":\"https:\\\/\\\/secure.gravatar.com\\\/avatar\\\/67b8d0f0ae884d096f535d6fbbb63507af5ec28b6be2d9db993a2e99f2855e18?s=96&d=mm&r=g\",\"contentUrl\":\"https:\\\/\\\/secure.gravatar.com\\\/avatar\\\/67b8d0f0ae884d096f535d6fbbb63507af5ec28b6be2d9db993a2e99f2855e18?s=96&d=mm&r=g\",\"caption\":\"UN Etxea\"},\"url\":\"https:\\\/\\\/unetxea.org\\\/en\\\/author\\\/nagusitxea\\\/\"}]}<\/script>\n<!-- \/ Yoast SEO plugin. -->","yoast_head_json":{"title":"No dejar a nadie atr\u00e1s: Acceso a la protecci\u00f3n social de todas las mujeres migrantes - UN ETXEA","robots":{"index":"index","follow":"follow","max-snippet":"max-snippet:-1","max-image-preview":"max-image-preview:large","max-video-preview":"max-video-preview:-1"},"canonical":"https:\/\/unetxea.org\/en\/no-dejar-a-nadie-atras-acceso-a-la-proteccion-social-de-todas-las-mujeres-migrantes\/","og_locale":"en_US","og_type":"article","og_title":"No dejar a nadie atr\u00e1s: Acceso a la protecci\u00f3n social de todas las mujeres migrantes - UN ETXEA","og_description":"La protecci\u00f3n social es un derecho humano universal y un elemento clave de la Agenda 2030 para el Desarrollo Sostenible. Si bien este derecho se aplica inequ\u00edvocamente a las personas [&hellip;]","og_url":"https:\/\/unetxea.org\/en\/no-dejar-a-nadie-atras-acceso-a-la-proteccion-social-de-todas-las-mujeres-migrantes\/","og_site_name":"UN ETXEA","article_publisher":"https:\/\/www.facebook.com\/UNetxea\/","article_published_time":"2021-05-03T12:09:48+00:00","article_modified_time":"2024-07-09T11:36:29+00:00","og_image":[{"width":1200,"height":630,"url":"https:\/\/unetxea.org\/wp-content\/uploads\/2021\/05\/Berria_migracion.jpg","type":"image\/jpeg"}],"author":"UN Etxea","twitter_card":"summary_large_image","twitter_creator":"@UNetxea","twitter_site":"@UNetxea","twitter_misc":{"Written by":"UN Etxea","Est. reading time":"1 minute"},"schema":{"@context":"https:\/\/schema.org","@graph":[{"@type":"Article","@id":"https:\/\/unetxea.org\/en\/no-dejar-a-nadie-atras-acceso-a-la-proteccion-social-de-todas-las-mujeres-migrantes\/#article","isPartOf":{"@id":"https:\/\/unetxea.org\/en\/no-dejar-a-nadie-atras-acceso-a-la-proteccion-social-de-todas-las-mujeres-migrantes\/"},"author":{"name":"UN Etxea","@id":"https:\/\/unetxea.org\/#\/schema\/person\/c115ec46e78902eb5e93b5ca0b96bd2d"},"headline":"No dejar a nadie atr\u00e1s: Acceso a la protecci\u00f3n social de todas las mujeres migrantes","datePublished":"2021-05-03T12:09:48+00:00","dateModified":"2024-07-09T11:36:29+00:00","mainEntityOfPage":{"@id":"https:\/\/unetxea.org\/en\/no-dejar-a-nadie-atras-acceso-a-la-proteccion-social-de-todas-las-mujeres-migrantes\/"},"wordCount":279,"publisher":{"@id":"https:\/\/unetxea.org\/#organization"},"image":{"@id":"https:\/\/unetxea.org\/en\/no-dejar-a-nadie-atras-acceso-a-la-proteccion-social-de-todas-las-mujeres-migrantes\/#primaryimage"},"thumbnailUrl":"https:\/\/unetxea.org\/wp-content\/uploads\/2021\/05\/Berria_migracion.jpg","articleSection":["2030 agenda","Gender"],"inLanguage":"en-US"},{"@type":"WebPage","@id":"https:\/\/unetxea.org\/en\/no-dejar-a-nadie-atras-acceso-a-la-proteccion-social-de-todas-las-mujeres-migrantes\/","url":"https:\/\/unetxea.org\/en\/no-dejar-a-nadie-atras-acceso-a-la-proteccion-social-de-todas-las-mujeres-migrantes\/","name":"No dejar a nadie atr\u00e1s: Acceso a la protecci\u00f3n social de todas las mujeres migrantes - UN ETXEA","isPartOf":{"@id":"https:\/\/unetxea.org\/#website"},"primaryImageOfPage":{"@id":"https:\/\/unetxea.org\/en\/no-dejar-a-nadie-atras-acceso-a-la-proteccion-social-de-todas-las-mujeres-migrantes\/#primaryimage"},"image":{"@id":"https:\/\/unetxea.org\/en\/no-dejar-a-nadie-atras-acceso-a-la-proteccion-social-de-todas-las-mujeres-migrantes\/#primaryimage"},"thumbnailUrl":"https:\/\/unetxea.org\/wp-content\/uploads\/2021\/05\/Berria_migracion.jpg","datePublished":"2021-05-03T12:09:48+00:00","dateModified":"2024-07-09T11:36:29+00:00","breadcrumb":{"@id":"https:\/\/unetxea.org\/en\/no-dejar-a-nadie-atras-acceso-a-la-proteccion-social-de-todas-las-mujeres-migrantes\/#breadcrumb"},"inLanguage":"en-US","potentialAction":[{"@type":"ReadAction","target":["https:\/\/unetxea.org\/en\/no-dejar-a-nadie-atras-acceso-a-la-proteccion-social-de-todas-las-mujeres-migrantes\/"]}]},{"@type":"ImageObject","inLanguage":"en-US","@id":"https:\/\/unetxea.org\/en\/no-dejar-a-nadie-atras-acceso-a-la-proteccion-social-de-todas-las-mujeres-migrantes\/#primaryimage","url":"https:\/\/unetxea.org\/wp-content\/uploads\/2021\/05\/Berria_migracion.jpg","contentUrl":"https:\/\/unetxea.org\/wp-content\/uploads\/2021\/05\/Berria_migracion.jpg","width":1200,"height":630},{"@type":"BreadcrumbList","@id":"https:\/\/unetxea.org\/en\/no-dejar-a-nadie-atras-acceso-a-la-proteccion-social-de-todas-las-mujeres-migrantes\/#breadcrumb","itemListElement":[{"@type":"ListItem","position":1,"name":"Portada","item":"https:\/\/unetxea.org\/en\/"},{"@type":"ListItem","position":2,"name":"No dejar a nadie atr\u00e1s: Acceso a la protecci\u00f3n social de todas las mujeres migrantes"}]},{"@type":"WebSite","@id":"https:\/\/unetxea.org\/#website","url":"https:\/\/unetxea.org\/","name":"UN ETXEA","description":"Asociaci\u00f3n del Pa\u00eds Vasco para la UNESCO","publisher":{"@id":"https:\/\/unetxea.org\/#organization"},"potentialAction":[{"@type":"SearchAction","target":{"@type":"EntryPoint","urlTemplate":"https:\/\/unetxea.org\/?s={search_term_string}"},"query-input":{"@type":"PropertyValueSpecification","valueRequired":true,"valueName":"search_term_string"}}],"inLanguage":"en-US"},{"@type":"Organization","@id":"https:\/\/unetxea.org\/#organization","name":"UN ETXEA","url":"https:\/\/unetxea.org\/","logo":{"@type":"ImageObject","inLanguage":"en-US","@id":"https:\/\/unetxea.org\/#\/schema\/logo\/image\/","url":"https:\/\/unetxea.org\/wp-content\/uploads\/2025\/01\/logo-unetxea500.jpg","contentUrl":"https:\/\/unetxea.org\/wp-content\/uploads\/2025\/01\/logo-unetxea500.jpg","width":500,"height":484,"caption":"UN ETXEA"},"image":{"@id":"https:\/\/unetxea.org\/#\/schema\/logo\/image\/"},"sameAs":["https:\/\/www.facebook.com\/UNetxea\/","https:\/\/x.com\/UNetxea","https:\/\/www.youtube.com\/@UNetxea"]},{"@type":"Person","@id":"https:\/\/unetxea.org\/#\/schema\/person\/c115ec46e78902eb5e93b5ca0b96bd2d","name":"UN Etxea","image":{"@type":"ImageObject","inLanguage":"en-US","@id":"https:\/\/secure.gravatar.com\/avatar\/67b8d0f0ae884d096f535d6fbbb63507af5ec28b6be2d9db993a2e99f2855e18?s=96&d=mm&r=g","url":"https:\/\/secure.gravatar.com\/avatar\/67b8d0f0ae884d096f535d6fbbb63507af5ec28b6be2d9db993a2e99f2855e18?s=96&d=mm&r=g","contentUrl":"https:\/\/secure.gravatar.com\/avatar\/67b8d0f0ae884d096f535d6fbbb63507af5ec28b6be2d9db993a2e99f2855e18?s=96&d=mm&r=g","caption":"UN Etxea"},"url":"https:\/\/unetxea.org\/en\/author\/nagusitxea\/"}]}},"_links":{"self":[{"href":"https:\/\/unetxea.org\/en\/wp-json\/wp\/v2\/posts\/4476","targetHints":{"allow":["GET"]}}],"collection":[{"href":"https:\/\/unetxea.org\/en\/wp-json\/wp\/v2\/posts"}],"about":[{"href":"https:\/\/unetxea.org\/en\/wp-json\/wp\/v2\/types\/post"}],"author":[{"embeddable":true,"href":"https:\/\/unetxea.org\/en\/wp-json\/wp\/v2\/users\/2"}],"replies":[{"embeddable":true,"href":"https:\/\/unetxea.org\/en\/wp-json\/wp\/v2\/comments?post=4476"}],"version-history":[{"count":1,"href":"https:\/\/unetxea.org\/en\/wp-json\/wp\/v2\/posts\/4476\/revisions"}],"predecessor-version":[{"id":9542,"href":"https:\/\/unetxea.org\/en\/wp-json\/wp\/v2\/posts\/4476\/revisions\/9542"}],"wp:featuredmedia":[{"embeddable":true,"href":"https:\/\/unetxea.org\/en\/wp-json\/wp\/v2\/media\/4473"}],"wp:attachment":[{"href":"https:\/\/unetxea.org\/en\/wp-json\/wp\/v2\/media?parent=4476"}],"wp:term":[{"taxonomy":"category","embeddable":true,"href":"https:\/\/unetxea.org\/en\/wp-json\/wp\/v2\/categories?post=4476"},{"taxonomy":"post_tag","embeddable":true,"href":"https:\/\/unetxea.org\/en\/wp-json\/wp\/v2\/tags?post=4476"}],"curies":[{"name":"wp","href":"https:\/\/api.w.org\/{rel}","templated":true}]}}