{"id":4496,"date":"2021-05-10T11:36:18","date_gmt":"2021-05-10T09:36:18","guid":{"rendered":"https:\/\/unetxea.org\/?p=4496"},"modified":"2024-07-09T13:36:27","modified_gmt":"2024-07-09T11:36:27","slug":"como-integrar-la-agenda-2030-en-el-sector-cultural","status":"publish","type":"post","link":"https:\/\/unetxea.org\/en\/como-integrar-la-agenda-2030-en-el-sector-cultural\/","title":{"rendered":"C\u00f3mo integrar la Agenda 2030 en el sector cultural"},"content":{"rendered":"\n<p>La Agenda 2030 representa un punto de inflexi\u00f3n particularmente crucial para el sector de cultura. Los avances conceptuales y pol\u00edticos logrados en los dos \u00faltimos decenios en relaci\u00f3n con el papel de la cultura en el desarrollo \u2014impulsados a la vez por la acci\u00f3n normativa y por las grandes conferencias internacionales\u2014, junto con los esfuerzos de promoci\u00f3n y demostraci\u00f3n desplegados por la UNESCO, han permitido hacer de la cultura un elemento central de la Agenda 2030 de manera transversal.<\/p>\n\n\n\n<p>UNESCO Etxea asume esta cuesti\u00f3n como l\u00ednea intr\u00ednseca de su trabajo y participa en diferentes foros y espacios para impulsar la incorporaci\u00f3n de la Agenda 2030 en el sector cultural y, a su vez, la dimensi\u00f3n cultural en la Agenda 2030.<\/p>\n\n\n\n<p>En este sentido, nuestra compa\u00f1era Bego\u00f1a Guzm\u00e1n, responsable de cultura para la transformaci\u00f3n social, ha formado parte del comit\u00e9 editorial del manual \u201c<a rel=\"noreferrer noopener\" href=\"https:\/\/reds-sdsn.es\/wp-content\/uploads\/2021\/03\/Guia-REDS-2021-Web_lectura-online.pdf\" target=\"_blank\">Hacia una cultura sostenible. Gu\u00eda pr\u00e1ctica para integrar la Agenda 2030 en el sector cultural<\/a>\u201d publicado por <a href=\"https:\/\/reds-sdsn.es\/\" target=\"_blank\" rel=\"noreferrer noopener\">REDS<\/a>, la antena en Espa\u00f1a de la Red de Soluciones para un Desarrollo Sostenible (Sustainable Development Solutions Network, SDSN), una iniciativa global lanzada por el ex secretario general de Naciones Unidas Ban Ki-Moon en 2012.<\/p>\n\n\n\n<p>Con esta publicaci\u00f3n se quiere facilitar a los profesionales del sector herramientas \u00fatiles y adaptadas que les permitan adoptar un enfoque sostenible, as\u00ed como incorporar criterios e indicadores de sostenibilidad. Se trata por tanto de un primer ejercicio para <em>aterrizar<\/em> la Agenda 2030 al sector cultural y creativo, incluyendo orientaciones y acciones pr\u00e1cticas para todo el ecosistema cultural: desde las artes visuales y esc\u00e9nicas, hasta los sectores audiovisual y editorial.<\/p>\n\n\n\n<p>Adem\u00e1s, el pasado 24 de marzo, UNESCO Etxea fue invitada a participar en el Taller multiactor \u201cContribuyendo a la Estrategia de Desarrollo Sostenible desde la Cultura\u201d, un encuentro que reuni\u00f3 a casi un centenar de personas expertas en Agenda 2030 del \u00e1mbito de la cultura, quienes compartieron sus reflexiones sobre el papel de la cultura en la consecuci\u00f3n de los Objetivos de Desarrollo Sostenible (ODS).<\/p>\n\n\n\n<p>Arantza Acha, Directora de UNESCO Etxea, particip\u00f3 como moderadora del grupo de trabajo en torno al binomio cultura y desarrollo, mientras que Bego\u00f1a Guzm\u00e1n comparti\u00f3 sus aportaciones con el grupo de trabajo en torno a la identificaci\u00f3n de prioridades del sector cultural. Tras el taller se gener\u00f3 un documento con las aportaciones de todas las personas participantes, \u00abDirectrices Generales de la Estrategia de Desarrollo Sostenible\u00bb, que ha sido entregado a la Secretar\u00eda de Estado para la Agenda 2030.<\/p>\n\n\n\n<p>Desde UNESCO Etxea lanzamos un llamamiento al ecosistema cultural vasco para adherirse a la incorporaci\u00f3n de la Agenda 2030 en sus planes estrat\u00e9gicos y de acci\u00f3n. \u00bfPasamos a la acci\u00f3n?<\/p>\n\n\n\n<p>Para m\u00e1s informaci\u00f3n: Bego\u00f1a Guzm\u00e1n <a href=\"mailto:b.guzman@unetxea.org\">b.guzman@unetxea.org<\/a><\/p>\n\n\n\n<div style=\"height:17px\" aria-hidden=\"true\" class=\"wp-block-spacer\"><\/div>\n\n\n\n<div class=\"wp-block-image\"><figure class=\"alignleft size-large is-resized\"><img loading=\"lazy\" decoding=\"async\" src=\"https:\/\/unetxea.org\/wp-content\/uploads\/2021\/01\/Logo_pdf.png\" alt=\"\" class=\"wp-image-3342\" width=\"37\" height=\"37\"\/><\/figure><\/div>\n\n\n\n<p><a rel=\"noreferrer noopener\" href=\"https:\/\/reds-sdsn.es\/wp-content\/uploads\/2021\/03\/Guia-REDS-2021-Web_lectura-online.pdf\" target=\"_blank\"><strong>Manual<\/strong><\/a><\/p>\n","protected":false},"excerpt":{"rendered":"<p>La Agenda 2030 representa un punto de inflexi\u00f3n particularmente crucial para el sector de cultura. Los avances conceptuales y pol\u00edticos logrados en los dos \u00faltimos decenios en relaci\u00f3n con el [&hellip;]<\/p>\n","protected":false},"author":2,"featured_media":4494,"comment_status":"closed","ping_status":"closed","sticky":false,"template":"","format":"standard","meta":{"footnotes":""},"categories":[73,150],"tags":[],"class_list":["post-4496","post","type-post","status-publish","format-standard","has-post-thumbnail","hentry","category-2030-agenda","category-culture"],"yoast_head":"<!-- This site is optimized with the Yoast SEO plugin v27.5 - https:\/\/yoast.com\/product\/yoast-seo-wordpress\/ -->\n<title>C\u00f3mo integrar la Agenda 2030 en el sector cultural - UN ETXEA<\/title>\n<meta name=\"robots\" content=\"index, follow, max-snippet:-1, max-image-preview:large, max-video-preview:-1\" \/>\n<link rel=\"canonical\" href=\"https:\/\/unetxea.org\/en\/como-integrar-la-agenda-2030-en-el-sector-cultural\/\" \/>\n<meta property=\"og:locale\" content=\"en_US\" \/>\n<meta property=\"og:type\" content=\"article\" \/>\n<meta property=\"og:title\" content=\"C\u00f3mo integrar la Agenda 2030 en el sector cultural - UN ETXEA\" \/>\n<meta property=\"og:description\" content=\"La Agenda 2030 representa un punto de inflexi\u00f3n particularmente crucial para el sector de cultura. Los avances conceptuales y pol\u00edticos logrados en los dos \u00faltimos decenios en relaci\u00f3n con el [&hellip;]\" \/>\n<meta property=\"og:url\" content=\"https:\/\/unetxea.org\/en\/como-integrar-la-agenda-2030-en-el-sector-cultural\/\" \/>\n<meta property=\"og:site_name\" content=\"UN ETXEA\" \/>\n<meta property=\"article:publisher\" content=\"https:\/\/www.facebook.com\/UNetxea\/\" \/>\n<meta property=\"article:published_time\" content=\"2021-05-10T09:36:18+00:00\" \/>\n<meta property=\"article:modified_time\" content=\"2024-07-09T11:36:27+00:00\" \/>\n<meta property=\"og:image\" content=\"https:\/\/unetxea.org\/wp-content\/uploads\/2021\/05\/berria-ODSculturaredsTX.jpg\" \/>\n\t<meta property=\"og:image:width\" content=\"1000\" \/>\n\t<meta property=\"og:image:height\" content=\"610\" \/>\n\t<meta property=\"og:image:type\" content=\"image\/jpeg\" \/>\n<meta name=\"author\" content=\"UN Etxea\" \/>\n<meta name=\"twitter:card\" content=\"summary_large_image\" \/>\n<meta name=\"twitter:creator\" content=\"@UNetxea\" \/>\n<meta name=\"twitter:site\" content=\"@UNetxea\" \/>\n<meta name=\"twitter:label1\" content=\"Written by\" \/>\n\t<meta name=\"twitter:data1\" content=\"UN Etxea\" \/>\n\t<meta name=\"twitter:label2\" content=\"Est. reading time\" \/>\n\t<meta name=\"twitter:data2\" content=\"2 minutes\" \/>\n<script type=\"application\/ld+json\" class=\"yoast-schema-graph\">{\"@context\":\"https:\\\/\\\/schema.org\",\"@graph\":[{\"@type\":\"Article\",\"@id\":\"https:\\\/\\\/unetxea.org\\\/en\\\/como-integrar-la-agenda-2030-en-el-sector-cultural\\\/#article\",\"isPartOf\":{\"@id\":\"https:\\\/\\\/unetxea.org\\\/en\\\/como-integrar-la-agenda-2030-en-el-sector-cultural\\\/\"},\"author\":{\"name\":\"UN Etxea\",\"@id\":\"https:\\\/\\\/unetxea.org\\\/#\\\/schema\\\/person\\\/c115ec46e78902eb5e93b5ca0b96bd2d\"},\"headline\":\"C\u00f3mo integrar la Agenda 2030 en el sector cultural\",\"datePublished\":\"2021-05-10T09:36:18+00:00\",\"dateModified\":\"2024-07-09T11:36:27+00:00\",\"mainEntityOfPage\":{\"@id\":\"https:\\\/\\\/unetxea.org\\\/en\\\/como-integrar-la-agenda-2030-en-el-sector-cultural\\\/\"},\"wordCount\":480,\"publisher\":{\"@id\":\"https:\\\/\\\/unetxea.org\\\/#organization\"},\"image\":{\"@id\":\"https:\\\/\\\/unetxea.org\\\/en\\\/como-integrar-la-agenda-2030-en-el-sector-cultural\\\/#primaryimage\"},\"thumbnailUrl\":\"https:\\\/\\\/unetxea.org\\\/wp-content\\\/uploads\\\/2021\\\/05\\\/berria-ODSculturaredsTX.jpg\",\"articleSection\":[\"2030 agenda\",\"Culture\"],\"inLanguage\":\"en-US\"},{\"@type\":\"WebPage\",\"@id\":\"https:\\\/\\\/unetxea.org\\\/en\\\/como-integrar-la-agenda-2030-en-el-sector-cultural\\\/\",\"url\":\"https:\\\/\\\/unetxea.org\\\/en\\\/como-integrar-la-agenda-2030-en-el-sector-cultural\\\/\",\"name\":\"C\u00f3mo integrar la Agenda 2030 en el sector cultural - UN ETXEA\",\"isPartOf\":{\"@id\":\"https:\\\/\\\/unetxea.org\\\/#website\"},\"primaryImageOfPage\":{\"@id\":\"https:\\\/\\\/unetxea.org\\\/en\\\/como-integrar-la-agenda-2030-en-el-sector-cultural\\\/#primaryimage\"},\"image\":{\"@id\":\"https:\\\/\\\/unetxea.org\\\/en\\\/como-integrar-la-agenda-2030-en-el-sector-cultural\\\/#primaryimage\"},\"thumbnailUrl\":\"https:\\\/\\\/unetxea.org\\\/wp-content\\\/uploads\\\/2021\\\/05\\\/berria-ODSculturaredsTX.jpg\",\"datePublished\":\"2021-05-10T09:36:18+00:00\",\"dateModified\":\"2024-07-09T11:36:27+00:00\",\"breadcrumb\":{\"@id\":\"https:\\\/\\\/unetxea.org\\\/en\\\/como-integrar-la-agenda-2030-en-el-sector-cultural\\\/#breadcrumb\"},\"inLanguage\":\"en-US\",\"potentialAction\":[{\"@type\":\"ReadAction\",\"target\":[\"https:\\\/\\\/unetxea.org\\\/en\\\/como-integrar-la-agenda-2030-en-el-sector-cultural\\\/\"]}]},{\"@type\":\"ImageObject\",\"inLanguage\":\"en-US\",\"@id\":\"https:\\\/\\\/unetxea.org\\\/en\\\/como-integrar-la-agenda-2030-en-el-sector-cultural\\\/#primaryimage\",\"url\":\"https:\\\/\\\/unetxea.org\\\/wp-content\\\/uploads\\\/2021\\\/05\\\/berria-ODSculturaredsTX.jpg\",\"contentUrl\":\"https:\\\/\\\/unetxea.org\\\/wp-content\\\/uploads\\\/2021\\\/05\\\/berria-ODSculturaredsTX.jpg\",\"width\":1000,\"height\":610},{\"@type\":\"BreadcrumbList\",\"@id\":\"https:\\\/\\\/unetxea.org\\\/en\\\/como-integrar-la-agenda-2030-en-el-sector-cultural\\\/#breadcrumb\",\"itemListElement\":[{\"@type\":\"ListItem\",\"position\":1,\"name\":\"Portada\",\"item\":\"https:\\\/\\\/unetxea.org\\\/en\\\/\"},{\"@type\":\"ListItem\",\"position\":2,\"name\":\"C\u00f3mo integrar la Agenda 2030 en el sector cultural\"}]},{\"@type\":\"WebSite\",\"@id\":\"https:\\\/\\\/unetxea.org\\\/#website\",\"url\":\"https:\\\/\\\/unetxea.org\\\/\",\"name\":\"UN ETXEA\",\"description\":\"Asociaci\u00f3n del Pa\u00eds Vasco para la UNESCO\",\"publisher\":{\"@id\":\"https:\\\/\\\/unetxea.org\\\/#organization\"},\"potentialAction\":[{\"@type\":\"SearchAction\",\"target\":{\"@type\":\"EntryPoint\",\"urlTemplate\":\"https:\\\/\\\/unetxea.org\\\/?s={search_term_string}\"},\"query-input\":{\"@type\":\"PropertyValueSpecification\",\"valueRequired\":true,\"valueName\":\"search_term_string\"}}],\"inLanguage\":\"en-US\"},{\"@type\":\"Organization\",\"@id\":\"https:\\\/\\\/unetxea.org\\\/#organization\",\"name\":\"UN ETXEA\",\"url\":\"https:\\\/\\\/unetxea.org\\\/\",\"logo\":{\"@type\":\"ImageObject\",\"inLanguage\":\"en-US\",\"@id\":\"https:\\\/\\\/unetxea.org\\\/#\\\/schema\\\/logo\\\/image\\\/\",\"url\":\"https:\\\/\\\/unetxea.org\\\/wp-content\\\/uploads\\\/2025\\\/01\\\/logo-unetxea500.jpg\",\"contentUrl\":\"https:\\\/\\\/unetxea.org\\\/wp-content\\\/uploads\\\/2025\\\/01\\\/logo-unetxea500.jpg\",\"width\":500,\"height\":484,\"caption\":\"UN ETXEA\"},\"image\":{\"@id\":\"https:\\\/\\\/unetxea.org\\\/#\\\/schema\\\/logo\\\/image\\\/\"},\"sameAs\":[\"https:\\\/\\\/www.facebook.com\\\/UNetxea\\\/\",\"https:\\\/\\\/x.com\\\/UNetxea\",\"https:\\\/\\\/www.youtube.com\\\/@UNetxea\"]},{\"@type\":\"Person\",\"@id\":\"https:\\\/\\\/unetxea.org\\\/#\\\/schema\\\/person\\\/c115ec46e78902eb5e93b5ca0b96bd2d\",\"name\":\"UN Etxea\",\"image\":{\"@type\":\"ImageObject\",\"inLanguage\":\"en-US\",\"@id\":\"https:\\\/\\\/secure.gravatar.com\\\/avatar\\\/67b8d0f0ae884d096f535d6fbbb63507af5ec28b6be2d9db993a2e99f2855e18?s=96&d=mm&r=g\",\"url\":\"https:\\\/\\\/secure.gravatar.com\\\/avatar\\\/67b8d0f0ae884d096f535d6fbbb63507af5ec28b6be2d9db993a2e99f2855e18?s=96&d=mm&r=g\",\"contentUrl\":\"https:\\\/\\\/secure.gravatar.com\\\/avatar\\\/67b8d0f0ae884d096f535d6fbbb63507af5ec28b6be2d9db993a2e99f2855e18?s=96&d=mm&r=g\",\"caption\":\"UN Etxea\"},\"url\":\"https:\\\/\\\/unetxea.org\\\/en\\\/author\\\/nagusitxea\\\/\"}]}<\/script>\n<!-- \/ Yoast SEO plugin. -->","yoast_head_json":{"title":"C\u00f3mo integrar la Agenda 2030 en el sector cultural - UN ETXEA","robots":{"index":"index","follow":"follow","max-snippet":"max-snippet:-1","max-image-preview":"max-image-preview:large","max-video-preview":"max-video-preview:-1"},"canonical":"https:\/\/unetxea.org\/en\/como-integrar-la-agenda-2030-en-el-sector-cultural\/","og_locale":"en_US","og_type":"article","og_title":"C\u00f3mo integrar la Agenda 2030 en el sector cultural - UN ETXEA","og_description":"La Agenda 2030 representa un punto de inflexi\u00f3n particularmente crucial para el sector de cultura. Los avances conceptuales y pol\u00edticos logrados en los dos \u00faltimos decenios en relaci\u00f3n con el [&hellip;]","og_url":"https:\/\/unetxea.org\/en\/como-integrar-la-agenda-2030-en-el-sector-cultural\/","og_site_name":"UN ETXEA","article_publisher":"https:\/\/www.facebook.com\/UNetxea\/","article_published_time":"2021-05-10T09:36:18+00:00","article_modified_time":"2024-07-09T11:36:27+00:00","og_image":[{"width":1000,"height":610,"url":"https:\/\/unetxea.org\/wp-content\/uploads\/2021\/05\/berria-ODSculturaredsTX.jpg","type":"image\/jpeg"}],"author":"UN Etxea","twitter_card":"summary_large_image","twitter_creator":"@UNetxea","twitter_site":"@UNetxea","twitter_misc":{"Written by":"UN Etxea","Est. reading time":"2 minutes"},"schema":{"@context":"https:\/\/schema.org","@graph":[{"@type":"Article","@id":"https:\/\/unetxea.org\/en\/como-integrar-la-agenda-2030-en-el-sector-cultural\/#article","isPartOf":{"@id":"https:\/\/unetxea.org\/en\/como-integrar-la-agenda-2030-en-el-sector-cultural\/"},"author":{"name":"UN Etxea","@id":"https:\/\/unetxea.org\/#\/schema\/person\/c115ec46e78902eb5e93b5ca0b96bd2d"},"headline":"C\u00f3mo integrar la Agenda 2030 en el sector cultural","datePublished":"2021-05-10T09:36:18+00:00","dateModified":"2024-07-09T11:36:27+00:00","mainEntityOfPage":{"@id":"https:\/\/unetxea.org\/en\/como-integrar-la-agenda-2030-en-el-sector-cultural\/"},"wordCount":480,"publisher":{"@id":"https:\/\/unetxea.org\/#organization"},"image":{"@id":"https:\/\/unetxea.org\/en\/como-integrar-la-agenda-2030-en-el-sector-cultural\/#primaryimage"},"thumbnailUrl":"https:\/\/unetxea.org\/wp-content\/uploads\/2021\/05\/berria-ODSculturaredsTX.jpg","articleSection":["2030 agenda","Culture"],"inLanguage":"en-US"},{"@type":"WebPage","@id":"https:\/\/unetxea.org\/en\/como-integrar-la-agenda-2030-en-el-sector-cultural\/","url":"https:\/\/unetxea.org\/en\/como-integrar-la-agenda-2030-en-el-sector-cultural\/","name":"C\u00f3mo integrar la Agenda 2030 en el sector cultural - UN ETXEA","isPartOf":{"@id":"https:\/\/unetxea.org\/#website"},"primaryImageOfPage":{"@id":"https:\/\/unetxea.org\/en\/como-integrar-la-agenda-2030-en-el-sector-cultural\/#primaryimage"},"image":{"@id":"https:\/\/unetxea.org\/en\/como-integrar-la-agenda-2030-en-el-sector-cultural\/#primaryimage"},"thumbnailUrl":"https:\/\/unetxea.org\/wp-content\/uploads\/2021\/05\/berria-ODSculturaredsTX.jpg","datePublished":"2021-05-10T09:36:18+00:00","dateModified":"2024-07-09T11:36:27+00:00","breadcrumb":{"@id":"https:\/\/unetxea.org\/en\/como-integrar-la-agenda-2030-en-el-sector-cultural\/#breadcrumb"},"inLanguage":"en-US","potentialAction":[{"@type":"ReadAction","target":["https:\/\/unetxea.org\/en\/como-integrar-la-agenda-2030-en-el-sector-cultural\/"]}]},{"@type":"ImageObject","inLanguage":"en-US","@id":"https:\/\/unetxea.org\/en\/como-integrar-la-agenda-2030-en-el-sector-cultural\/#primaryimage","url":"https:\/\/unetxea.org\/wp-content\/uploads\/2021\/05\/berria-ODSculturaredsTX.jpg","contentUrl":"https:\/\/unetxea.org\/wp-content\/uploads\/2021\/05\/berria-ODSculturaredsTX.jpg","width":1000,"height":610},{"@type":"BreadcrumbList","@id":"https:\/\/unetxea.org\/en\/como-integrar-la-agenda-2030-en-el-sector-cultural\/#breadcrumb","itemListElement":[{"@type":"ListItem","position":1,"name":"Portada","item":"https:\/\/unetxea.org\/en\/"},{"@type":"ListItem","position":2,"name":"C\u00f3mo integrar la Agenda 2030 en el sector cultural"}]},{"@type":"WebSite","@id":"https:\/\/unetxea.org\/#website","url":"https:\/\/unetxea.org\/","name":"UN ETXEA","description":"Asociaci\u00f3n del Pa\u00eds Vasco para la UNESCO","publisher":{"@id":"https:\/\/unetxea.org\/#organization"},"potentialAction":[{"@type":"SearchAction","target":{"@type":"EntryPoint","urlTemplate":"https:\/\/unetxea.org\/?s={search_term_string}"},"query-input":{"@type":"PropertyValueSpecification","valueRequired":true,"valueName":"search_term_string"}}],"inLanguage":"en-US"},{"@type":"Organization","@id":"https:\/\/unetxea.org\/#organization","name":"UN ETXEA","url":"https:\/\/unetxea.org\/","logo":{"@type":"ImageObject","inLanguage":"en-US","@id":"https:\/\/unetxea.org\/#\/schema\/logo\/image\/","url":"https:\/\/unetxea.org\/wp-content\/uploads\/2025\/01\/logo-unetxea500.jpg","contentUrl":"https:\/\/unetxea.org\/wp-content\/uploads\/2025\/01\/logo-unetxea500.jpg","width":500,"height":484,"caption":"UN ETXEA"},"image":{"@id":"https:\/\/unetxea.org\/#\/schema\/logo\/image\/"},"sameAs":["https:\/\/www.facebook.com\/UNetxea\/","https:\/\/x.com\/UNetxea","https:\/\/www.youtube.com\/@UNetxea"]},{"@type":"Person","@id":"https:\/\/unetxea.org\/#\/schema\/person\/c115ec46e78902eb5e93b5ca0b96bd2d","name":"UN Etxea","image":{"@type":"ImageObject","inLanguage":"en-US","@id":"https:\/\/secure.gravatar.com\/avatar\/67b8d0f0ae884d096f535d6fbbb63507af5ec28b6be2d9db993a2e99f2855e18?s=96&d=mm&r=g","url":"https:\/\/secure.gravatar.com\/avatar\/67b8d0f0ae884d096f535d6fbbb63507af5ec28b6be2d9db993a2e99f2855e18?s=96&d=mm&r=g","contentUrl":"https:\/\/secure.gravatar.com\/avatar\/67b8d0f0ae884d096f535d6fbbb63507af5ec28b6be2d9db993a2e99f2855e18?s=96&d=mm&r=g","caption":"UN Etxea"},"url":"https:\/\/unetxea.org\/en\/author\/nagusitxea\/"}]}},"_links":{"self":[{"href":"https:\/\/unetxea.org\/en\/wp-json\/wp\/v2\/posts\/4496","targetHints":{"allow":["GET"]}}],"collection":[{"href":"https:\/\/unetxea.org\/en\/wp-json\/wp\/v2\/posts"}],"about":[{"href":"https:\/\/unetxea.org\/en\/wp-json\/wp\/v2\/types\/post"}],"author":[{"embeddable":true,"href":"https:\/\/unetxea.org\/en\/wp-json\/wp\/v2\/users\/2"}],"replies":[{"embeddable":true,"href":"https:\/\/unetxea.org\/en\/wp-json\/wp\/v2\/comments?post=4496"}],"version-history":[{"count":1,"href":"https:\/\/unetxea.org\/en\/wp-json\/wp\/v2\/posts\/4496\/revisions"}],"predecessor-version":[{"id":9540,"href":"https:\/\/unetxea.org\/en\/wp-json\/wp\/v2\/posts\/4496\/revisions\/9540"}],"wp:featuredmedia":[{"embeddable":true,"href":"https:\/\/unetxea.org\/en\/wp-json\/wp\/v2\/media\/4494"}],"wp:attachment":[{"href":"https:\/\/unetxea.org\/en\/wp-json\/wp\/v2\/media?parent=4496"}],"wp:term":[{"taxonomy":"category","embeddable":true,"href":"https:\/\/unetxea.org\/en\/wp-json\/wp\/v2\/categories?post=4496"},{"taxonomy":"post_tag","embeddable":true,"href":"https:\/\/unetxea.org\/en\/wp-json\/wp\/v2\/tags?post=4496"}],"curies":[{"name":"wp","href":"https:\/\/api.w.org\/{rel}","templated":true}]}}