{"id":4560,"date":"2021-05-25T13:32:06","date_gmt":"2021-05-25T11:32:06","guid":{"rendered":"https:\/\/unetxea.org\/?p=4560"},"modified":"2024-07-09T13:36:26","modified_gmt":"2024-07-09T11:36:26","slug":"unesco-etxea-participa-en-la-conferencia-mundial-sobre-la-educacion-para-el-desarrollo-sostenible","status":"publish","type":"post","link":"https:\/\/unetxea.org\/en\/unesco-etxea-participa-en-la-conferencia-mundial-sobre-la-educacion-para-el-desarrollo-sostenible\/","title":{"rendered":"UNESCO Etxea participa en la Conferencia mundial sobre la educaci\u00f3n para el desarrollo sostenible"},"content":{"rendered":"\n<p>Hemos participado en la Conferencia Mundial sobre Educaci\u00f3n para el Desarrollo Sostenible del 17 al 19 de mayo, representando a la Red de Escuelas Asociadas a la UNESCO del Pa\u00eds Vasaco, junto a m\u00e1s de 70 ministros y viceministros y 2.800 partes interesadas en la educaci\u00f3n y el medio ambiente.<\/p>\n\n\n\n<p>Nos hemos comprometido a tomar medidas concretas para transformar el aprendizaje para la supervivencia de nuestro planeta mediante la adopci\u00f3n de la Declaraci\u00f3n de Berl\u00edn sobre Educaci\u00f3n para el Desarrollo Sostenible (EDS) que describe una serie de pol\u00edticas para transformar el aprendizaje que abarque la ense\u00f1anza, el aprendizaje, la formaci\u00f3n profesional y el compromiso c\u00edvico.&nbsp; Tambi\u00e9n destaca la necesidad de implementar la EDS con un \u00e9nfasis conjunto en las habilidades cognitivas, el aprendizaje social y emocional y las competencias de acci\u00f3n.<\/p>\n\n\n\n<p>La adopci\u00f3n de la<a href=\"https:\/\/en.unesco.org\/sites\/default\/files\/esdfor2030-berlin-declaration-es.pdf\" target=\"_blank\" rel=\"noreferrer noopener\"> Declaraci\u00f3n de Berl\u00edn<\/a> generar\u00e1 un impulso para la implementaci\u00f3n de la Hoja de Ruta de la EDS para 2030, el marco para esta d\u00e9cada de Educaci\u00f3n para el Desarrollo Sostenible; y cada Estado Miembro de la UNESCO deber\u00e1 crear una red de actores que juntos puedan implementar la ambiciosa visi\u00f3n de la educaci\u00f3n.<\/p>\n","protected":false},"excerpt":{"rendered":"<p>Hemos participado en la Conferencia Mundial sobre Educaci\u00f3n para el Desarrollo Sostenible del 17 al 19 de mayo, representando a la Red de Escuelas Asociadas a la UNESCO del Pa\u00eds [&hellip;]<\/p>\n","protected":false},"author":2,"featured_media":4558,"comment_status":"closed","ping_status":"closed","sticky":false,"template":"","format":"standard","meta":{"footnotes":""},"categories":[73,81,79],"tags":[],"class_list":["post-4560","post","type-post","status-publish","format-standard","has-post-thumbnail","hentry","category-2030-agenda","category-education","category-sustainable-development"],"yoast_head":"<!-- This site is optimized with the Yoast SEO plugin v27.5 - https:\/\/yoast.com\/product\/yoast-seo-wordpress\/ -->\n<title>UNESCO Etxea participa en la Conferencia mundial sobre la educaci\u00f3n para el desarrollo sostenible - UN ETXEA<\/title>\n<meta name=\"robots\" content=\"index, follow, max-snippet:-1, max-image-preview:large, max-video-preview:-1\" \/>\n<link rel=\"canonical\" href=\"https:\/\/unetxea.org\/en\/unesco-etxea-participa-en-la-conferencia-mundial-sobre-la-educacion-para-el-desarrollo-sostenible\/\" \/>\n<meta property=\"og:locale\" content=\"en_US\" \/>\n<meta property=\"og:type\" content=\"article\" \/>\n<meta property=\"og:title\" content=\"UNESCO Etxea participa en la Conferencia mundial sobre la educaci\u00f3n para el desarrollo sostenible - UN ETXEA\" \/>\n<meta property=\"og:description\" content=\"Hemos participado en la Conferencia Mundial sobre Educaci\u00f3n para el Desarrollo Sostenible del 17 al 19 de mayo, representando a la Red de Escuelas Asociadas a la UNESCO del Pa\u00eds [&hellip;]\" \/>\n<meta property=\"og:url\" content=\"https:\/\/unetxea.org\/en\/unesco-etxea-participa-en-la-conferencia-mundial-sobre-la-educacion-para-el-desarrollo-sostenible\/\" \/>\n<meta property=\"og:site_name\" content=\"UN ETXEA\" \/>\n<meta property=\"article:publisher\" content=\"https:\/\/www.facebook.com\/UNetxea\/\" \/>\n<meta property=\"article:published_time\" content=\"2021-05-25T11:32:06+00:00\" \/>\n<meta property=\"article:modified_time\" content=\"2024-07-09T11:36:26+00:00\" \/>\n<meta property=\"og:image\" content=\"https:\/\/unetxea.org\/wp-content\/uploads\/2021\/05\/esd-2019-conference-cover-image.jpg\" \/>\n\t<meta property=\"og:image:width\" content=\"1600\" \/>\n\t<meta property=\"og:image:height\" content=\"800\" \/>\n\t<meta property=\"og:image:type\" content=\"image\/jpeg\" \/>\n<meta name=\"author\" content=\"UN Etxea\" \/>\n<meta name=\"twitter:card\" content=\"summary_large_image\" \/>\n<meta name=\"twitter:creator\" content=\"@UNetxea\" \/>\n<meta name=\"twitter:site\" content=\"@UNetxea\" \/>\n<meta name=\"twitter:label1\" content=\"Written by\" \/>\n\t<meta name=\"twitter:data1\" content=\"UN Etxea\" \/>\n\t<meta name=\"twitter:label2\" content=\"Est. reading time\" \/>\n\t<meta name=\"twitter:data2\" content=\"1 minute\" \/>\n<script type=\"application\/ld+json\" class=\"yoast-schema-graph\">{\"@context\":\"https:\\\/\\\/schema.org\",\"@graph\":[{\"@type\":\"Article\",\"@id\":\"https:\\\/\\\/unetxea.org\\\/en\\\/unesco-etxea-participa-en-la-conferencia-mundial-sobre-la-educacion-para-el-desarrollo-sostenible\\\/#article\",\"isPartOf\":{\"@id\":\"https:\\\/\\\/unetxea.org\\\/en\\\/unesco-etxea-participa-en-la-conferencia-mundial-sobre-la-educacion-para-el-desarrollo-sostenible\\\/\"},\"author\":{\"name\":\"UN Etxea\",\"@id\":\"https:\\\/\\\/unetxea.org\\\/#\\\/schema\\\/person\\\/c115ec46e78902eb5e93b5ca0b96bd2d\"},\"headline\":\"UNESCO Etxea participa en la Conferencia mundial sobre la educaci\u00f3n para el desarrollo sostenible\",\"datePublished\":\"2021-05-25T11:32:06+00:00\",\"dateModified\":\"2024-07-09T11:36:26+00:00\",\"mainEntityOfPage\":{\"@id\":\"https:\\\/\\\/unetxea.org\\\/en\\\/unesco-etxea-participa-en-la-conferencia-mundial-sobre-la-educacion-para-el-desarrollo-sostenible\\\/\"},\"wordCount\":221,\"publisher\":{\"@id\":\"https:\\\/\\\/unetxea.org\\\/#organization\"},\"image\":{\"@id\":\"https:\\\/\\\/unetxea.org\\\/en\\\/unesco-etxea-participa-en-la-conferencia-mundial-sobre-la-educacion-para-el-desarrollo-sostenible\\\/#primaryimage\"},\"thumbnailUrl\":\"https:\\\/\\\/unetxea.org\\\/wp-content\\\/uploads\\\/2021\\\/05\\\/esd-2019-conference-cover-image.jpg\",\"articleSection\":[\"2030 agenda\",\"Education\",\"Sustainable Development\"],\"inLanguage\":\"en-US\"},{\"@type\":\"WebPage\",\"@id\":\"https:\\\/\\\/unetxea.org\\\/en\\\/unesco-etxea-participa-en-la-conferencia-mundial-sobre-la-educacion-para-el-desarrollo-sostenible\\\/\",\"url\":\"https:\\\/\\\/unetxea.org\\\/en\\\/unesco-etxea-participa-en-la-conferencia-mundial-sobre-la-educacion-para-el-desarrollo-sostenible\\\/\",\"name\":\"UNESCO Etxea participa en la Conferencia mundial sobre la educaci\u00f3n para el desarrollo sostenible - UN ETXEA\",\"isPartOf\":{\"@id\":\"https:\\\/\\\/unetxea.org\\\/#website\"},\"primaryImageOfPage\":{\"@id\":\"https:\\\/\\\/unetxea.org\\\/en\\\/unesco-etxea-participa-en-la-conferencia-mundial-sobre-la-educacion-para-el-desarrollo-sostenible\\\/#primaryimage\"},\"image\":{\"@id\":\"https:\\\/\\\/unetxea.org\\\/en\\\/unesco-etxea-participa-en-la-conferencia-mundial-sobre-la-educacion-para-el-desarrollo-sostenible\\\/#primaryimage\"},\"thumbnailUrl\":\"https:\\\/\\\/unetxea.org\\\/wp-content\\\/uploads\\\/2021\\\/05\\\/esd-2019-conference-cover-image.jpg\",\"datePublished\":\"2021-05-25T11:32:06+00:00\",\"dateModified\":\"2024-07-09T11:36:26+00:00\",\"breadcrumb\":{\"@id\":\"https:\\\/\\\/unetxea.org\\\/en\\\/unesco-etxea-participa-en-la-conferencia-mundial-sobre-la-educacion-para-el-desarrollo-sostenible\\\/#breadcrumb\"},\"inLanguage\":\"en-US\",\"potentialAction\":[{\"@type\":\"ReadAction\",\"target\":[\"https:\\\/\\\/unetxea.org\\\/en\\\/unesco-etxea-participa-en-la-conferencia-mundial-sobre-la-educacion-para-el-desarrollo-sostenible\\\/\"]}]},{\"@type\":\"ImageObject\",\"inLanguage\":\"en-US\",\"@id\":\"https:\\\/\\\/unetxea.org\\\/en\\\/unesco-etxea-participa-en-la-conferencia-mundial-sobre-la-educacion-para-el-desarrollo-sostenible\\\/#primaryimage\",\"url\":\"https:\\\/\\\/unetxea.org\\\/wp-content\\\/uploads\\\/2021\\\/05\\\/esd-2019-conference-cover-image.jpg\",\"contentUrl\":\"https:\\\/\\\/unetxea.org\\\/wp-content\\\/uploads\\\/2021\\\/05\\\/esd-2019-conference-cover-image.jpg\",\"width\":1600,\"height\":800},{\"@type\":\"BreadcrumbList\",\"@id\":\"https:\\\/\\\/unetxea.org\\\/en\\\/unesco-etxea-participa-en-la-conferencia-mundial-sobre-la-educacion-para-el-desarrollo-sostenible\\\/#breadcrumb\",\"itemListElement\":[{\"@type\":\"ListItem\",\"position\":1,\"name\":\"Portada\",\"item\":\"https:\\\/\\\/unetxea.org\\\/en\\\/\"},{\"@type\":\"ListItem\",\"position\":2,\"name\":\"UNESCO Etxea participa en la Conferencia mundial sobre la educaci\u00f3n para el desarrollo sostenible\"}]},{\"@type\":\"WebSite\",\"@id\":\"https:\\\/\\\/unetxea.org\\\/#website\",\"url\":\"https:\\\/\\\/unetxea.org\\\/\",\"name\":\"UN ETXEA\",\"description\":\"Asociaci\u00f3n del Pa\u00eds Vasco para la UNESCO\",\"publisher\":{\"@id\":\"https:\\\/\\\/unetxea.org\\\/#organization\"},\"potentialAction\":[{\"@type\":\"SearchAction\",\"target\":{\"@type\":\"EntryPoint\",\"urlTemplate\":\"https:\\\/\\\/unetxea.org\\\/?s={search_term_string}\"},\"query-input\":{\"@type\":\"PropertyValueSpecification\",\"valueRequired\":true,\"valueName\":\"search_term_string\"}}],\"inLanguage\":\"en-US\"},{\"@type\":\"Organization\",\"@id\":\"https:\\\/\\\/unetxea.org\\\/#organization\",\"name\":\"UN ETXEA\",\"url\":\"https:\\\/\\\/unetxea.org\\\/\",\"logo\":{\"@type\":\"ImageObject\",\"inLanguage\":\"en-US\",\"@id\":\"https:\\\/\\\/unetxea.org\\\/#\\\/schema\\\/logo\\\/image\\\/\",\"url\":\"https:\\\/\\\/unetxea.org\\\/wp-content\\\/uploads\\\/2025\\\/01\\\/logo-unetxea500.jpg\",\"contentUrl\":\"https:\\\/\\\/unetxea.org\\\/wp-content\\\/uploads\\\/2025\\\/01\\\/logo-unetxea500.jpg\",\"width\":500,\"height\":484,\"caption\":\"UN ETXEA\"},\"image\":{\"@id\":\"https:\\\/\\\/unetxea.org\\\/#\\\/schema\\\/logo\\\/image\\\/\"},\"sameAs\":[\"https:\\\/\\\/www.facebook.com\\\/UNetxea\\\/\",\"https:\\\/\\\/x.com\\\/UNetxea\",\"https:\\\/\\\/www.youtube.com\\\/@UNetxea\"]},{\"@type\":\"Person\",\"@id\":\"https:\\\/\\\/unetxea.org\\\/#\\\/schema\\\/person\\\/c115ec46e78902eb5e93b5ca0b96bd2d\",\"name\":\"UN Etxea\",\"image\":{\"@type\":\"ImageObject\",\"inLanguage\":\"en-US\",\"@id\":\"https:\\\/\\\/secure.gravatar.com\\\/avatar\\\/67b8d0f0ae884d096f535d6fbbb63507af5ec28b6be2d9db993a2e99f2855e18?s=96&d=mm&r=g\",\"url\":\"https:\\\/\\\/secure.gravatar.com\\\/avatar\\\/67b8d0f0ae884d096f535d6fbbb63507af5ec28b6be2d9db993a2e99f2855e18?s=96&d=mm&r=g\",\"contentUrl\":\"https:\\\/\\\/secure.gravatar.com\\\/avatar\\\/67b8d0f0ae884d096f535d6fbbb63507af5ec28b6be2d9db993a2e99f2855e18?s=96&d=mm&r=g\",\"caption\":\"UN Etxea\"},\"url\":\"https:\\\/\\\/unetxea.org\\\/en\\\/author\\\/nagusitxea\\\/\"}]}<\/script>\n<!-- \/ Yoast SEO plugin. -->","yoast_head_json":{"title":"UNESCO Etxea participa en la Conferencia mundial sobre la educaci\u00f3n para el desarrollo sostenible - UN ETXEA","robots":{"index":"index","follow":"follow","max-snippet":"max-snippet:-1","max-image-preview":"max-image-preview:large","max-video-preview":"max-video-preview:-1"},"canonical":"https:\/\/unetxea.org\/en\/unesco-etxea-participa-en-la-conferencia-mundial-sobre-la-educacion-para-el-desarrollo-sostenible\/","og_locale":"en_US","og_type":"article","og_title":"UNESCO Etxea participa en la Conferencia mundial sobre la educaci\u00f3n para el desarrollo sostenible - UN ETXEA","og_description":"Hemos participado en la Conferencia Mundial sobre Educaci\u00f3n para el Desarrollo Sostenible del 17 al 19 de mayo, representando a la Red de Escuelas Asociadas a la UNESCO del Pa\u00eds [&hellip;]","og_url":"https:\/\/unetxea.org\/en\/unesco-etxea-participa-en-la-conferencia-mundial-sobre-la-educacion-para-el-desarrollo-sostenible\/","og_site_name":"UN ETXEA","article_publisher":"https:\/\/www.facebook.com\/UNetxea\/","article_published_time":"2021-05-25T11:32:06+00:00","article_modified_time":"2024-07-09T11:36:26+00:00","og_image":[{"width":1600,"height":800,"url":"https:\/\/unetxea.org\/wp-content\/uploads\/2021\/05\/esd-2019-conference-cover-image.jpg","type":"image\/jpeg"}],"author":"UN Etxea","twitter_card":"summary_large_image","twitter_creator":"@UNetxea","twitter_site":"@UNetxea","twitter_misc":{"Written by":"UN Etxea","Est. reading time":"1 minute"},"schema":{"@context":"https:\/\/schema.org","@graph":[{"@type":"Article","@id":"https:\/\/unetxea.org\/en\/unesco-etxea-participa-en-la-conferencia-mundial-sobre-la-educacion-para-el-desarrollo-sostenible\/#article","isPartOf":{"@id":"https:\/\/unetxea.org\/en\/unesco-etxea-participa-en-la-conferencia-mundial-sobre-la-educacion-para-el-desarrollo-sostenible\/"},"author":{"name":"UN Etxea","@id":"https:\/\/unetxea.org\/#\/schema\/person\/c115ec46e78902eb5e93b5ca0b96bd2d"},"headline":"UNESCO Etxea participa en la Conferencia mundial sobre la educaci\u00f3n para el desarrollo sostenible","datePublished":"2021-05-25T11:32:06+00:00","dateModified":"2024-07-09T11:36:26+00:00","mainEntityOfPage":{"@id":"https:\/\/unetxea.org\/en\/unesco-etxea-participa-en-la-conferencia-mundial-sobre-la-educacion-para-el-desarrollo-sostenible\/"},"wordCount":221,"publisher":{"@id":"https:\/\/unetxea.org\/#organization"},"image":{"@id":"https:\/\/unetxea.org\/en\/unesco-etxea-participa-en-la-conferencia-mundial-sobre-la-educacion-para-el-desarrollo-sostenible\/#primaryimage"},"thumbnailUrl":"https:\/\/unetxea.org\/wp-content\/uploads\/2021\/05\/esd-2019-conference-cover-image.jpg","articleSection":["2030 agenda","Education","Sustainable Development"],"inLanguage":"en-US"},{"@type":"WebPage","@id":"https:\/\/unetxea.org\/en\/unesco-etxea-participa-en-la-conferencia-mundial-sobre-la-educacion-para-el-desarrollo-sostenible\/","url":"https:\/\/unetxea.org\/en\/unesco-etxea-participa-en-la-conferencia-mundial-sobre-la-educacion-para-el-desarrollo-sostenible\/","name":"UNESCO Etxea participa en la Conferencia mundial sobre la educaci\u00f3n para el desarrollo sostenible - UN ETXEA","isPartOf":{"@id":"https:\/\/unetxea.org\/#website"},"primaryImageOfPage":{"@id":"https:\/\/unetxea.org\/en\/unesco-etxea-participa-en-la-conferencia-mundial-sobre-la-educacion-para-el-desarrollo-sostenible\/#primaryimage"},"image":{"@id":"https:\/\/unetxea.org\/en\/unesco-etxea-participa-en-la-conferencia-mundial-sobre-la-educacion-para-el-desarrollo-sostenible\/#primaryimage"},"thumbnailUrl":"https:\/\/unetxea.org\/wp-content\/uploads\/2021\/05\/esd-2019-conference-cover-image.jpg","datePublished":"2021-05-25T11:32:06+00:00","dateModified":"2024-07-09T11:36:26+00:00","breadcrumb":{"@id":"https:\/\/unetxea.org\/en\/unesco-etxea-participa-en-la-conferencia-mundial-sobre-la-educacion-para-el-desarrollo-sostenible\/#breadcrumb"},"inLanguage":"en-US","potentialAction":[{"@type":"ReadAction","target":["https:\/\/unetxea.org\/en\/unesco-etxea-participa-en-la-conferencia-mundial-sobre-la-educacion-para-el-desarrollo-sostenible\/"]}]},{"@type":"ImageObject","inLanguage":"en-US","@id":"https:\/\/unetxea.org\/en\/unesco-etxea-participa-en-la-conferencia-mundial-sobre-la-educacion-para-el-desarrollo-sostenible\/#primaryimage","url":"https:\/\/unetxea.org\/wp-content\/uploads\/2021\/05\/esd-2019-conference-cover-image.jpg","contentUrl":"https:\/\/unetxea.org\/wp-content\/uploads\/2021\/05\/esd-2019-conference-cover-image.jpg","width":1600,"height":800},{"@type":"BreadcrumbList","@id":"https:\/\/unetxea.org\/en\/unesco-etxea-participa-en-la-conferencia-mundial-sobre-la-educacion-para-el-desarrollo-sostenible\/#breadcrumb","itemListElement":[{"@type":"ListItem","position":1,"name":"Portada","item":"https:\/\/unetxea.org\/en\/"},{"@type":"ListItem","position":2,"name":"UNESCO Etxea participa en la Conferencia mundial sobre la educaci\u00f3n para el desarrollo sostenible"}]},{"@type":"WebSite","@id":"https:\/\/unetxea.org\/#website","url":"https:\/\/unetxea.org\/","name":"UN ETXEA","description":"Asociaci\u00f3n del Pa\u00eds Vasco para la UNESCO","publisher":{"@id":"https:\/\/unetxea.org\/#organization"},"potentialAction":[{"@type":"SearchAction","target":{"@type":"EntryPoint","urlTemplate":"https:\/\/unetxea.org\/?s={search_term_string}"},"query-input":{"@type":"PropertyValueSpecification","valueRequired":true,"valueName":"search_term_string"}}],"inLanguage":"en-US"},{"@type":"Organization","@id":"https:\/\/unetxea.org\/#organization","name":"UN ETXEA","url":"https:\/\/unetxea.org\/","logo":{"@type":"ImageObject","inLanguage":"en-US","@id":"https:\/\/unetxea.org\/#\/schema\/logo\/image\/","url":"https:\/\/unetxea.org\/wp-content\/uploads\/2025\/01\/logo-unetxea500.jpg","contentUrl":"https:\/\/unetxea.org\/wp-content\/uploads\/2025\/01\/logo-unetxea500.jpg","width":500,"height":484,"caption":"UN ETXEA"},"image":{"@id":"https:\/\/unetxea.org\/#\/schema\/logo\/image\/"},"sameAs":["https:\/\/www.facebook.com\/UNetxea\/","https:\/\/x.com\/UNetxea","https:\/\/www.youtube.com\/@UNetxea"]},{"@type":"Person","@id":"https:\/\/unetxea.org\/#\/schema\/person\/c115ec46e78902eb5e93b5ca0b96bd2d","name":"UN Etxea","image":{"@type":"ImageObject","inLanguage":"en-US","@id":"https:\/\/secure.gravatar.com\/avatar\/67b8d0f0ae884d096f535d6fbbb63507af5ec28b6be2d9db993a2e99f2855e18?s=96&d=mm&r=g","url":"https:\/\/secure.gravatar.com\/avatar\/67b8d0f0ae884d096f535d6fbbb63507af5ec28b6be2d9db993a2e99f2855e18?s=96&d=mm&r=g","contentUrl":"https:\/\/secure.gravatar.com\/avatar\/67b8d0f0ae884d096f535d6fbbb63507af5ec28b6be2d9db993a2e99f2855e18?s=96&d=mm&r=g","caption":"UN Etxea"},"url":"https:\/\/unetxea.org\/en\/author\/nagusitxea\/"}]}},"_links":{"self":[{"href":"https:\/\/unetxea.org\/en\/wp-json\/wp\/v2\/posts\/4560","targetHints":{"allow":["GET"]}}],"collection":[{"href":"https:\/\/unetxea.org\/en\/wp-json\/wp\/v2\/posts"}],"about":[{"href":"https:\/\/unetxea.org\/en\/wp-json\/wp\/v2\/types\/post"}],"author":[{"embeddable":true,"href":"https:\/\/unetxea.org\/en\/wp-json\/wp\/v2\/users\/2"}],"replies":[{"embeddable":true,"href":"https:\/\/unetxea.org\/en\/wp-json\/wp\/v2\/comments?post=4560"}],"version-history":[{"count":1,"href":"https:\/\/unetxea.org\/en\/wp-json\/wp\/v2\/posts\/4560\/revisions"}],"predecessor-version":[{"id":9534,"href":"https:\/\/unetxea.org\/en\/wp-json\/wp\/v2\/posts\/4560\/revisions\/9534"}],"wp:featuredmedia":[{"embeddable":true,"href":"https:\/\/unetxea.org\/en\/wp-json\/wp\/v2\/media\/4558"}],"wp:attachment":[{"href":"https:\/\/unetxea.org\/en\/wp-json\/wp\/v2\/media?parent=4560"}],"wp:term":[{"taxonomy":"category","embeddable":true,"href":"https:\/\/unetxea.org\/en\/wp-json\/wp\/v2\/categories?post=4560"},{"taxonomy":"post_tag","embeddable":true,"href":"https:\/\/unetxea.org\/en\/wp-json\/wp\/v2\/tags?post=4560"}],"curies":[{"name":"wp","href":"https:\/\/api.w.org\/{rel}","templated":true}]}}