{"id":4575,"date":"2021-06-02T11:01:19","date_gmt":"2021-06-02T09:01:19","guid":{"rendered":"https:\/\/unetxea.org\/?p=4575"},"modified":"2024-07-09T13:36:25","modified_gmt":"2024-07-09T11:36:25","slug":"curso-online-crisis-climatica-y-derechos-humanos","status":"publish","type":"post","link":"https:\/\/unetxea.org\/en\/curso-online-crisis-climatica-y-derechos-humanos\/","title":{"rendered":"Curso online \u2018Crisis clim\u00e1tica y derechos humanos\u2019"},"content":{"rendered":"\n<p>UNESCO Etxea, con el apoyo de la Direcci\u00f3n de Victimas y Derechos Humanos de Gobierno Vasco, organiza el curso online: <strong><em>\u2018Crisis clim\u00e1tica y derechos humanos\u2019<\/em><\/strong> que se impartir\u00e1 desde el 18 de junio al 12 de julio de 2021 con una duraci\u00f3n de 30 horas.<\/p>\n\n\n\n<p><strong><em>Objetivos<\/em><\/strong><\/p>\n\n\n\n<ul class=\"wp-block-list\"><li>Entender a qu\u00e9 nos referimos cuando hablamos de crisis clim\u00e1tica.<\/li><li>Identificar la relaci\u00f3n indivisible entre las consecuencias de la crisis clim\u00e1tica y los derechos humanos.<\/li><li>Entender que la crisis clim\u00e1tica no afecta a todas las personas por igual.<\/li><li>Identificar los retos de la cooperaci\u00f3n en materia de derechos humanos y medio ambiente.<\/li><\/ul>\n\n\n\n<p><strong><em>A qui\u00e9n se dirige<\/em><\/strong><\/p>\n\n\n\n<ul class=\"wp-block-list\"><li>Personas pertenecientes a organizaciones de la sociedad civil (personal profesional o voluntariado): ONGD, de derechos humanos, ambientales, de mujeres, de inmigraci\u00f3n&#8230;<\/li><li>Personas pertenecientes a instituciones p\u00fablicas, privadas y acad\u00e9micas, que desempe\u00f1an un trabajo en materia de derechos humanos, cooperaci\u00f3n al desarrollo y\/o desarrollo sostenible.<\/li><li>Estudiantes y otras personas interesadas.<\/li><\/ul>\n\n\n\n<p>El n\u00famero m\u00e1ximo de participantes en el curso ser\u00e1 de 30.<\/p>\n\n\n\n<p>Curso gratuito.<\/p>\n\n\n\n<p>Preinscripci\u00f3n: Hasta el 13 de junio.<\/p>\n\n\n\n<div style=\"height:14px\" aria-hidden=\"true\" class=\"wp-block-spacer\"><\/div>\n\n\n\n<div class=\"wp-block-image\"><figure class=\"alignleft size-large is-resized\"><img loading=\"lazy\" decoding=\"async\" src=\"https:\/\/unetxea.org\/wp-content\/uploads\/2021\/01\/Logo_pdf.png\" alt=\"\" class=\"wp-image-3342\" width=\"41\" height=\"41\"\/><\/figure><\/div>\n\n\n\n<p><a rel=\"noreferrer noopener\" href=\"https:\/\/unetxea.org\/dokumentuak\/cursoCC-DDHH.pdf\" target=\"_blank\"><strong>Contenidos y meteodolog\u00eda<\/strong><\/a><\/p>\n\n\n\n<p><\/p>\n\n\n\n<div style=\"height:15px\" aria-hidden=\"true\" class=\"wp-block-spacer\"><\/div>\n\n\n\n<div class=\"wp-block-image\"><figure class=\"alignleft size-large is-resized\"><img loading=\"lazy\" decoding=\"async\" src=\"https:\/\/unetxea.org\/wp-content\/uploads\/2021\/02\/Logo_formulario2.png\" alt=\"\" class=\"wp-image-4131\" width=\"32\" height=\"34\"\/><\/figure><\/div>\n\n\n\n<p><strong><a href=\"https:\/\/forms.gle\/R3x9YEHYWL9pU3oJ6\" target=\"_blank\" rel=\"noreferrer noopener\">Formulario de preinscripci\u00f3n<\/a><\/strong><\/p>\n\n\n\n<div style=\"height:15px\" aria-hidden=\"true\" class=\"wp-block-spacer\"><\/div>\n\n\n\n<p>M\u00e1s informaci\u00f3n: Rub\u00e9n \u00cd\u00f1iguez.\u00a0 <a href=\"mailto:r.iniguez@unetxea.org\">r.iniguez@unetxea.org<\/a> \u00a0<\/p>\n","protected":false},"excerpt":{"rendered":"<p>UNESCO Etxea, con el apoyo de la Direcci\u00f3n de Victimas y Derechos Humanos de Gobierno Vasco, organiza el curso online: \u2018Crisis clim\u00e1tica y derechos humanos\u2019 que se impartir\u00e1 desde el [&hellip;]<\/p>\n","protected":false},"author":2,"featured_media":4574,"comment_status":"closed","ping_status":"closed","sticky":false,"template":"","format":"standard","meta":{"footnotes":""},"categories":[85,77,79],"tags":[],"class_list":["post-4575","post","type-post","status-publish","format-standard","has-post-thumbnail","hentry","category-environment","category-human-rights","category-sustainable-development"],"yoast_head":"<!-- This site is optimized with the Yoast SEO plugin v27.5 - https:\/\/yoast.com\/product\/yoast-seo-wordpress\/ -->\n<title>Curso online \u2018Crisis clim\u00e1tica y derechos humanos\u2019 - UN ETXEA<\/title>\n<meta name=\"robots\" content=\"index, follow, max-snippet:-1, max-image-preview:large, max-video-preview:-1\" \/>\n<link rel=\"canonical\" href=\"https:\/\/unetxea.org\/en\/curso-online-crisis-climatica-y-derechos-humanos\/\" \/>\n<meta property=\"og:locale\" content=\"en_US\" \/>\n<meta property=\"og:type\" content=\"article\" \/>\n<meta property=\"og:title\" content=\"Curso online \u2018Crisis clim\u00e1tica y derechos humanos\u2019 - UN ETXEA\" \/>\n<meta property=\"og:description\" content=\"UNESCO Etxea, con el apoyo de la Direcci\u00f3n de Victimas y Derechos Humanos de Gobierno Vasco, organiza el curso online: \u2018Crisis clim\u00e1tica y derechos humanos\u2019 que se impartir\u00e1 desde el [&hellip;]\" \/>\n<meta property=\"og:url\" content=\"https:\/\/unetxea.org\/en\/curso-online-crisis-climatica-y-derechos-humanos\/\" \/>\n<meta property=\"og:site_name\" content=\"UN ETXEA\" \/>\n<meta property=\"article:publisher\" content=\"https:\/\/www.facebook.com\/UNetxea\/\" \/>\n<meta property=\"article:published_time\" content=\"2021-06-02T09:01:19+00:00\" \/>\n<meta property=\"article:modified_time\" content=\"2024-07-09T11:36:25+00:00\" \/>\n<meta property=\"og:image\" content=\"https:\/\/unetxea.org\/wp-content\/uploads\/2021\/06\/berria_cursoclimaDDHH.jpg\" \/>\n\t<meta property=\"og:image:width\" content=\"1212\" \/>\n\t<meta property=\"og:image:height\" content=\"500\" \/>\n\t<meta property=\"og:image:type\" content=\"image\/jpeg\" \/>\n<meta name=\"author\" content=\"UN Etxea\" \/>\n<meta name=\"twitter:card\" content=\"summary_large_image\" \/>\n<meta name=\"twitter:creator\" content=\"@UNetxea\" \/>\n<meta name=\"twitter:site\" content=\"@UNetxea\" \/>\n<meta name=\"twitter:label1\" content=\"Written by\" \/>\n\t<meta name=\"twitter:data1\" content=\"UN Etxea\" \/>\n\t<meta name=\"twitter:label2\" content=\"Est. reading time\" \/>\n\t<meta name=\"twitter:data2\" content=\"1 minute\" \/>\n<script type=\"application\/ld+json\" class=\"yoast-schema-graph\">{\"@context\":\"https:\\\/\\\/schema.org\",\"@graph\":[{\"@type\":\"Article\",\"@id\":\"https:\\\/\\\/unetxea.org\\\/en\\\/curso-online-crisis-climatica-y-derechos-humanos\\\/#article\",\"isPartOf\":{\"@id\":\"https:\\\/\\\/unetxea.org\\\/en\\\/curso-online-crisis-climatica-y-derechos-humanos\\\/\"},\"author\":{\"name\":\"UN Etxea\",\"@id\":\"https:\\\/\\\/unetxea.org\\\/#\\\/schema\\\/person\\\/c115ec46e78902eb5e93b5ca0b96bd2d\"},\"headline\":\"Curso online \u2018Crisis clim\u00e1tica y derechos humanos\u2019\",\"datePublished\":\"2021-06-02T09:01:19+00:00\",\"dateModified\":\"2024-07-09T11:36:25+00:00\",\"mainEntityOfPage\":{\"@id\":\"https:\\\/\\\/unetxea.org\\\/en\\\/curso-online-crisis-climatica-y-derechos-humanos\\\/\"},\"wordCount\":209,\"publisher\":{\"@id\":\"https:\\\/\\\/unetxea.org\\\/#organization\"},\"image\":{\"@id\":\"https:\\\/\\\/unetxea.org\\\/en\\\/curso-online-crisis-climatica-y-derechos-humanos\\\/#primaryimage\"},\"thumbnailUrl\":\"https:\\\/\\\/unetxea.org\\\/wp-content\\\/uploads\\\/2021\\\/06\\\/berria_cursoclimaDDHH.jpg\",\"articleSection\":[\"Environment\",\"Human Rights\",\"Sustainable Development\"],\"inLanguage\":\"en-US\"},{\"@type\":\"WebPage\",\"@id\":\"https:\\\/\\\/unetxea.org\\\/en\\\/curso-online-crisis-climatica-y-derechos-humanos\\\/\",\"url\":\"https:\\\/\\\/unetxea.org\\\/en\\\/curso-online-crisis-climatica-y-derechos-humanos\\\/\",\"name\":\"Curso online \u2018Crisis clim\u00e1tica y derechos humanos\u2019 - UN ETXEA\",\"isPartOf\":{\"@id\":\"https:\\\/\\\/unetxea.org\\\/#website\"},\"primaryImageOfPage\":{\"@id\":\"https:\\\/\\\/unetxea.org\\\/en\\\/curso-online-crisis-climatica-y-derechos-humanos\\\/#primaryimage\"},\"image\":{\"@id\":\"https:\\\/\\\/unetxea.org\\\/en\\\/curso-online-crisis-climatica-y-derechos-humanos\\\/#primaryimage\"},\"thumbnailUrl\":\"https:\\\/\\\/unetxea.org\\\/wp-content\\\/uploads\\\/2021\\\/06\\\/berria_cursoclimaDDHH.jpg\",\"datePublished\":\"2021-06-02T09:01:19+00:00\",\"dateModified\":\"2024-07-09T11:36:25+00:00\",\"breadcrumb\":{\"@id\":\"https:\\\/\\\/unetxea.org\\\/en\\\/curso-online-crisis-climatica-y-derechos-humanos\\\/#breadcrumb\"},\"inLanguage\":\"en-US\",\"potentialAction\":[{\"@type\":\"ReadAction\",\"target\":[\"https:\\\/\\\/unetxea.org\\\/en\\\/curso-online-crisis-climatica-y-derechos-humanos\\\/\"]}]},{\"@type\":\"ImageObject\",\"inLanguage\":\"en-US\",\"@id\":\"https:\\\/\\\/unetxea.org\\\/en\\\/curso-online-crisis-climatica-y-derechos-humanos\\\/#primaryimage\",\"url\":\"https:\\\/\\\/unetxea.org\\\/wp-content\\\/uploads\\\/2021\\\/06\\\/berria_cursoclimaDDHH.jpg\",\"contentUrl\":\"https:\\\/\\\/unetxea.org\\\/wp-content\\\/uploads\\\/2021\\\/06\\\/berria_cursoclimaDDHH.jpg\",\"width\":1212,\"height\":500},{\"@type\":\"BreadcrumbList\",\"@id\":\"https:\\\/\\\/unetxea.org\\\/en\\\/curso-online-crisis-climatica-y-derechos-humanos\\\/#breadcrumb\",\"itemListElement\":[{\"@type\":\"ListItem\",\"position\":1,\"name\":\"Portada\",\"item\":\"https:\\\/\\\/unetxea.org\\\/en\\\/\"},{\"@type\":\"ListItem\",\"position\":2,\"name\":\"Curso online \u2018Crisis clim\u00e1tica y derechos humanos\u2019\"}]},{\"@type\":\"WebSite\",\"@id\":\"https:\\\/\\\/unetxea.org\\\/#website\",\"url\":\"https:\\\/\\\/unetxea.org\\\/\",\"name\":\"UN ETXEA\",\"description\":\"Asociaci\u00f3n del Pa\u00eds Vasco para la UNESCO\",\"publisher\":{\"@id\":\"https:\\\/\\\/unetxea.org\\\/#organization\"},\"potentialAction\":[{\"@type\":\"SearchAction\",\"target\":{\"@type\":\"EntryPoint\",\"urlTemplate\":\"https:\\\/\\\/unetxea.org\\\/?s={search_term_string}\"},\"query-input\":{\"@type\":\"PropertyValueSpecification\",\"valueRequired\":true,\"valueName\":\"search_term_string\"}}],\"inLanguage\":\"en-US\"},{\"@type\":\"Organization\",\"@id\":\"https:\\\/\\\/unetxea.org\\\/#organization\",\"name\":\"UN ETXEA\",\"url\":\"https:\\\/\\\/unetxea.org\\\/\",\"logo\":{\"@type\":\"ImageObject\",\"inLanguage\":\"en-US\",\"@id\":\"https:\\\/\\\/unetxea.org\\\/#\\\/schema\\\/logo\\\/image\\\/\",\"url\":\"https:\\\/\\\/unetxea.org\\\/wp-content\\\/uploads\\\/2025\\\/01\\\/logo-unetxea500.jpg\",\"contentUrl\":\"https:\\\/\\\/unetxea.org\\\/wp-content\\\/uploads\\\/2025\\\/01\\\/logo-unetxea500.jpg\",\"width\":500,\"height\":484,\"caption\":\"UN ETXEA\"},\"image\":{\"@id\":\"https:\\\/\\\/unetxea.org\\\/#\\\/schema\\\/logo\\\/image\\\/\"},\"sameAs\":[\"https:\\\/\\\/www.facebook.com\\\/UNetxea\\\/\",\"https:\\\/\\\/x.com\\\/UNetxea\",\"https:\\\/\\\/www.youtube.com\\\/@UNetxea\"]},{\"@type\":\"Person\",\"@id\":\"https:\\\/\\\/unetxea.org\\\/#\\\/schema\\\/person\\\/c115ec46e78902eb5e93b5ca0b96bd2d\",\"name\":\"UN Etxea\",\"image\":{\"@type\":\"ImageObject\",\"inLanguage\":\"en-US\",\"@id\":\"https:\\\/\\\/secure.gravatar.com\\\/avatar\\\/67b8d0f0ae884d096f535d6fbbb63507af5ec28b6be2d9db993a2e99f2855e18?s=96&d=mm&r=g\",\"url\":\"https:\\\/\\\/secure.gravatar.com\\\/avatar\\\/67b8d0f0ae884d096f535d6fbbb63507af5ec28b6be2d9db993a2e99f2855e18?s=96&d=mm&r=g\",\"contentUrl\":\"https:\\\/\\\/secure.gravatar.com\\\/avatar\\\/67b8d0f0ae884d096f535d6fbbb63507af5ec28b6be2d9db993a2e99f2855e18?s=96&d=mm&r=g\",\"caption\":\"UN Etxea\"},\"url\":\"https:\\\/\\\/unetxea.org\\\/en\\\/author\\\/nagusitxea\\\/\"}]}<\/script>\n<!-- \/ Yoast SEO plugin. -->","yoast_head_json":{"title":"Curso online \u2018Crisis clim\u00e1tica y derechos humanos\u2019 - UN ETXEA","robots":{"index":"index","follow":"follow","max-snippet":"max-snippet:-1","max-image-preview":"max-image-preview:large","max-video-preview":"max-video-preview:-1"},"canonical":"https:\/\/unetxea.org\/en\/curso-online-crisis-climatica-y-derechos-humanos\/","og_locale":"en_US","og_type":"article","og_title":"Curso online \u2018Crisis clim\u00e1tica y derechos humanos\u2019 - UN ETXEA","og_description":"UNESCO Etxea, con el apoyo de la Direcci\u00f3n de Victimas y Derechos Humanos de Gobierno Vasco, organiza el curso online: \u2018Crisis clim\u00e1tica y derechos humanos\u2019 que se impartir\u00e1 desde el [&hellip;]","og_url":"https:\/\/unetxea.org\/en\/curso-online-crisis-climatica-y-derechos-humanos\/","og_site_name":"UN ETXEA","article_publisher":"https:\/\/www.facebook.com\/UNetxea\/","article_published_time":"2021-06-02T09:01:19+00:00","article_modified_time":"2024-07-09T11:36:25+00:00","og_image":[{"width":1212,"height":500,"url":"https:\/\/unetxea.org\/wp-content\/uploads\/2021\/06\/berria_cursoclimaDDHH.jpg","type":"image\/jpeg"}],"author":"UN Etxea","twitter_card":"summary_large_image","twitter_creator":"@UNetxea","twitter_site":"@UNetxea","twitter_misc":{"Written by":"UN Etxea","Est. reading time":"1 minute"},"schema":{"@context":"https:\/\/schema.org","@graph":[{"@type":"Article","@id":"https:\/\/unetxea.org\/en\/curso-online-crisis-climatica-y-derechos-humanos\/#article","isPartOf":{"@id":"https:\/\/unetxea.org\/en\/curso-online-crisis-climatica-y-derechos-humanos\/"},"author":{"name":"UN Etxea","@id":"https:\/\/unetxea.org\/#\/schema\/person\/c115ec46e78902eb5e93b5ca0b96bd2d"},"headline":"Curso online \u2018Crisis clim\u00e1tica y derechos humanos\u2019","datePublished":"2021-06-02T09:01:19+00:00","dateModified":"2024-07-09T11:36:25+00:00","mainEntityOfPage":{"@id":"https:\/\/unetxea.org\/en\/curso-online-crisis-climatica-y-derechos-humanos\/"},"wordCount":209,"publisher":{"@id":"https:\/\/unetxea.org\/#organization"},"image":{"@id":"https:\/\/unetxea.org\/en\/curso-online-crisis-climatica-y-derechos-humanos\/#primaryimage"},"thumbnailUrl":"https:\/\/unetxea.org\/wp-content\/uploads\/2021\/06\/berria_cursoclimaDDHH.jpg","articleSection":["Environment","Human Rights","Sustainable Development"],"inLanguage":"en-US"},{"@type":"WebPage","@id":"https:\/\/unetxea.org\/en\/curso-online-crisis-climatica-y-derechos-humanos\/","url":"https:\/\/unetxea.org\/en\/curso-online-crisis-climatica-y-derechos-humanos\/","name":"Curso online \u2018Crisis clim\u00e1tica y derechos humanos\u2019 - UN ETXEA","isPartOf":{"@id":"https:\/\/unetxea.org\/#website"},"primaryImageOfPage":{"@id":"https:\/\/unetxea.org\/en\/curso-online-crisis-climatica-y-derechos-humanos\/#primaryimage"},"image":{"@id":"https:\/\/unetxea.org\/en\/curso-online-crisis-climatica-y-derechos-humanos\/#primaryimage"},"thumbnailUrl":"https:\/\/unetxea.org\/wp-content\/uploads\/2021\/06\/berria_cursoclimaDDHH.jpg","datePublished":"2021-06-02T09:01:19+00:00","dateModified":"2024-07-09T11:36:25+00:00","breadcrumb":{"@id":"https:\/\/unetxea.org\/en\/curso-online-crisis-climatica-y-derechos-humanos\/#breadcrumb"},"inLanguage":"en-US","potentialAction":[{"@type":"ReadAction","target":["https:\/\/unetxea.org\/en\/curso-online-crisis-climatica-y-derechos-humanos\/"]}]},{"@type":"ImageObject","inLanguage":"en-US","@id":"https:\/\/unetxea.org\/en\/curso-online-crisis-climatica-y-derechos-humanos\/#primaryimage","url":"https:\/\/unetxea.org\/wp-content\/uploads\/2021\/06\/berria_cursoclimaDDHH.jpg","contentUrl":"https:\/\/unetxea.org\/wp-content\/uploads\/2021\/06\/berria_cursoclimaDDHH.jpg","width":1212,"height":500},{"@type":"BreadcrumbList","@id":"https:\/\/unetxea.org\/en\/curso-online-crisis-climatica-y-derechos-humanos\/#breadcrumb","itemListElement":[{"@type":"ListItem","position":1,"name":"Portada","item":"https:\/\/unetxea.org\/en\/"},{"@type":"ListItem","position":2,"name":"Curso online \u2018Crisis clim\u00e1tica y derechos humanos\u2019"}]},{"@type":"WebSite","@id":"https:\/\/unetxea.org\/#website","url":"https:\/\/unetxea.org\/","name":"UN ETXEA","description":"Asociaci\u00f3n del Pa\u00eds Vasco para la UNESCO","publisher":{"@id":"https:\/\/unetxea.org\/#organization"},"potentialAction":[{"@type":"SearchAction","target":{"@type":"EntryPoint","urlTemplate":"https:\/\/unetxea.org\/?s={search_term_string}"},"query-input":{"@type":"PropertyValueSpecification","valueRequired":true,"valueName":"search_term_string"}}],"inLanguage":"en-US"},{"@type":"Organization","@id":"https:\/\/unetxea.org\/#organization","name":"UN ETXEA","url":"https:\/\/unetxea.org\/","logo":{"@type":"ImageObject","inLanguage":"en-US","@id":"https:\/\/unetxea.org\/#\/schema\/logo\/image\/","url":"https:\/\/unetxea.org\/wp-content\/uploads\/2025\/01\/logo-unetxea500.jpg","contentUrl":"https:\/\/unetxea.org\/wp-content\/uploads\/2025\/01\/logo-unetxea500.jpg","width":500,"height":484,"caption":"UN ETXEA"},"image":{"@id":"https:\/\/unetxea.org\/#\/schema\/logo\/image\/"},"sameAs":["https:\/\/www.facebook.com\/UNetxea\/","https:\/\/x.com\/UNetxea","https:\/\/www.youtube.com\/@UNetxea"]},{"@type":"Person","@id":"https:\/\/unetxea.org\/#\/schema\/person\/c115ec46e78902eb5e93b5ca0b96bd2d","name":"UN Etxea","image":{"@type":"ImageObject","inLanguage":"en-US","@id":"https:\/\/secure.gravatar.com\/avatar\/67b8d0f0ae884d096f535d6fbbb63507af5ec28b6be2d9db993a2e99f2855e18?s=96&d=mm&r=g","url":"https:\/\/secure.gravatar.com\/avatar\/67b8d0f0ae884d096f535d6fbbb63507af5ec28b6be2d9db993a2e99f2855e18?s=96&d=mm&r=g","contentUrl":"https:\/\/secure.gravatar.com\/avatar\/67b8d0f0ae884d096f535d6fbbb63507af5ec28b6be2d9db993a2e99f2855e18?s=96&d=mm&r=g","caption":"UN Etxea"},"url":"https:\/\/unetxea.org\/en\/author\/nagusitxea\/"}]}},"_links":{"self":[{"href":"https:\/\/unetxea.org\/en\/wp-json\/wp\/v2\/posts\/4575","targetHints":{"allow":["GET"]}}],"collection":[{"href":"https:\/\/unetxea.org\/en\/wp-json\/wp\/v2\/posts"}],"about":[{"href":"https:\/\/unetxea.org\/en\/wp-json\/wp\/v2\/types\/post"}],"author":[{"embeddable":true,"href":"https:\/\/unetxea.org\/en\/wp-json\/wp\/v2\/users\/2"}],"replies":[{"embeddable":true,"href":"https:\/\/unetxea.org\/en\/wp-json\/wp\/v2\/comments?post=4575"}],"version-history":[{"count":1,"href":"https:\/\/unetxea.org\/en\/wp-json\/wp\/v2\/posts\/4575\/revisions"}],"predecessor-version":[{"id":9532,"href":"https:\/\/unetxea.org\/en\/wp-json\/wp\/v2\/posts\/4575\/revisions\/9532"}],"wp:featuredmedia":[{"embeddable":true,"href":"https:\/\/unetxea.org\/en\/wp-json\/wp\/v2\/media\/4574"}],"wp:attachment":[{"href":"https:\/\/unetxea.org\/en\/wp-json\/wp\/v2\/media?parent=4575"}],"wp:term":[{"taxonomy":"category","embeddable":true,"href":"https:\/\/unetxea.org\/en\/wp-json\/wp\/v2\/categories?post=4575"},{"taxonomy":"post_tag","embeddable":true,"href":"https:\/\/unetxea.org\/en\/wp-json\/wp\/v2\/tags?post=4575"}],"curies":[{"name":"wp","href":"https:\/\/api.w.org\/{rel}","templated":true}]}}