{"id":5107,"date":"2021-10-01T14:40:32","date_gmt":"2021-10-01T12:40:32","guid":{"rendered":"https:\/\/unetxea.org\/arranca-dame-1-minuto-de-vida\/"},"modified":"2024-07-09T13:35:15","modified_gmt":"2024-07-09T11:35:15","slug":"arranca-dame-1-minuto-de-vida","status":"publish","type":"post","link":"https:\/\/unetxea.org\/en\/arranca-dame-1-minuto-de-vida\/","title":{"rendered":"\u00a1Arranca \u201cDame 1 Minuto de VIDA\u201d!"},"content":{"rendered":"\n<p><strong><em>La 12\u00aa Edici\u00f3n del concurso \u201cDame 1 Minuto de \u2013 Eman Minutu 1\u201d quiere concienciar sobre el cumplimiento de la <\/em><\/strong><a href=\"https:\/\/www.un.org\/sustainabledevelopment\/es\/development-agenda\/\" target=\"_blank\" rel=\"noreferrer noopener\"><strong><em>Agenda 2030 y los Objetivos de Desarrollo Sostenible<\/em><\/strong><\/a><strong><em>.<\/em><\/strong><\/p>\n\n\n\n<p>En esta edici\u00f3n reivindicamos la construcci\u00f3n de un mundo equitativo, justo, inclusivo, sostenible y respetuoso con el planeta; desde el compromiso personal y la rebeld\u00eda como factor desencadenante y facilitador.<\/p>\n\n\n\n<p>La Agenda 2030 supone un hito a escala internacional ya que por primera vez se unen pobreza y desarrollo sostenible, poni\u00e9ndose de manifiesto que no es posible la erradicaci\u00f3n de la pobreza sin la inclusi\u00f3n de la variable de la sostenibilidad, cuestiones ambas que se ven\u00edan trabajando en el marco de Naciones Unidas, pero nunca hasta ahora de manera conjunta.<\/p>\n\n\n\n<p>La Agenda 2030 es universal, transformadora y se fundamenta en los derechos humanos. Es el plan de acci\u00f3n m\u00e1s amplio acordado hasta la fecha para eliminar la pobreza extrema, combatir la desigualdad y proteger el planeta.<\/p>\n\n\n\n<p>En el coraz\u00f3n de la Agenda est\u00e1 el principio de <a href=\"https:\/\/unsdg.un.org\/es\/2030-agenda\/universal-values\/leave-no-one-behind\" target=\"_blank\" rel=\"noreferrer noopener\">no dejar a nadie atr\u00e1s<\/a> para acabar con la inequidad y la exclusi\u00f3n: la Agenda tiene en cuenta las desigualdades vinculadas al g\u00e9nero, la etnia, la edad, la diversidad afectivo-sexual, la discapacidad, etc y pone en el centro a las personas y grupos en situaciones de vulnerabilidad, en quienes se deber\u00eda tambi\u00e9n poner una especial atenci\u00f3n y recursos.<\/p>\n\n\n\n<p>La Agenda 2030 establece que la igualdad de g\u00e9nero y el empoderamiento de las mujeres y ni\u00f1as son cruciales para el progreso a trav\u00e9s de los 17 objetivos y las 169 metas.<\/p>\n\n\n\n<p><strong>Recordad:<\/strong> el plazo de inscripci\u00f3n y entrega de v\u00eddeos permanecer\u00e1 abierto hasta el pr\u00f3ximo <strong>31 de enero de 2022<\/strong>.<\/p>\n\n\n\n<p>Podr\u00e9is encontrar toda la informaci\u00f3n sobre el concurso en <a rel=\"noreferrer noopener\" href=\"https:\/\/dame1minutode.org\/\" target=\"_blank\"><strong>www.dame1minutode.org<\/strong><\/a>  y seguir todas las novedades a trav\u00e9s de las redes sociales <a rel=\"noreferrer noopener\" href=\"https:\/\/www.facebook.com\/dame1minutode\" target=\"_blank\">Facebook<\/a>, <a rel=\"noreferrer noopener\" href=\"https:\/\/twitter.com\/dame1minutode\" target=\"_blank\">Twitter<\/a> e <a rel=\"noreferrer noopener\" href=\"https:\/\/www.instagram.com\/dame1minutode\/\" target=\"_blank\">Instagram<\/a> y <a rel=\"noreferrer noopener\" href=\"https:\/\/www.youtube.com\/playlist?list=PLVpRlgPG0eJmBuuP5dfMBHcclpDSKJ8Mz\" target=\"_blank\">nuestro canal de Youtube<\/a><\/p>\n\n\n\n<p><strong>\u00a1Esperamos vuestros v\u00eddeos!<\/strong><\/p>\n","protected":false},"excerpt":{"rendered":"<p>La 12\u00aa Edici\u00f3n del concurso \u201cDame 1 Minuto de \u2013 Eman Minutu 1\u201d quiere concienciar sobre el cumplimiento de la Agenda 2030 y los Objetivos de Desarrollo Sostenible. En esta [&hellip;]<\/p>\n","protected":false},"author":2,"featured_media":5105,"comment_status":"closed","ping_status":"closed","sticky":false,"template":"","format":"standard","meta":{"footnotes":""},"categories":[73],"tags":[],"class_list":["post-5107","post","type-post","status-publish","format-standard","has-post-thumbnail","hentry","category-2030-agenda"],"yoast_head":"<!-- This site is optimized with the Yoast SEO plugin v27.5 - https:\/\/yoast.com\/product\/yoast-seo-wordpress\/ -->\n<title>\u00a1Arranca \u201cDame 1 Minuto de VIDA\u201d! - UN ETXEA<\/title>\n<meta name=\"robots\" content=\"index, follow, max-snippet:-1, max-image-preview:large, max-video-preview:-1\" \/>\n<link rel=\"canonical\" href=\"https:\/\/unetxea.org\/en\/arranca-dame-1-minuto-de-vida\/\" \/>\n<meta property=\"og:locale\" content=\"en_US\" \/>\n<meta property=\"og:type\" content=\"article\" \/>\n<meta property=\"og:title\" content=\"\u00a1Arranca \u201cDame 1 Minuto de VIDA\u201d! - UN ETXEA\" \/>\n<meta property=\"og:description\" content=\"La 12\u00aa Edici\u00f3n del concurso \u201cDame 1 Minuto de \u2013 Eman Minutu 1\u201d quiere concienciar sobre el cumplimiento de la Agenda 2030 y los Objetivos de Desarrollo Sostenible. En esta [&hellip;]\" \/>\n<meta property=\"og:url\" content=\"https:\/\/unetxea.org\/en\/arranca-dame-1-minuto-de-vida\/\" \/>\n<meta property=\"og:site_name\" content=\"UN ETXEA\" \/>\n<meta property=\"article:publisher\" content=\"https:\/\/www.facebook.com\/UNetxea\/\" \/>\n<meta property=\"article:published_time\" content=\"2021-10-01T12:40:32+00:00\" \/>\n<meta property=\"article:modified_time\" content=\"2024-07-09T11:35:15+00:00\" \/>\n<meta property=\"og:image\" content=\"https:\/\/unetxea.org\/wp-content\/uploads\/2021\/10\/D1MDvida2.jpg\" \/>\n\t<meta property=\"og:image:width\" content=\"2501\" \/>\n\t<meta property=\"og:image:height\" content=\"834\" \/>\n\t<meta property=\"og:image:type\" content=\"image\/jpeg\" \/>\n<meta name=\"author\" content=\"UN Etxea\" \/>\n<meta name=\"twitter:card\" content=\"summary_large_image\" \/>\n<meta name=\"twitter:creator\" content=\"@UNetxea\" \/>\n<meta name=\"twitter:site\" content=\"@UNetxea\" \/>\n<meta name=\"twitter:label1\" content=\"Written by\" \/>\n\t<meta name=\"twitter:data1\" content=\"UN Etxea\" \/>\n\t<meta name=\"twitter:label2\" content=\"Est. reading time\" \/>\n\t<meta name=\"twitter:data2\" content=\"2 minutes\" \/>\n<script type=\"application\/ld+json\" class=\"yoast-schema-graph\">{\"@context\":\"https:\\\/\\\/schema.org\",\"@graph\":[{\"@type\":\"Article\",\"@id\":\"https:\\\/\\\/unetxea.org\\\/en\\\/arranca-dame-1-minuto-de-vida\\\/#article\",\"isPartOf\":{\"@id\":\"https:\\\/\\\/unetxea.org\\\/en\\\/arranca-dame-1-minuto-de-vida\\\/\"},\"author\":{\"name\":\"UN Etxea\",\"@id\":\"https:\\\/\\\/unetxea.org\\\/#\\\/schema\\\/person\\\/c115ec46e78902eb5e93b5ca0b96bd2d\"},\"headline\":\"\u00a1Arranca \u201cDame 1 Minuto de VIDA\u201d!\",\"datePublished\":\"2021-10-01T12:40:32+00:00\",\"dateModified\":\"2024-07-09T11:35:15+00:00\",\"mainEntityOfPage\":{\"@id\":\"https:\\\/\\\/unetxea.org\\\/en\\\/arranca-dame-1-minuto-de-vida\\\/\"},\"wordCount\":329,\"publisher\":{\"@id\":\"https:\\\/\\\/unetxea.org\\\/#organization\"},\"image\":{\"@id\":\"https:\\\/\\\/unetxea.org\\\/en\\\/arranca-dame-1-minuto-de-vida\\\/#primaryimage\"},\"thumbnailUrl\":\"https:\\\/\\\/unetxea.org\\\/wp-content\\\/uploads\\\/2021\\\/10\\\/D1MDvida2.jpg\",\"articleSection\":[\"2030 agenda\"],\"inLanguage\":\"en-US\"},{\"@type\":\"WebPage\",\"@id\":\"https:\\\/\\\/unetxea.org\\\/en\\\/arranca-dame-1-minuto-de-vida\\\/\",\"url\":\"https:\\\/\\\/unetxea.org\\\/en\\\/arranca-dame-1-minuto-de-vida\\\/\",\"name\":\"\u00a1Arranca \u201cDame 1 Minuto de VIDA\u201d! - UN ETXEA\",\"isPartOf\":{\"@id\":\"https:\\\/\\\/unetxea.org\\\/#website\"},\"primaryImageOfPage\":{\"@id\":\"https:\\\/\\\/unetxea.org\\\/en\\\/arranca-dame-1-minuto-de-vida\\\/#primaryimage\"},\"image\":{\"@id\":\"https:\\\/\\\/unetxea.org\\\/en\\\/arranca-dame-1-minuto-de-vida\\\/#primaryimage\"},\"thumbnailUrl\":\"https:\\\/\\\/unetxea.org\\\/wp-content\\\/uploads\\\/2021\\\/10\\\/D1MDvida2.jpg\",\"datePublished\":\"2021-10-01T12:40:32+00:00\",\"dateModified\":\"2024-07-09T11:35:15+00:00\",\"breadcrumb\":{\"@id\":\"https:\\\/\\\/unetxea.org\\\/en\\\/arranca-dame-1-minuto-de-vida\\\/#breadcrumb\"},\"inLanguage\":\"en-US\",\"potentialAction\":[{\"@type\":\"ReadAction\",\"target\":[\"https:\\\/\\\/unetxea.org\\\/en\\\/arranca-dame-1-minuto-de-vida\\\/\"]}]},{\"@type\":\"ImageObject\",\"inLanguage\":\"en-US\",\"@id\":\"https:\\\/\\\/unetxea.org\\\/en\\\/arranca-dame-1-minuto-de-vida\\\/#primaryimage\",\"url\":\"https:\\\/\\\/unetxea.org\\\/wp-content\\\/uploads\\\/2021\\\/10\\\/D1MDvida2.jpg\",\"contentUrl\":\"https:\\\/\\\/unetxea.org\\\/wp-content\\\/uploads\\\/2021\\\/10\\\/D1MDvida2.jpg\",\"width\":2501,\"height\":834},{\"@type\":\"BreadcrumbList\",\"@id\":\"https:\\\/\\\/unetxea.org\\\/en\\\/arranca-dame-1-minuto-de-vida\\\/#breadcrumb\",\"itemListElement\":[{\"@type\":\"ListItem\",\"position\":1,\"name\":\"Portada\",\"item\":\"https:\\\/\\\/unetxea.org\\\/en\\\/\"},{\"@type\":\"ListItem\",\"position\":2,\"name\":\"\u00a1Arranca \u201cDame 1 Minuto de VIDA\u201d!\"}]},{\"@type\":\"WebSite\",\"@id\":\"https:\\\/\\\/unetxea.org\\\/#website\",\"url\":\"https:\\\/\\\/unetxea.org\\\/\",\"name\":\"UN ETXEA\",\"description\":\"Asociaci\u00f3n del Pa\u00eds Vasco para la UNESCO\",\"publisher\":{\"@id\":\"https:\\\/\\\/unetxea.org\\\/#organization\"},\"potentialAction\":[{\"@type\":\"SearchAction\",\"target\":{\"@type\":\"EntryPoint\",\"urlTemplate\":\"https:\\\/\\\/unetxea.org\\\/?s={search_term_string}\"},\"query-input\":{\"@type\":\"PropertyValueSpecification\",\"valueRequired\":true,\"valueName\":\"search_term_string\"}}],\"inLanguage\":\"en-US\"},{\"@type\":\"Organization\",\"@id\":\"https:\\\/\\\/unetxea.org\\\/#organization\",\"name\":\"UN ETXEA\",\"url\":\"https:\\\/\\\/unetxea.org\\\/\",\"logo\":{\"@type\":\"ImageObject\",\"inLanguage\":\"en-US\",\"@id\":\"https:\\\/\\\/unetxea.org\\\/#\\\/schema\\\/logo\\\/image\\\/\",\"url\":\"https:\\\/\\\/unetxea.org\\\/wp-content\\\/uploads\\\/2025\\\/01\\\/logo-unetxea500.jpg\",\"contentUrl\":\"https:\\\/\\\/unetxea.org\\\/wp-content\\\/uploads\\\/2025\\\/01\\\/logo-unetxea500.jpg\",\"width\":500,\"height\":484,\"caption\":\"UN ETXEA\"},\"image\":{\"@id\":\"https:\\\/\\\/unetxea.org\\\/#\\\/schema\\\/logo\\\/image\\\/\"},\"sameAs\":[\"https:\\\/\\\/www.facebook.com\\\/UNetxea\\\/\",\"https:\\\/\\\/x.com\\\/UNetxea\",\"https:\\\/\\\/www.youtube.com\\\/@UNetxea\"]},{\"@type\":\"Person\",\"@id\":\"https:\\\/\\\/unetxea.org\\\/#\\\/schema\\\/person\\\/c115ec46e78902eb5e93b5ca0b96bd2d\",\"name\":\"UN Etxea\",\"image\":{\"@type\":\"ImageObject\",\"inLanguage\":\"en-US\",\"@id\":\"https:\\\/\\\/secure.gravatar.com\\\/avatar\\\/67b8d0f0ae884d096f535d6fbbb63507af5ec28b6be2d9db993a2e99f2855e18?s=96&d=mm&r=g\",\"url\":\"https:\\\/\\\/secure.gravatar.com\\\/avatar\\\/67b8d0f0ae884d096f535d6fbbb63507af5ec28b6be2d9db993a2e99f2855e18?s=96&d=mm&r=g\",\"contentUrl\":\"https:\\\/\\\/secure.gravatar.com\\\/avatar\\\/67b8d0f0ae884d096f535d6fbbb63507af5ec28b6be2d9db993a2e99f2855e18?s=96&d=mm&r=g\",\"caption\":\"UN Etxea\"},\"url\":\"https:\\\/\\\/unetxea.org\\\/en\\\/author\\\/nagusitxea\\\/\"}]}<\/script>\n<!-- \/ Yoast SEO plugin. -->","yoast_head_json":{"title":"\u00a1Arranca \u201cDame 1 Minuto de VIDA\u201d! - UN ETXEA","robots":{"index":"index","follow":"follow","max-snippet":"max-snippet:-1","max-image-preview":"max-image-preview:large","max-video-preview":"max-video-preview:-1"},"canonical":"https:\/\/unetxea.org\/en\/arranca-dame-1-minuto-de-vida\/","og_locale":"en_US","og_type":"article","og_title":"\u00a1Arranca \u201cDame 1 Minuto de VIDA\u201d! - UN ETXEA","og_description":"La 12\u00aa Edici\u00f3n del concurso \u201cDame 1 Minuto de \u2013 Eman Minutu 1\u201d quiere concienciar sobre el cumplimiento de la Agenda 2030 y los Objetivos de Desarrollo Sostenible. En esta [&hellip;]","og_url":"https:\/\/unetxea.org\/en\/arranca-dame-1-minuto-de-vida\/","og_site_name":"UN ETXEA","article_publisher":"https:\/\/www.facebook.com\/UNetxea\/","article_published_time":"2021-10-01T12:40:32+00:00","article_modified_time":"2024-07-09T11:35:15+00:00","og_image":[{"width":2501,"height":834,"url":"https:\/\/unetxea.org\/wp-content\/uploads\/2021\/10\/D1MDvida2.jpg","type":"image\/jpeg"}],"author":"UN Etxea","twitter_card":"summary_large_image","twitter_creator":"@UNetxea","twitter_site":"@UNetxea","twitter_misc":{"Written by":"UN Etxea","Est. reading time":"2 minutes"},"schema":{"@context":"https:\/\/schema.org","@graph":[{"@type":"Article","@id":"https:\/\/unetxea.org\/en\/arranca-dame-1-minuto-de-vida\/#article","isPartOf":{"@id":"https:\/\/unetxea.org\/en\/arranca-dame-1-minuto-de-vida\/"},"author":{"name":"UN Etxea","@id":"https:\/\/unetxea.org\/#\/schema\/person\/c115ec46e78902eb5e93b5ca0b96bd2d"},"headline":"\u00a1Arranca \u201cDame 1 Minuto de VIDA\u201d!","datePublished":"2021-10-01T12:40:32+00:00","dateModified":"2024-07-09T11:35:15+00:00","mainEntityOfPage":{"@id":"https:\/\/unetxea.org\/en\/arranca-dame-1-minuto-de-vida\/"},"wordCount":329,"publisher":{"@id":"https:\/\/unetxea.org\/#organization"},"image":{"@id":"https:\/\/unetxea.org\/en\/arranca-dame-1-minuto-de-vida\/#primaryimage"},"thumbnailUrl":"https:\/\/unetxea.org\/wp-content\/uploads\/2021\/10\/D1MDvida2.jpg","articleSection":["2030 agenda"],"inLanguage":"en-US"},{"@type":"WebPage","@id":"https:\/\/unetxea.org\/en\/arranca-dame-1-minuto-de-vida\/","url":"https:\/\/unetxea.org\/en\/arranca-dame-1-minuto-de-vida\/","name":"\u00a1Arranca \u201cDame 1 Minuto de VIDA\u201d! - UN ETXEA","isPartOf":{"@id":"https:\/\/unetxea.org\/#website"},"primaryImageOfPage":{"@id":"https:\/\/unetxea.org\/en\/arranca-dame-1-minuto-de-vida\/#primaryimage"},"image":{"@id":"https:\/\/unetxea.org\/en\/arranca-dame-1-minuto-de-vida\/#primaryimage"},"thumbnailUrl":"https:\/\/unetxea.org\/wp-content\/uploads\/2021\/10\/D1MDvida2.jpg","datePublished":"2021-10-01T12:40:32+00:00","dateModified":"2024-07-09T11:35:15+00:00","breadcrumb":{"@id":"https:\/\/unetxea.org\/en\/arranca-dame-1-minuto-de-vida\/#breadcrumb"},"inLanguage":"en-US","potentialAction":[{"@type":"ReadAction","target":["https:\/\/unetxea.org\/en\/arranca-dame-1-minuto-de-vida\/"]}]},{"@type":"ImageObject","inLanguage":"en-US","@id":"https:\/\/unetxea.org\/en\/arranca-dame-1-minuto-de-vida\/#primaryimage","url":"https:\/\/unetxea.org\/wp-content\/uploads\/2021\/10\/D1MDvida2.jpg","contentUrl":"https:\/\/unetxea.org\/wp-content\/uploads\/2021\/10\/D1MDvida2.jpg","width":2501,"height":834},{"@type":"BreadcrumbList","@id":"https:\/\/unetxea.org\/en\/arranca-dame-1-minuto-de-vida\/#breadcrumb","itemListElement":[{"@type":"ListItem","position":1,"name":"Portada","item":"https:\/\/unetxea.org\/en\/"},{"@type":"ListItem","position":2,"name":"\u00a1Arranca \u201cDame 1 Minuto de VIDA\u201d!"}]},{"@type":"WebSite","@id":"https:\/\/unetxea.org\/#website","url":"https:\/\/unetxea.org\/","name":"UN ETXEA","description":"Asociaci\u00f3n del Pa\u00eds Vasco para la UNESCO","publisher":{"@id":"https:\/\/unetxea.org\/#organization"},"potentialAction":[{"@type":"SearchAction","target":{"@type":"EntryPoint","urlTemplate":"https:\/\/unetxea.org\/?s={search_term_string}"},"query-input":{"@type":"PropertyValueSpecification","valueRequired":true,"valueName":"search_term_string"}}],"inLanguage":"en-US"},{"@type":"Organization","@id":"https:\/\/unetxea.org\/#organization","name":"UN ETXEA","url":"https:\/\/unetxea.org\/","logo":{"@type":"ImageObject","inLanguage":"en-US","@id":"https:\/\/unetxea.org\/#\/schema\/logo\/image\/","url":"https:\/\/unetxea.org\/wp-content\/uploads\/2025\/01\/logo-unetxea500.jpg","contentUrl":"https:\/\/unetxea.org\/wp-content\/uploads\/2025\/01\/logo-unetxea500.jpg","width":500,"height":484,"caption":"UN ETXEA"},"image":{"@id":"https:\/\/unetxea.org\/#\/schema\/logo\/image\/"},"sameAs":["https:\/\/www.facebook.com\/UNetxea\/","https:\/\/x.com\/UNetxea","https:\/\/www.youtube.com\/@UNetxea"]},{"@type":"Person","@id":"https:\/\/unetxea.org\/#\/schema\/person\/c115ec46e78902eb5e93b5ca0b96bd2d","name":"UN Etxea","image":{"@type":"ImageObject","inLanguage":"en-US","@id":"https:\/\/secure.gravatar.com\/avatar\/67b8d0f0ae884d096f535d6fbbb63507af5ec28b6be2d9db993a2e99f2855e18?s=96&d=mm&r=g","url":"https:\/\/secure.gravatar.com\/avatar\/67b8d0f0ae884d096f535d6fbbb63507af5ec28b6be2d9db993a2e99f2855e18?s=96&d=mm&r=g","contentUrl":"https:\/\/secure.gravatar.com\/avatar\/67b8d0f0ae884d096f535d6fbbb63507af5ec28b6be2d9db993a2e99f2855e18?s=96&d=mm&r=g","caption":"UN Etxea"},"url":"https:\/\/unetxea.org\/en\/author\/nagusitxea\/"}]}},"_links":{"self":[{"href":"https:\/\/unetxea.org\/en\/wp-json\/wp\/v2\/posts\/5107","targetHints":{"allow":["GET"]}}],"collection":[{"href":"https:\/\/unetxea.org\/en\/wp-json\/wp\/v2\/posts"}],"about":[{"href":"https:\/\/unetxea.org\/en\/wp-json\/wp\/v2\/types\/post"}],"author":[{"embeddable":true,"href":"https:\/\/unetxea.org\/en\/wp-json\/wp\/v2\/users\/2"}],"replies":[{"embeddable":true,"href":"https:\/\/unetxea.org\/en\/wp-json\/wp\/v2\/comments?post=5107"}],"version-history":[{"count":1,"href":"https:\/\/unetxea.org\/en\/wp-json\/wp\/v2\/posts\/5107\/revisions"}],"predecessor-version":[{"id":9483,"href":"https:\/\/unetxea.org\/en\/wp-json\/wp\/v2\/posts\/5107\/revisions\/9483"}],"wp:featuredmedia":[{"embeddable":true,"href":"https:\/\/unetxea.org\/en\/wp-json\/wp\/v2\/media\/5105"}],"wp:attachment":[{"href":"https:\/\/unetxea.org\/en\/wp-json\/wp\/v2\/media?parent=5107"}],"wp:term":[{"taxonomy":"category","embeddable":true,"href":"https:\/\/unetxea.org\/en\/wp-json\/wp\/v2\/categories?post=5107"},{"taxonomy":"post_tag","embeddable":true,"href":"https:\/\/unetxea.org\/en\/wp-json\/wp\/v2\/tags?post=5107"}],"curies":[{"name":"wp","href":"https:\/\/api.w.org\/{rel}","templated":true}]}}