{"id":5287,"date":"2021-11-23T12:51:33","date_gmt":"2021-11-23T11:51:33","guid":{"rendered":"https:\/\/unetxea.org\/?p=5287"},"modified":"2024-07-09T13:35:07","modified_gmt":"2024-07-09T11:35:07","slug":"webinar-dia-mundial-del-retrete","status":"publish","type":"post","link":"https:\/\/unetxea.org\/en\/webinar-dia-mundial-del-retrete\/","title":{"rendered":"Webinar: D\u00eda Mundial del Retrete"},"content":{"rendered":"\n<p>Organizamos esta jornada divulgativa para conmemorar el D\u00eda Mundial del Derecho Humano al Saneamiento en el marco de la colaboraci\u00f3n entre UNESCO Etxea-Centro UNESCO Pa\u00eds Vasco y el Consorcio de Aguas Bilbao Bizkaia. <\/p>\n\n\n\n<p>El webinar tendr\u00e1 lugar el <strong>2 de diciembre, de 17:00 a 18:45h, retransmitido en directo por Zoom y YouTube<\/strong>.<\/p>\n\n\n\n<p>Con \u00e9l queremos reivindicar los derechos humanos al agua y al saneamiento, y c\u00f3mo a trav\u00e9s de la educaci\u00f3n en estos derechos y en el Objetivo de Desarrollo Sostenible 6 (Garantizar la disponibilidad y la gesti\u00f3n sostenible del agua y el saneamiento para todxs), colaboramos en la consecuci\u00f3n de estos derechos.<\/p>\n\n\n\n<p>El acceso al agua apta para el consumo y el acceso al saneamiento b\u00e1sico son derechos humanos, reconocidos como tales por las Naciones Unidas. Sin embargo, actualmente ambos est\u00e1n lejos de ejercerse como derechos efectivos para muchos millones de personas en todo el mundo.<\/p>\n\n\n\n<p>Actualmente, al menos 663 millones de personas no tienen acceso al agua potable, 2.400 millones no disponen de sistemas de saneamiento adecuados, de los que a\u00fan 946 millones defecan al aire libre y se estima que 4 de cada 5 personas no se lavan las manos despu\u00e9s de estar en contacto con excrementos.<\/p>\n\n\n\n<p>Todos los actores, desde los Estados a la ciudadan\u00eda, pasando por los distintos niveles de gobierno incluido el local, debemos colaborar en el cumplimiento de estos derechos. La sociedad civil, as\u00ed como las entidades locales y regionales, somos parte de la b\u00fasqueda de soluciones innovadoras de participaci\u00f3n en los retos mundiales.<\/p>\n\n\n\n<div style=\"height:17px\" aria-hidden=\"true\" class=\"wp-block-spacer\"><\/div>\n\n\n\n<div class=\"wp-block-image\"><figure class=\"alignleft size-large is-resized\"><img loading=\"lazy\" decoding=\"async\" src=\"https:\/\/unetxea.org\/wp-content\/uploads\/2021\/01\/Logo_pdf.png\" alt=\"\" class=\"wp-image-3342\" width=\"42\" height=\"42\"\/><\/figure><\/div>\n\n\n\n<p><strong><a rel=\"noreferrer noopener\" href=\"https:\/\/unetxea.org\/dokumentuak\/dia-retrete2021-programa.pdf\" target=\"_blank\">PROGRAMA <\/a><\/strong><\/p>\n\n\n\n<div style=\"height:18px\" aria-hidden=\"true\" class=\"wp-block-spacer\"><\/div>\n\n\n\n<div class=\"wp-block-image\"><figure class=\"alignleft size-large is-resized\"><img loading=\"lazy\" decoding=\"async\" src=\"https:\/\/unetxea.org\/wp-content\/uploads\/2021\/02\/Logo_formulario2.png\" alt=\"\" class=\"wp-image-4131\" width=\"34\" height=\"37\"\/><\/figure><\/div>\n\n\n\n<p><strong><a rel=\"noreferrer noopener\" href=\"https:\/\/forms.gle\/wHvMGX8CqZQXZp6X8\" target=\"_blank\">INSCRIPCI\u00d3N<\/a><\/strong><\/p>\n\n\n\n<div style=\"height:11px\" aria-hidden=\"true\" class=\"wp-block-spacer\"><\/div>\n\n\n\n<p><em>* Los enlaces a la retransmisi\u00f3n se enviar\u00e1n en un e-mail de confirmaci\u00f3n tras realizarse la inscripci\u00f3n.<\/em><\/p>\n\n\n\n<p><\/p>\n","protected":false},"excerpt":{"rendered":"<p>Organizamos esta jornada divulgativa para conmemorar el D\u00eda Mundial del Derecho Humano al Saneamiento en el marco de la colaboraci\u00f3n entre UNESCO Etxea-Centro UNESCO Pa\u00eds Vasco y el Consorcio de [&hellip;]<\/p>\n","protected":false},"author":2,"featured_media":5282,"comment_status":"closed","ping_status":"closed","sticky":false,"template":"","format":"standard","meta":{"footnotes":""},"categories":[73,85,77,79],"tags":[],"class_list":["post-5287","post","type-post","status-publish","format-standard","has-post-thumbnail","hentry","category-2030-agenda","category-environment","category-human-rights","category-sustainable-development"],"yoast_head":"<!-- This site is optimized with the Yoast SEO plugin v27.5 - https:\/\/yoast.com\/product\/yoast-seo-wordpress\/ -->\n<title>Webinar: D\u00eda Mundial del Retrete - UN ETXEA<\/title>\n<meta name=\"robots\" content=\"index, follow, max-snippet:-1, max-image-preview:large, max-video-preview:-1\" \/>\n<link rel=\"canonical\" href=\"https:\/\/unetxea.org\/en\/webinar-dia-mundial-del-retrete\/\" \/>\n<meta property=\"og:locale\" content=\"en_US\" \/>\n<meta property=\"og:type\" content=\"article\" \/>\n<meta property=\"og:title\" content=\"Webinar: D\u00eda Mundial del Retrete - UN ETXEA\" \/>\n<meta property=\"og:description\" content=\"Organizamos esta jornada divulgativa para conmemorar el D\u00eda Mundial del Derecho Humano al Saneamiento en el marco de la colaboraci\u00f3n entre UNESCO Etxea-Centro UNESCO Pa\u00eds Vasco y el Consorcio de [&hellip;]\" \/>\n<meta property=\"og:url\" content=\"https:\/\/unetxea.org\/en\/webinar-dia-mundial-del-retrete\/\" \/>\n<meta property=\"og:site_name\" content=\"UN ETXEA\" \/>\n<meta property=\"article:publisher\" content=\"https:\/\/www.facebook.com\/UNetxea\/\" \/>\n<meta property=\"article:published_time\" content=\"2021-11-23T11:51:33+00:00\" \/>\n<meta property=\"article:modified_time\" content=\"2024-07-09T11:35:07+00:00\" \/>\n<meta property=\"og:image\" content=\"https:\/\/unetxea.org\/wp-content\/uploads\/2021\/11\/webinar-diaretrete2021-portada.png\" \/>\n\t<meta property=\"og:image:width\" content=\"1110\" \/>\n\t<meta property=\"og:image:height\" content=\"351\" \/>\n\t<meta property=\"og:image:type\" content=\"image\/png\" \/>\n<meta name=\"author\" content=\"UN Etxea\" \/>\n<meta name=\"twitter:card\" content=\"summary_large_image\" \/>\n<meta name=\"twitter:creator\" content=\"@UNetxea\" \/>\n<meta name=\"twitter:site\" content=\"@UNetxea\" \/>\n<meta name=\"twitter:label1\" content=\"Written by\" \/>\n\t<meta name=\"twitter:data1\" content=\"UN Etxea\" \/>\n\t<meta name=\"twitter:label2\" content=\"Est. reading time\" \/>\n\t<meta name=\"twitter:data2\" content=\"1 minute\" \/>\n<script type=\"application\/ld+json\" class=\"yoast-schema-graph\">{\"@context\":\"https:\\\/\\\/schema.org\",\"@graph\":[{\"@type\":\"Article\",\"@id\":\"https:\\\/\\\/unetxea.org\\\/en\\\/webinar-dia-mundial-del-retrete\\\/#article\",\"isPartOf\":{\"@id\":\"https:\\\/\\\/unetxea.org\\\/en\\\/webinar-dia-mundial-del-retrete\\\/\"},\"author\":{\"name\":\"UN Etxea\",\"@id\":\"https:\\\/\\\/unetxea.org\\\/#\\\/schema\\\/person\\\/c115ec46e78902eb5e93b5ca0b96bd2d\"},\"headline\":\"Webinar: D\u00eda Mundial del Retrete\",\"datePublished\":\"2021-11-23T11:51:33+00:00\",\"dateModified\":\"2024-07-09T11:35:07+00:00\",\"mainEntityOfPage\":{\"@id\":\"https:\\\/\\\/unetxea.org\\\/en\\\/webinar-dia-mundial-del-retrete\\\/\"},\"wordCount\":287,\"publisher\":{\"@id\":\"https:\\\/\\\/unetxea.org\\\/#organization\"},\"image\":{\"@id\":\"https:\\\/\\\/unetxea.org\\\/en\\\/webinar-dia-mundial-del-retrete\\\/#primaryimage\"},\"thumbnailUrl\":\"https:\\\/\\\/unetxea.org\\\/wp-content\\\/uploads\\\/2021\\\/11\\\/webinar-diaretrete2021-portada.png\",\"articleSection\":[\"2030 agenda\",\"Environment\",\"Human Rights\",\"Sustainable Development\"],\"inLanguage\":\"en-US\"},{\"@type\":\"WebPage\",\"@id\":\"https:\\\/\\\/unetxea.org\\\/en\\\/webinar-dia-mundial-del-retrete\\\/\",\"url\":\"https:\\\/\\\/unetxea.org\\\/en\\\/webinar-dia-mundial-del-retrete\\\/\",\"name\":\"Webinar: D\u00eda Mundial del Retrete - UN ETXEA\",\"isPartOf\":{\"@id\":\"https:\\\/\\\/unetxea.org\\\/#website\"},\"primaryImageOfPage\":{\"@id\":\"https:\\\/\\\/unetxea.org\\\/en\\\/webinar-dia-mundial-del-retrete\\\/#primaryimage\"},\"image\":{\"@id\":\"https:\\\/\\\/unetxea.org\\\/en\\\/webinar-dia-mundial-del-retrete\\\/#primaryimage\"},\"thumbnailUrl\":\"https:\\\/\\\/unetxea.org\\\/wp-content\\\/uploads\\\/2021\\\/11\\\/webinar-diaretrete2021-portada.png\",\"datePublished\":\"2021-11-23T11:51:33+00:00\",\"dateModified\":\"2024-07-09T11:35:07+00:00\",\"breadcrumb\":{\"@id\":\"https:\\\/\\\/unetxea.org\\\/en\\\/webinar-dia-mundial-del-retrete\\\/#breadcrumb\"},\"inLanguage\":\"en-US\",\"potentialAction\":[{\"@type\":\"ReadAction\",\"target\":[\"https:\\\/\\\/unetxea.org\\\/en\\\/webinar-dia-mundial-del-retrete\\\/\"]}]},{\"@type\":\"ImageObject\",\"inLanguage\":\"en-US\",\"@id\":\"https:\\\/\\\/unetxea.org\\\/en\\\/webinar-dia-mundial-del-retrete\\\/#primaryimage\",\"url\":\"https:\\\/\\\/unetxea.org\\\/wp-content\\\/uploads\\\/2021\\\/11\\\/webinar-diaretrete2021-portada.png\",\"contentUrl\":\"https:\\\/\\\/unetxea.org\\\/wp-content\\\/uploads\\\/2021\\\/11\\\/webinar-diaretrete2021-portada.png\",\"width\":1110,\"height\":351},{\"@type\":\"BreadcrumbList\",\"@id\":\"https:\\\/\\\/unetxea.org\\\/en\\\/webinar-dia-mundial-del-retrete\\\/#breadcrumb\",\"itemListElement\":[{\"@type\":\"ListItem\",\"position\":1,\"name\":\"Portada\",\"item\":\"https:\\\/\\\/unetxea.org\\\/en\\\/\"},{\"@type\":\"ListItem\",\"position\":2,\"name\":\"Webinar: D\u00eda Mundial del Retrete\"}]},{\"@type\":\"WebSite\",\"@id\":\"https:\\\/\\\/unetxea.org\\\/#website\",\"url\":\"https:\\\/\\\/unetxea.org\\\/\",\"name\":\"UN ETXEA\",\"description\":\"Asociaci\u00f3n del Pa\u00eds Vasco para la UNESCO\",\"publisher\":{\"@id\":\"https:\\\/\\\/unetxea.org\\\/#organization\"},\"potentialAction\":[{\"@type\":\"SearchAction\",\"target\":{\"@type\":\"EntryPoint\",\"urlTemplate\":\"https:\\\/\\\/unetxea.org\\\/?s={search_term_string}\"},\"query-input\":{\"@type\":\"PropertyValueSpecification\",\"valueRequired\":true,\"valueName\":\"search_term_string\"}}],\"inLanguage\":\"en-US\"},{\"@type\":\"Organization\",\"@id\":\"https:\\\/\\\/unetxea.org\\\/#organization\",\"name\":\"UN ETXEA\",\"url\":\"https:\\\/\\\/unetxea.org\\\/\",\"logo\":{\"@type\":\"ImageObject\",\"inLanguage\":\"en-US\",\"@id\":\"https:\\\/\\\/unetxea.org\\\/#\\\/schema\\\/logo\\\/image\\\/\",\"url\":\"https:\\\/\\\/unetxea.org\\\/wp-content\\\/uploads\\\/2025\\\/01\\\/logo-unetxea500.jpg\",\"contentUrl\":\"https:\\\/\\\/unetxea.org\\\/wp-content\\\/uploads\\\/2025\\\/01\\\/logo-unetxea500.jpg\",\"width\":500,\"height\":484,\"caption\":\"UN ETXEA\"},\"image\":{\"@id\":\"https:\\\/\\\/unetxea.org\\\/#\\\/schema\\\/logo\\\/image\\\/\"},\"sameAs\":[\"https:\\\/\\\/www.facebook.com\\\/UNetxea\\\/\",\"https:\\\/\\\/x.com\\\/UNetxea\",\"https:\\\/\\\/www.youtube.com\\\/@UNetxea\"]},{\"@type\":\"Person\",\"@id\":\"https:\\\/\\\/unetxea.org\\\/#\\\/schema\\\/person\\\/c115ec46e78902eb5e93b5ca0b96bd2d\",\"name\":\"UN Etxea\",\"image\":{\"@type\":\"ImageObject\",\"inLanguage\":\"en-US\",\"@id\":\"https:\\\/\\\/secure.gravatar.com\\\/avatar\\\/67b8d0f0ae884d096f535d6fbbb63507af5ec28b6be2d9db993a2e99f2855e18?s=96&d=mm&r=g\",\"url\":\"https:\\\/\\\/secure.gravatar.com\\\/avatar\\\/67b8d0f0ae884d096f535d6fbbb63507af5ec28b6be2d9db993a2e99f2855e18?s=96&d=mm&r=g\",\"contentUrl\":\"https:\\\/\\\/secure.gravatar.com\\\/avatar\\\/67b8d0f0ae884d096f535d6fbbb63507af5ec28b6be2d9db993a2e99f2855e18?s=96&d=mm&r=g\",\"caption\":\"UN Etxea\"},\"url\":\"https:\\\/\\\/unetxea.org\\\/en\\\/author\\\/nagusitxea\\\/\"}]}<\/script>\n<!-- \/ Yoast SEO plugin. -->","yoast_head_json":{"title":"Webinar: D\u00eda Mundial del Retrete - UN ETXEA","robots":{"index":"index","follow":"follow","max-snippet":"max-snippet:-1","max-image-preview":"max-image-preview:large","max-video-preview":"max-video-preview:-1"},"canonical":"https:\/\/unetxea.org\/en\/webinar-dia-mundial-del-retrete\/","og_locale":"en_US","og_type":"article","og_title":"Webinar: D\u00eda Mundial del Retrete - UN ETXEA","og_description":"Organizamos esta jornada divulgativa para conmemorar el D\u00eda Mundial del Derecho Humano al Saneamiento en el marco de la colaboraci\u00f3n entre UNESCO Etxea-Centro UNESCO Pa\u00eds Vasco y el Consorcio de [&hellip;]","og_url":"https:\/\/unetxea.org\/en\/webinar-dia-mundial-del-retrete\/","og_site_name":"UN ETXEA","article_publisher":"https:\/\/www.facebook.com\/UNetxea\/","article_published_time":"2021-11-23T11:51:33+00:00","article_modified_time":"2024-07-09T11:35:07+00:00","og_image":[{"width":1110,"height":351,"url":"https:\/\/unetxea.org\/wp-content\/uploads\/2021\/11\/webinar-diaretrete2021-portada.png","type":"image\/png"}],"author":"UN Etxea","twitter_card":"summary_large_image","twitter_creator":"@UNetxea","twitter_site":"@UNetxea","twitter_misc":{"Written by":"UN Etxea","Est. reading time":"1 minute"},"schema":{"@context":"https:\/\/schema.org","@graph":[{"@type":"Article","@id":"https:\/\/unetxea.org\/en\/webinar-dia-mundial-del-retrete\/#article","isPartOf":{"@id":"https:\/\/unetxea.org\/en\/webinar-dia-mundial-del-retrete\/"},"author":{"name":"UN Etxea","@id":"https:\/\/unetxea.org\/#\/schema\/person\/c115ec46e78902eb5e93b5ca0b96bd2d"},"headline":"Webinar: D\u00eda Mundial del Retrete","datePublished":"2021-11-23T11:51:33+00:00","dateModified":"2024-07-09T11:35:07+00:00","mainEntityOfPage":{"@id":"https:\/\/unetxea.org\/en\/webinar-dia-mundial-del-retrete\/"},"wordCount":287,"publisher":{"@id":"https:\/\/unetxea.org\/#organization"},"image":{"@id":"https:\/\/unetxea.org\/en\/webinar-dia-mundial-del-retrete\/#primaryimage"},"thumbnailUrl":"https:\/\/unetxea.org\/wp-content\/uploads\/2021\/11\/webinar-diaretrete2021-portada.png","articleSection":["2030 agenda","Environment","Human Rights","Sustainable Development"],"inLanguage":"en-US"},{"@type":"WebPage","@id":"https:\/\/unetxea.org\/en\/webinar-dia-mundial-del-retrete\/","url":"https:\/\/unetxea.org\/en\/webinar-dia-mundial-del-retrete\/","name":"Webinar: D\u00eda Mundial del Retrete - UN ETXEA","isPartOf":{"@id":"https:\/\/unetxea.org\/#website"},"primaryImageOfPage":{"@id":"https:\/\/unetxea.org\/en\/webinar-dia-mundial-del-retrete\/#primaryimage"},"image":{"@id":"https:\/\/unetxea.org\/en\/webinar-dia-mundial-del-retrete\/#primaryimage"},"thumbnailUrl":"https:\/\/unetxea.org\/wp-content\/uploads\/2021\/11\/webinar-diaretrete2021-portada.png","datePublished":"2021-11-23T11:51:33+00:00","dateModified":"2024-07-09T11:35:07+00:00","breadcrumb":{"@id":"https:\/\/unetxea.org\/en\/webinar-dia-mundial-del-retrete\/#breadcrumb"},"inLanguage":"en-US","potentialAction":[{"@type":"ReadAction","target":["https:\/\/unetxea.org\/en\/webinar-dia-mundial-del-retrete\/"]}]},{"@type":"ImageObject","inLanguage":"en-US","@id":"https:\/\/unetxea.org\/en\/webinar-dia-mundial-del-retrete\/#primaryimage","url":"https:\/\/unetxea.org\/wp-content\/uploads\/2021\/11\/webinar-diaretrete2021-portada.png","contentUrl":"https:\/\/unetxea.org\/wp-content\/uploads\/2021\/11\/webinar-diaretrete2021-portada.png","width":1110,"height":351},{"@type":"BreadcrumbList","@id":"https:\/\/unetxea.org\/en\/webinar-dia-mundial-del-retrete\/#breadcrumb","itemListElement":[{"@type":"ListItem","position":1,"name":"Portada","item":"https:\/\/unetxea.org\/en\/"},{"@type":"ListItem","position":2,"name":"Webinar: D\u00eda Mundial del Retrete"}]},{"@type":"WebSite","@id":"https:\/\/unetxea.org\/#website","url":"https:\/\/unetxea.org\/","name":"UN ETXEA","description":"Asociaci\u00f3n del Pa\u00eds Vasco para la UNESCO","publisher":{"@id":"https:\/\/unetxea.org\/#organization"},"potentialAction":[{"@type":"SearchAction","target":{"@type":"EntryPoint","urlTemplate":"https:\/\/unetxea.org\/?s={search_term_string}"},"query-input":{"@type":"PropertyValueSpecification","valueRequired":true,"valueName":"search_term_string"}}],"inLanguage":"en-US"},{"@type":"Organization","@id":"https:\/\/unetxea.org\/#organization","name":"UN ETXEA","url":"https:\/\/unetxea.org\/","logo":{"@type":"ImageObject","inLanguage":"en-US","@id":"https:\/\/unetxea.org\/#\/schema\/logo\/image\/","url":"https:\/\/unetxea.org\/wp-content\/uploads\/2025\/01\/logo-unetxea500.jpg","contentUrl":"https:\/\/unetxea.org\/wp-content\/uploads\/2025\/01\/logo-unetxea500.jpg","width":500,"height":484,"caption":"UN ETXEA"},"image":{"@id":"https:\/\/unetxea.org\/#\/schema\/logo\/image\/"},"sameAs":["https:\/\/www.facebook.com\/UNetxea\/","https:\/\/x.com\/UNetxea","https:\/\/www.youtube.com\/@UNetxea"]},{"@type":"Person","@id":"https:\/\/unetxea.org\/#\/schema\/person\/c115ec46e78902eb5e93b5ca0b96bd2d","name":"UN Etxea","image":{"@type":"ImageObject","inLanguage":"en-US","@id":"https:\/\/secure.gravatar.com\/avatar\/67b8d0f0ae884d096f535d6fbbb63507af5ec28b6be2d9db993a2e99f2855e18?s=96&d=mm&r=g","url":"https:\/\/secure.gravatar.com\/avatar\/67b8d0f0ae884d096f535d6fbbb63507af5ec28b6be2d9db993a2e99f2855e18?s=96&d=mm&r=g","contentUrl":"https:\/\/secure.gravatar.com\/avatar\/67b8d0f0ae884d096f535d6fbbb63507af5ec28b6be2d9db993a2e99f2855e18?s=96&d=mm&r=g","caption":"UN Etxea"},"url":"https:\/\/unetxea.org\/en\/author\/nagusitxea\/"}]}},"_links":{"self":[{"href":"https:\/\/unetxea.org\/en\/wp-json\/wp\/v2\/posts\/5287","targetHints":{"allow":["GET"]}}],"collection":[{"href":"https:\/\/unetxea.org\/en\/wp-json\/wp\/v2\/posts"}],"about":[{"href":"https:\/\/unetxea.org\/en\/wp-json\/wp\/v2\/types\/post"}],"author":[{"embeddable":true,"href":"https:\/\/unetxea.org\/en\/wp-json\/wp\/v2\/users\/2"}],"replies":[{"embeddable":true,"href":"https:\/\/unetxea.org\/en\/wp-json\/wp\/v2\/comments?post=5287"}],"version-history":[{"count":1,"href":"https:\/\/unetxea.org\/en\/wp-json\/wp\/v2\/posts\/5287\/revisions"}],"predecessor-version":[{"id":9459,"href":"https:\/\/unetxea.org\/en\/wp-json\/wp\/v2\/posts\/5287\/revisions\/9459"}],"wp:featuredmedia":[{"embeddable":true,"href":"https:\/\/unetxea.org\/en\/wp-json\/wp\/v2\/media\/5282"}],"wp:attachment":[{"href":"https:\/\/unetxea.org\/en\/wp-json\/wp\/v2\/media?parent=5287"}],"wp:term":[{"taxonomy":"category","embeddable":true,"href":"https:\/\/unetxea.org\/en\/wp-json\/wp\/v2\/categories?post=5287"},{"taxonomy":"post_tag","embeddable":true,"href":"https:\/\/unetxea.org\/en\/wp-json\/wp\/v2\/tags?post=5287"}],"curies":[{"name":"wp","href":"https:\/\/api.w.org\/{rel}","templated":true}]}}