{"id":6146,"date":"2022-05-18T14:53:51","date_gmt":"2022-05-18T12:53:51","guid":{"rendered":"https:\/\/unetxea.org\/?p=6146"},"modified":"2024-07-09T13:33:46","modified_gmt":"2024-07-09T11:33:46","slug":"actividades-en-el-dia-mundial-de-la-diversidad-cultural","status":"publish","type":"post","link":"https:\/\/unetxea.org\/en\/actividades-en-el-dia-mundial-de-la-diversidad-cultural\/","title":{"rendered":"Actividades en el D\u00eda Mundial de la Diversidad Cultural"},"content":{"rendered":"\n<p>El <strong>s\u00e1bado<\/strong> <strong>21 de mayo<\/strong> celebramos junto con el <a href=\"http:\/\/www.bilbao.eus\/\" target=\"_blank\" rel=\"noreferrer noopener\">Ayuntamiento de Bilbao<\/a> el D\u00eda Mundial de la Diversidad Cultural para el Di\u00e1logo y Desarrollo con una campa\u00f1a que contempla diferentes acciones que se enmarcan en el <a href=\"https:\/\/www.bilbao.eus\/cs\/Satellite?c=BIO_Noticia_FA&amp;cid=1279213129596&amp;language=es&amp;pageid=3000005580&amp;pagename=Bilbaonet%2FBIO_Noticia_FA%2FBIO_Noticia\" target=\"_blank\" rel=\"noreferrer noopener\">III Plan Bilbao Ciudad Intercultural<\/a>, en los \u00e1mbitos de compromiso, gobernanza, antidiscriminaci\u00f3n y sensibilizaci\u00f3n.<\/p>\n\n\n\n<p>Las actividades programadas para el<strong> <\/strong>s\u00e1bado 21 de mayo tendr\u00e1n lugar<strong> en <a rel=\"noreferrer noopener\" href=\"https:\/\/kuna.bbk.eus\/\" target=\"_blank\">BBK Kuna<\/a><\/strong> y se articulan en torno a tres vectores fundamentales: comunicar, reflexionar y celebrar:<\/p>\n\n\n\n<div style=\"height:10px\" aria-hidden=\"true\" class=\"wp-block-spacer\"><\/div>\n\n\n\n<ul class=\"wp-block-list\"><li><strong>Entre las 12:00 y las 13:30 horas<\/strong>, tendr\u00e1 lugar un <strong>Conversatorio sobre diversidad cultural y cohesi\u00f3n social<\/strong>. Mediante esta iniciativa, se pretende descubrir la importancia que tiene la protecci\u00f3n y promoci\u00f3n de la diversidad cultural y sus expresiones para generar cohesi\u00f3n social.<\/li><\/ul>\n\n\n\n<p>Participar\u00e1n cinco personas comprometidas con la inclusi\u00f3n y la interculturalidad, reconocidas por su activismo social y cultural, y representativas de diferentes expresiones art\u00edsticas en Bilbao: <strong>Emilia Larrondo<\/strong> (soci\u00f3loga y DJ de origen mexicano), <strong>Miguel \u00c1ngel Puentes<\/strong> (artista pl\u00e1stico y director\/locutor de Radio Candela de origen colombiano, <strong>Cruz Noguera<\/strong> (dramaturgo e int\u00e9rprete de origen venezolano), <strong>Nilda Diarte Aguilera<\/strong> (escritora de literatura y teatro de origen argentino) y <strong>Betto Snay<\/strong> (m\u00fasico hip-hop, dinamizador cultural y dise\u00f1ador de moda de origen angole\u00f1o).<\/p>\n\n\n\n<p>Adem\u00e1s:<\/p>\n\n\n\n<ul class=\"wp-block-list\"><li>El artista bilbaino de origen colombiano <strong>Miguel \u00c1ngel Puente<\/strong> presenta en la planta -1 de BBK Kuna su<strong> exposici\u00f3n sobre la invisibilizaci\u00f3n de las trabajadoras del hogar.<\/strong><\/li><\/ul>\n\n\n\n<ul class=\"wp-block-list\"><li><strong>Entre las 13:30 y las 14:30 l<\/strong>a <strong>DJ Hija del Nopal<\/strong> se encargar\u00e1 de una sesi\u00f3n musical.<\/li><\/ul>\n\n\n\n<ul class=\"wp-block-list\"><li><strong>A partir de las 17.00 el taller HaurKuna<\/strong> estar\u00e1 dedicado a la interculturalidad. Esta actividad, dise\u00f1ada <strong>para ni\u00f1os y ni\u00f1as de 3 a 10 a\u00f1os<\/strong>, tiene como objetivo generar un impacto positivo a trav\u00e9s del juego, <strong>acercando a las m\u00e1s peque\u00f1as la Agenda 2030 <\/strong>y los retos de futuro. La sesi\u00f3n es gratuita, en euskera y castellano (grupos de 15-20 participantes).<\/li><\/ul>\n\n\n\n<ul class=\"wp-block-list\"><li><strong>Entre las 18:00 y las 21:00 horas<\/strong> en el Muelle de Urazurrutia (zona exterior de BBK Kuna) un <strong>festival abierto al p\u00fablico <\/strong>para celebrar la fuerza y la resiliencia de la diversidad cultural en tiempos particularmente cr\u00edticos, como los actuales provocados por la pandemia. Consistir\u00e1 una representaci\u00f3n de un extracto de la obra <strong>&#8220;Solange y el caminante&#8221;<\/strong> en el que se recrea el encuentro real de una mujer africana y un hombre europeo en un campamento de refugiados en Grecia. Actuar\u00e1 el colectivo de m\u00fasica y baile <strong><a rel=\"noreferrer noopener\" href=\"https:\/\/followtheparty.es\/\" target=\"_blank\">Follow The Party<\/a><\/strong>, y se realizar\u00e1 un <strong>mural participativo con<\/strong> la artista muralista <strong><a rel=\"noreferrer noopener\" href=\"https:\/\/evamena.com\/\" target=\"_blank\">Eva Mena Den XL<\/a>.<\/strong><\/li><\/ul>\n\n\n\n<div style=\"height:12px\" aria-hidden=\"true\" class=\"wp-block-spacer\"><\/div>\n\n\n\n<p>La campa\u00f1a gr\u00e1fica, disponible en las redes sociales y web del Ayuntamiento de Bilbao, es parte del trabajo anual que est\u00e1 realizando el ilustrador Kike Infame para conmemorar las fechas propuestas por Naciones Unidas. Su trabajo, que tiene como hilo conductor los puentes de Bilbao, es una met\u00e1fora del espacio y busca invitar a transitar y conocer la diversidad cultural existente en la Villa.<\/p>\n\n\n\n<p>Puedes consultar otras iniciativas que se celebrar\u00e1n en Bilbao el s\u00e1bado 21 <a href=\"https:\/\/www.bilbao.eus\/cs\/Satellite?c=BIO_Noticia_FA&amp;cid=1279217102518&amp;language=es&amp;pageid=3000075248&amp;pagename=Bilbaonet%2FBIO_Noticia_FA%2FBIO_Noticia\" target=\"_blank\" rel=\"noreferrer noopener\">en este enlace<\/a><\/p>\n","protected":false},"excerpt":{"rendered":"<p>El s\u00e1bado 21 de mayo celebramos junto con el Ayuntamiento de Bilbao el D\u00eda Mundial de la Diversidad Cultural para el Di\u00e1logo y Desarrollo con una campa\u00f1a que contempla diferentes [&hellip;]<\/p>\n","protected":false},"author":2,"featured_media":6141,"comment_status":"closed","ping_status":"closed","sticky":false,"template":"","format":"standard","meta":{"footnotes":""},"categories":[73,150],"tags":[],"class_list":["post-6146","post","type-post","status-publish","format-standard","has-post-thumbnail","hentry","category-2030-agenda","category-culture"],"yoast_head":"<!-- This site is optimized with the Yoast SEO plugin v27.5 - https:\/\/yoast.com\/product\/yoast-seo-wordpress\/ -->\n<title>Actividades en el D\u00eda Mundial de la Diversidad Cultural - UN ETXEA<\/title>\n<meta name=\"robots\" content=\"index, follow, max-snippet:-1, max-image-preview:large, max-video-preview:-1\" \/>\n<link rel=\"canonical\" href=\"https:\/\/unetxea.org\/en\/actividades-en-el-dia-mundial-de-la-diversidad-cultural\/\" \/>\n<meta property=\"og:locale\" content=\"en_US\" \/>\n<meta property=\"og:type\" content=\"article\" \/>\n<meta property=\"og:title\" content=\"Actividades en el D\u00eda Mundial de la Diversidad Cultural - UN ETXEA\" \/>\n<meta property=\"og:description\" content=\"El s\u00e1bado 21 de mayo celebramos junto con el Ayuntamiento de Bilbao el D\u00eda Mundial de la Diversidad Cultural para el Di\u00e1logo y Desarrollo con una campa\u00f1a que contempla diferentes [&hellip;]\" \/>\n<meta property=\"og:url\" content=\"https:\/\/unetxea.org\/en\/actividades-en-el-dia-mundial-de-la-diversidad-cultural\/\" \/>\n<meta property=\"og:site_name\" content=\"UN ETXEA\" \/>\n<meta property=\"article:publisher\" content=\"https:\/\/www.facebook.com\/UNetxea\/\" \/>\n<meta property=\"article:published_time\" content=\"2022-05-18T12:53:51+00:00\" \/>\n<meta property=\"article:modified_time\" content=\"2024-07-09T11:33:46+00:00\" \/>\n<meta property=\"og:image\" content=\"https:\/\/unetxea.org\/wp-content\/uploads\/2022\/05\/21mayo2022.jpg\" \/>\n\t<meta property=\"og:image:width\" content=\"1000\" \/>\n\t<meta property=\"og:image:height\" content=\"563\" \/>\n\t<meta property=\"og:image:type\" content=\"image\/jpeg\" \/>\n<meta name=\"author\" content=\"UN Etxea\" \/>\n<meta name=\"twitter:card\" content=\"summary_large_image\" \/>\n<meta name=\"twitter:creator\" content=\"@UNetxea\" \/>\n<meta name=\"twitter:site\" content=\"@UNetxea\" \/>\n<meta name=\"twitter:label1\" content=\"Written by\" \/>\n\t<meta name=\"twitter:data1\" content=\"UN Etxea\" \/>\n\t<meta name=\"twitter:label2\" content=\"Est. reading time\" \/>\n\t<meta name=\"twitter:data2\" content=\"3 minutes\" \/>\n<script type=\"application\/ld+json\" class=\"yoast-schema-graph\">{\"@context\":\"https:\\\/\\\/schema.org\",\"@graph\":[{\"@type\":\"Article\",\"@id\":\"https:\\\/\\\/unetxea.org\\\/en\\\/actividades-en-el-dia-mundial-de-la-diversidad-cultural\\\/#article\",\"isPartOf\":{\"@id\":\"https:\\\/\\\/unetxea.org\\\/en\\\/actividades-en-el-dia-mundial-de-la-diversidad-cultural\\\/\"},\"author\":{\"name\":\"UN Etxea\",\"@id\":\"https:\\\/\\\/unetxea.org\\\/#\\\/schema\\\/person\\\/c115ec46e78902eb5e93b5ca0b96bd2d\"},\"headline\":\"Actividades en el D\u00eda Mundial de la Diversidad Cultural\",\"datePublished\":\"2022-05-18T12:53:51+00:00\",\"dateModified\":\"2024-07-09T11:33:46+00:00\",\"mainEntityOfPage\":{\"@id\":\"https:\\\/\\\/unetxea.org\\\/en\\\/actividades-en-el-dia-mundial-de-la-diversidad-cultural\\\/\"},\"wordCount\":527,\"publisher\":{\"@id\":\"https:\\\/\\\/unetxea.org\\\/#organization\"},\"image\":{\"@id\":\"https:\\\/\\\/unetxea.org\\\/en\\\/actividades-en-el-dia-mundial-de-la-diversidad-cultural\\\/#primaryimage\"},\"thumbnailUrl\":\"https:\\\/\\\/unetxea.org\\\/wp-content\\\/uploads\\\/2022\\\/05\\\/21mayo2022.jpg\",\"articleSection\":[\"2030 agenda\",\"Culture\"],\"inLanguage\":\"en-US\"},{\"@type\":\"WebPage\",\"@id\":\"https:\\\/\\\/unetxea.org\\\/en\\\/actividades-en-el-dia-mundial-de-la-diversidad-cultural\\\/\",\"url\":\"https:\\\/\\\/unetxea.org\\\/en\\\/actividades-en-el-dia-mundial-de-la-diversidad-cultural\\\/\",\"name\":\"Actividades en el D\u00eda Mundial de la Diversidad Cultural - UN ETXEA\",\"isPartOf\":{\"@id\":\"https:\\\/\\\/unetxea.org\\\/#website\"},\"primaryImageOfPage\":{\"@id\":\"https:\\\/\\\/unetxea.org\\\/en\\\/actividades-en-el-dia-mundial-de-la-diversidad-cultural\\\/#primaryimage\"},\"image\":{\"@id\":\"https:\\\/\\\/unetxea.org\\\/en\\\/actividades-en-el-dia-mundial-de-la-diversidad-cultural\\\/#primaryimage\"},\"thumbnailUrl\":\"https:\\\/\\\/unetxea.org\\\/wp-content\\\/uploads\\\/2022\\\/05\\\/21mayo2022.jpg\",\"datePublished\":\"2022-05-18T12:53:51+00:00\",\"dateModified\":\"2024-07-09T11:33:46+00:00\",\"breadcrumb\":{\"@id\":\"https:\\\/\\\/unetxea.org\\\/en\\\/actividades-en-el-dia-mundial-de-la-diversidad-cultural\\\/#breadcrumb\"},\"inLanguage\":\"en-US\",\"potentialAction\":[{\"@type\":\"ReadAction\",\"target\":[\"https:\\\/\\\/unetxea.org\\\/en\\\/actividades-en-el-dia-mundial-de-la-diversidad-cultural\\\/\"]}]},{\"@type\":\"ImageObject\",\"inLanguage\":\"en-US\",\"@id\":\"https:\\\/\\\/unetxea.org\\\/en\\\/actividades-en-el-dia-mundial-de-la-diversidad-cultural\\\/#primaryimage\",\"url\":\"https:\\\/\\\/unetxea.org\\\/wp-content\\\/uploads\\\/2022\\\/05\\\/21mayo2022.jpg\",\"contentUrl\":\"https:\\\/\\\/unetxea.org\\\/wp-content\\\/uploads\\\/2022\\\/05\\\/21mayo2022.jpg\",\"width\":1000,\"height\":563},{\"@type\":\"BreadcrumbList\",\"@id\":\"https:\\\/\\\/unetxea.org\\\/en\\\/actividades-en-el-dia-mundial-de-la-diversidad-cultural\\\/#breadcrumb\",\"itemListElement\":[{\"@type\":\"ListItem\",\"position\":1,\"name\":\"Portada\",\"item\":\"https:\\\/\\\/unetxea.org\\\/en\\\/\"},{\"@type\":\"ListItem\",\"position\":2,\"name\":\"Actividades en el D\u00eda Mundial de la Diversidad Cultural\"}]},{\"@type\":\"WebSite\",\"@id\":\"https:\\\/\\\/unetxea.org\\\/#website\",\"url\":\"https:\\\/\\\/unetxea.org\\\/\",\"name\":\"UN ETXEA\",\"description\":\"Asociaci\u00f3n del Pa\u00eds Vasco para la UNESCO\",\"publisher\":{\"@id\":\"https:\\\/\\\/unetxea.org\\\/#organization\"},\"potentialAction\":[{\"@type\":\"SearchAction\",\"target\":{\"@type\":\"EntryPoint\",\"urlTemplate\":\"https:\\\/\\\/unetxea.org\\\/?s={search_term_string}\"},\"query-input\":{\"@type\":\"PropertyValueSpecification\",\"valueRequired\":true,\"valueName\":\"search_term_string\"}}],\"inLanguage\":\"en-US\"},{\"@type\":\"Organization\",\"@id\":\"https:\\\/\\\/unetxea.org\\\/#organization\",\"name\":\"UN ETXEA\",\"url\":\"https:\\\/\\\/unetxea.org\\\/\",\"logo\":{\"@type\":\"ImageObject\",\"inLanguage\":\"en-US\",\"@id\":\"https:\\\/\\\/unetxea.org\\\/#\\\/schema\\\/logo\\\/image\\\/\",\"url\":\"https:\\\/\\\/unetxea.org\\\/wp-content\\\/uploads\\\/2025\\\/01\\\/logo-unetxea500.jpg\",\"contentUrl\":\"https:\\\/\\\/unetxea.org\\\/wp-content\\\/uploads\\\/2025\\\/01\\\/logo-unetxea500.jpg\",\"width\":500,\"height\":484,\"caption\":\"UN ETXEA\"},\"image\":{\"@id\":\"https:\\\/\\\/unetxea.org\\\/#\\\/schema\\\/logo\\\/image\\\/\"},\"sameAs\":[\"https:\\\/\\\/www.facebook.com\\\/UNetxea\\\/\",\"https:\\\/\\\/x.com\\\/UNetxea\",\"https:\\\/\\\/www.youtube.com\\\/@UNetxea\"]},{\"@type\":\"Person\",\"@id\":\"https:\\\/\\\/unetxea.org\\\/#\\\/schema\\\/person\\\/c115ec46e78902eb5e93b5ca0b96bd2d\",\"name\":\"UN Etxea\",\"image\":{\"@type\":\"ImageObject\",\"inLanguage\":\"en-US\",\"@id\":\"https:\\\/\\\/secure.gravatar.com\\\/avatar\\\/67b8d0f0ae884d096f535d6fbbb63507af5ec28b6be2d9db993a2e99f2855e18?s=96&d=mm&r=g\",\"url\":\"https:\\\/\\\/secure.gravatar.com\\\/avatar\\\/67b8d0f0ae884d096f535d6fbbb63507af5ec28b6be2d9db993a2e99f2855e18?s=96&d=mm&r=g\",\"contentUrl\":\"https:\\\/\\\/secure.gravatar.com\\\/avatar\\\/67b8d0f0ae884d096f535d6fbbb63507af5ec28b6be2d9db993a2e99f2855e18?s=96&d=mm&r=g\",\"caption\":\"UN Etxea\"},\"url\":\"https:\\\/\\\/unetxea.org\\\/en\\\/author\\\/nagusitxea\\\/\"}]}<\/script>\n<!-- \/ Yoast SEO plugin. -->","yoast_head_json":{"title":"Actividades en el D\u00eda Mundial de la Diversidad Cultural - UN ETXEA","robots":{"index":"index","follow":"follow","max-snippet":"max-snippet:-1","max-image-preview":"max-image-preview:large","max-video-preview":"max-video-preview:-1"},"canonical":"https:\/\/unetxea.org\/en\/actividades-en-el-dia-mundial-de-la-diversidad-cultural\/","og_locale":"en_US","og_type":"article","og_title":"Actividades en el D\u00eda Mundial de la Diversidad Cultural - UN ETXEA","og_description":"El s\u00e1bado 21 de mayo celebramos junto con el Ayuntamiento de Bilbao el D\u00eda Mundial de la Diversidad Cultural para el Di\u00e1logo y Desarrollo con una campa\u00f1a que contempla diferentes [&hellip;]","og_url":"https:\/\/unetxea.org\/en\/actividades-en-el-dia-mundial-de-la-diversidad-cultural\/","og_site_name":"UN ETXEA","article_publisher":"https:\/\/www.facebook.com\/UNetxea\/","article_published_time":"2022-05-18T12:53:51+00:00","article_modified_time":"2024-07-09T11:33:46+00:00","og_image":[{"width":1000,"height":563,"url":"https:\/\/unetxea.org\/wp-content\/uploads\/2022\/05\/21mayo2022.jpg","type":"image\/jpeg"}],"author":"UN Etxea","twitter_card":"summary_large_image","twitter_creator":"@UNetxea","twitter_site":"@UNetxea","twitter_misc":{"Written by":"UN Etxea","Est. reading time":"3 minutes"},"schema":{"@context":"https:\/\/schema.org","@graph":[{"@type":"Article","@id":"https:\/\/unetxea.org\/en\/actividades-en-el-dia-mundial-de-la-diversidad-cultural\/#article","isPartOf":{"@id":"https:\/\/unetxea.org\/en\/actividades-en-el-dia-mundial-de-la-diversidad-cultural\/"},"author":{"name":"UN Etxea","@id":"https:\/\/unetxea.org\/#\/schema\/person\/c115ec46e78902eb5e93b5ca0b96bd2d"},"headline":"Actividades en el D\u00eda Mundial de la Diversidad Cultural","datePublished":"2022-05-18T12:53:51+00:00","dateModified":"2024-07-09T11:33:46+00:00","mainEntityOfPage":{"@id":"https:\/\/unetxea.org\/en\/actividades-en-el-dia-mundial-de-la-diversidad-cultural\/"},"wordCount":527,"publisher":{"@id":"https:\/\/unetxea.org\/#organization"},"image":{"@id":"https:\/\/unetxea.org\/en\/actividades-en-el-dia-mundial-de-la-diversidad-cultural\/#primaryimage"},"thumbnailUrl":"https:\/\/unetxea.org\/wp-content\/uploads\/2022\/05\/21mayo2022.jpg","articleSection":["2030 agenda","Culture"],"inLanguage":"en-US"},{"@type":"WebPage","@id":"https:\/\/unetxea.org\/en\/actividades-en-el-dia-mundial-de-la-diversidad-cultural\/","url":"https:\/\/unetxea.org\/en\/actividades-en-el-dia-mundial-de-la-diversidad-cultural\/","name":"Actividades en el D\u00eda Mundial de la Diversidad Cultural - UN ETXEA","isPartOf":{"@id":"https:\/\/unetxea.org\/#website"},"primaryImageOfPage":{"@id":"https:\/\/unetxea.org\/en\/actividades-en-el-dia-mundial-de-la-diversidad-cultural\/#primaryimage"},"image":{"@id":"https:\/\/unetxea.org\/en\/actividades-en-el-dia-mundial-de-la-diversidad-cultural\/#primaryimage"},"thumbnailUrl":"https:\/\/unetxea.org\/wp-content\/uploads\/2022\/05\/21mayo2022.jpg","datePublished":"2022-05-18T12:53:51+00:00","dateModified":"2024-07-09T11:33:46+00:00","breadcrumb":{"@id":"https:\/\/unetxea.org\/en\/actividades-en-el-dia-mundial-de-la-diversidad-cultural\/#breadcrumb"},"inLanguage":"en-US","potentialAction":[{"@type":"ReadAction","target":["https:\/\/unetxea.org\/en\/actividades-en-el-dia-mundial-de-la-diversidad-cultural\/"]}]},{"@type":"ImageObject","inLanguage":"en-US","@id":"https:\/\/unetxea.org\/en\/actividades-en-el-dia-mundial-de-la-diversidad-cultural\/#primaryimage","url":"https:\/\/unetxea.org\/wp-content\/uploads\/2022\/05\/21mayo2022.jpg","contentUrl":"https:\/\/unetxea.org\/wp-content\/uploads\/2022\/05\/21mayo2022.jpg","width":1000,"height":563},{"@type":"BreadcrumbList","@id":"https:\/\/unetxea.org\/en\/actividades-en-el-dia-mundial-de-la-diversidad-cultural\/#breadcrumb","itemListElement":[{"@type":"ListItem","position":1,"name":"Portada","item":"https:\/\/unetxea.org\/en\/"},{"@type":"ListItem","position":2,"name":"Actividades en el D\u00eda Mundial de la Diversidad Cultural"}]},{"@type":"WebSite","@id":"https:\/\/unetxea.org\/#website","url":"https:\/\/unetxea.org\/","name":"UN ETXEA","description":"Asociaci\u00f3n del Pa\u00eds Vasco para la UNESCO","publisher":{"@id":"https:\/\/unetxea.org\/#organization"},"potentialAction":[{"@type":"SearchAction","target":{"@type":"EntryPoint","urlTemplate":"https:\/\/unetxea.org\/?s={search_term_string}"},"query-input":{"@type":"PropertyValueSpecification","valueRequired":true,"valueName":"search_term_string"}}],"inLanguage":"en-US"},{"@type":"Organization","@id":"https:\/\/unetxea.org\/#organization","name":"UN ETXEA","url":"https:\/\/unetxea.org\/","logo":{"@type":"ImageObject","inLanguage":"en-US","@id":"https:\/\/unetxea.org\/#\/schema\/logo\/image\/","url":"https:\/\/unetxea.org\/wp-content\/uploads\/2025\/01\/logo-unetxea500.jpg","contentUrl":"https:\/\/unetxea.org\/wp-content\/uploads\/2025\/01\/logo-unetxea500.jpg","width":500,"height":484,"caption":"UN ETXEA"},"image":{"@id":"https:\/\/unetxea.org\/#\/schema\/logo\/image\/"},"sameAs":["https:\/\/www.facebook.com\/UNetxea\/","https:\/\/x.com\/UNetxea","https:\/\/www.youtube.com\/@UNetxea"]},{"@type":"Person","@id":"https:\/\/unetxea.org\/#\/schema\/person\/c115ec46e78902eb5e93b5ca0b96bd2d","name":"UN Etxea","image":{"@type":"ImageObject","inLanguage":"en-US","@id":"https:\/\/secure.gravatar.com\/avatar\/67b8d0f0ae884d096f535d6fbbb63507af5ec28b6be2d9db993a2e99f2855e18?s=96&d=mm&r=g","url":"https:\/\/secure.gravatar.com\/avatar\/67b8d0f0ae884d096f535d6fbbb63507af5ec28b6be2d9db993a2e99f2855e18?s=96&d=mm&r=g","contentUrl":"https:\/\/secure.gravatar.com\/avatar\/67b8d0f0ae884d096f535d6fbbb63507af5ec28b6be2d9db993a2e99f2855e18?s=96&d=mm&r=g","caption":"UN Etxea"},"url":"https:\/\/unetxea.org\/en\/author\/nagusitxea\/"}]}},"_links":{"self":[{"href":"https:\/\/unetxea.org\/en\/wp-json\/wp\/v2\/posts\/6146","targetHints":{"allow":["GET"]}}],"collection":[{"href":"https:\/\/unetxea.org\/en\/wp-json\/wp\/v2\/posts"}],"about":[{"href":"https:\/\/unetxea.org\/en\/wp-json\/wp\/v2\/types\/post"}],"author":[{"embeddable":true,"href":"https:\/\/unetxea.org\/en\/wp-json\/wp\/v2\/users\/2"}],"replies":[{"embeddable":true,"href":"https:\/\/unetxea.org\/en\/wp-json\/wp\/v2\/comments?post=6146"}],"version-history":[{"count":1,"href":"https:\/\/unetxea.org\/en\/wp-json\/wp\/v2\/posts\/6146\/revisions"}],"predecessor-version":[{"id":9404,"href":"https:\/\/unetxea.org\/en\/wp-json\/wp\/v2\/posts\/6146\/revisions\/9404"}],"wp:featuredmedia":[{"embeddable":true,"href":"https:\/\/unetxea.org\/en\/wp-json\/wp\/v2\/media\/6141"}],"wp:attachment":[{"href":"https:\/\/unetxea.org\/en\/wp-json\/wp\/v2\/media?parent=6146"}],"wp:term":[{"taxonomy":"category","embeddable":true,"href":"https:\/\/unetxea.org\/en\/wp-json\/wp\/v2\/categories?post=6146"},{"taxonomy":"post_tag","embeddable":true,"href":"https:\/\/unetxea.org\/en\/wp-json\/wp\/v2\/tags?post=6146"}],"curies":[{"name":"wp","href":"https:\/\/api.w.org\/{rel}","templated":true}]}}