{"id":6265,"date":"2022-07-07T11:16:20","date_gmt":"2022-07-07T09:16:20","guid":{"rendered":"https:\/\/unetxea.org\/el-impacto-de-la-cultura-en-los-ods\/"},"modified":"2024-07-09T13:33:40","modified_gmt":"2024-07-09T11:33:40","slug":"el-impacto-de-la-cultura-en-los-ods","status":"publish","type":"post","link":"https:\/\/unetxea.org\/en\/el-impacto-de-la-cultura-en-los-ods\/","title":{"rendered":"El impacto de la cultura en los ODS"},"content":{"rendered":"\n<p>El pasado 16 de junio UNESCO Etxea, a trav\u00e9s de su Responsable de Cultura para la Transformaci\u00f3n Social, Bego\u00f1a Guzm\u00e1n, particip\u00f3 en el&nbsp;taller online multiactor \u201cEl impacto de la cultura en el logro de los Objetivos de Desarrollo Sostenible\u201d, un encuentro organizado por la Secretar\u00eda de Estado para la Agenda 2030 del Ministerio de Derechos Sociales y Agenda 2030 y <a href=\"https:\/\/reds-sdsn.es\/\" target=\"_blank\" rel=\"noreferrer noopener\">REDS<\/a>.&nbsp;El encuentro tuvo como objetivo recabar las opiniones de m\u00e1s de una veintena de expertos del estado espa\u00f1ol en torno, fundamentalmente, a dos cuestiones:<\/p>\n\n\n\n<ul class=\"wp-block-list\"><li>Encontrar formas de visibilizar el impacto de la cultura en el avance de los ODS.<\/li><li>Identificar las herramientas, barreras o retos que existen para hacer visibles esas sinergias en los informes voluntarios que se presentan cada dos a\u00f1os ante la Organizaci\u00f3n de las Naciones Unidas. &nbsp;<\/li><\/ul>\n\n\n\n<p>Leire Paj\u00edn&nbsp;presidenta de REDS y Enrique Santiago, Secretario de Estado para la Agenda 2030 abrieron el taller, que tambi\u00e9n cont\u00f3 con una exposici\u00f3n de Alfons Martinell, experto en Cultura y Desarrollo Sostenible.<\/p>\n\n\n\n<p>El taller cont\u00f3 con la participaci\u00f3n de profesionales de la cultura de la administraci\u00f3n p\u00fablica, sector privado y tercer sector quienes dialogaron acerca de la transversalidad de la cultura en los ODS y c\u00f3mo reforzar la presencia de los aportes del sector cultural en la cuenta de resultados de la Agenda 2030.<\/p>\n\n\n\n<p>Algunas de las conclusiones apuntaban a la necesidad de crear y desarrollar un sistema de indicadores de desarrollo sostenible en el sector cultural, al que los actores culturales puedan acceder f\u00e1cilmente y cuyos resultados sean incluidos en los informes voluntarios de progreso de implementaci\u00f3n de la Agenda 2030. Asimismo, se apunt\u00f3 a la necesidad de una mayor formaci\u00f3n y capacitaci\u00f3n en las tem\u00e1ticas del desarrollo sostenible para los agentes culturales. <\/p>\n\n\n\n<p>Las principales ideas del taller han sido recogidas en el siguiente documento resumen: <a rel=\"noreferrer noopener\" href=\"https:\/\/culturasostenible.org\/wp\/wp-content\/uploads\/2022\/06\/Resumen-taller-multiactor-16-de-junio.pdf\" target=\"_blank\">El impacto de la cultura en los Objetivos de Desarrollo Sostenible.<\/a><\/p>\n","protected":false},"excerpt":{"rendered":"<p>El pasado 16 de junio UNESCO Etxea, a trav\u00e9s de su Responsable de Cultura para la Transformaci\u00f3n Social, Bego\u00f1a Guzm\u00e1n, particip\u00f3 en el&nbsp;taller online multiactor \u201cEl impacto de la cultura [&hellip;]<\/p>\n","protected":false},"author":2,"featured_media":6262,"comment_status":"closed","ping_status":"closed","sticky":false,"template":"","format":"standard","meta":{"footnotes":""},"categories":[73,150],"tags":[],"class_list":["post-6265","post","type-post","status-publish","format-standard","has-post-thumbnail","hentry","category-2030-agenda","category-culture"],"yoast_head":"<!-- This site is optimized with the Yoast SEO plugin v27.5 - https:\/\/yoast.com\/product\/yoast-seo-wordpress\/ -->\n<title>El impacto de la cultura en los ODS - UN ETXEA<\/title>\n<meta name=\"robots\" content=\"index, follow, max-snippet:-1, max-image-preview:large, max-video-preview:-1\" \/>\n<link rel=\"canonical\" href=\"https:\/\/unetxea.org\/en\/el-impacto-de-la-cultura-en-los-ods\/\" \/>\n<meta property=\"og:locale\" content=\"en_US\" \/>\n<meta property=\"og:type\" content=\"article\" \/>\n<meta property=\"og:title\" content=\"El impacto de la cultura en los ODS - UN ETXEA\" \/>\n<meta property=\"og:description\" content=\"El pasado 16 de junio UNESCO Etxea, a trav\u00e9s de su Responsable de Cultura para la Transformaci\u00f3n Social, Bego\u00f1a Guzm\u00e1n, particip\u00f3 en el&nbsp;taller online multiactor \u201cEl impacto de la cultura [&hellip;]\" \/>\n<meta property=\"og:url\" content=\"https:\/\/unetxea.org\/en\/el-impacto-de-la-cultura-en-los-ods\/\" \/>\n<meta property=\"og:site_name\" content=\"UN ETXEA\" \/>\n<meta property=\"article:publisher\" content=\"https:\/\/www.facebook.com\/UNetxea\/\" \/>\n<meta property=\"article:published_time\" content=\"2022-07-07T09:16:20+00:00\" \/>\n<meta property=\"article:modified_time\" content=\"2024-07-09T11:33:40+00:00\" \/>\n<meta property=\"og:image\" content=\"https:\/\/unetxea.org\/wp-content\/uploads\/2022\/07\/cultura-ODS2022.jpg\" \/>\n\t<meta property=\"og:image:width\" content=\"934\" \/>\n\t<meta property=\"og:image:height\" content=\"517\" \/>\n\t<meta property=\"og:image:type\" content=\"image\/jpeg\" \/>\n<meta name=\"author\" content=\"UN Etxea\" \/>\n<meta name=\"twitter:card\" content=\"summary_large_image\" \/>\n<meta name=\"twitter:creator\" content=\"@UNetxea\" \/>\n<meta name=\"twitter:site\" content=\"@UNetxea\" \/>\n<meta name=\"twitter:label1\" content=\"Written by\" \/>\n\t<meta name=\"twitter:data1\" content=\"UN Etxea\" \/>\n\t<meta name=\"twitter:label2\" content=\"Est. reading time\" \/>\n\t<meta name=\"twitter:data2\" content=\"2 minutes\" \/>\n<script type=\"application\/ld+json\" class=\"yoast-schema-graph\">{\"@context\":\"https:\\\/\\\/schema.org\",\"@graph\":[{\"@type\":\"Article\",\"@id\":\"https:\\\/\\\/unetxea.org\\\/en\\\/el-impacto-de-la-cultura-en-los-ods\\\/#article\",\"isPartOf\":{\"@id\":\"https:\\\/\\\/unetxea.org\\\/en\\\/el-impacto-de-la-cultura-en-los-ods\\\/\"},\"author\":{\"name\":\"UN Etxea\",\"@id\":\"https:\\\/\\\/unetxea.org\\\/#\\\/schema\\\/person\\\/c115ec46e78902eb5e93b5ca0b96bd2d\"},\"headline\":\"El impacto de la cultura en los ODS\",\"datePublished\":\"2022-07-07T09:16:20+00:00\",\"dateModified\":\"2024-07-09T11:33:40+00:00\",\"mainEntityOfPage\":{\"@id\":\"https:\\\/\\\/unetxea.org\\\/en\\\/el-impacto-de-la-cultura-en-los-ods\\\/\"},\"wordCount\":337,\"publisher\":{\"@id\":\"https:\\\/\\\/unetxea.org\\\/#organization\"},\"image\":{\"@id\":\"https:\\\/\\\/unetxea.org\\\/en\\\/el-impacto-de-la-cultura-en-los-ods\\\/#primaryimage\"},\"thumbnailUrl\":\"https:\\\/\\\/unetxea.org\\\/wp-content\\\/uploads\\\/2022\\\/07\\\/cultura-ODS2022.jpg\",\"articleSection\":[\"2030 agenda\",\"Culture\"],\"inLanguage\":\"en-US\"},{\"@type\":\"WebPage\",\"@id\":\"https:\\\/\\\/unetxea.org\\\/en\\\/el-impacto-de-la-cultura-en-los-ods\\\/\",\"url\":\"https:\\\/\\\/unetxea.org\\\/en\\\/el-impacto-de-la-cultura-en-los-ods\\\/\",\"name\":\"El impacto de la cultura en los ODS - UN ETXEA\",\"isPartOf\":{\"@id\":\"https:\\\/\\\/unetxea.org\\\/#website\"},\"primaryImageOfPage\":{\"@id\":\"https:\\\/\\\/unetxea.org\\\/en\\\/el-impacto-de-la-cultura-en-los-ods\\\/#primaryimage\"},\"image\":{\"@id\":\"https:\\\/\\\/unetxea.org\\\/en\\\/el-impacto-de-la-cultura-en-los-ods\\\/#primaryimage\"},\"thumbnailUrl\":\"https:\\\/\\\/unetxea.org\\\/wp-content\\\/uploads\\\/2022\\\/07\\\/cultura-ODS2022.jpg\",\"datePublished\":\"2022-07-07T09:16:20+00:00\",\"dateModified\":\"2024-07-09T11:33:40+00:00\",\"breadcrumb\":{\"@id\":\"https:\\\/\\\/unetxea.org\\\/en\\\/el-impacto-de-la-cultura-en-los-ods\\\/#breadcrumb\"},\"inLanguage\":\"en-US\",\"potentialAction\":[{\"@type\":\"ReadAction\",\"target\":[\"https:\\\/\\\/unetxea.org\\\/en\\\/el-impacto-de-la-cultura-en-los-ods\\\/\"]}]},{\"@type\":\"ImageObject\",\"inLanguage\":\"en-US\",\"@id\":\"https:\\\/\\\/unetxea.org\\\/en\\\/el-impacto-de-la-cultura-en-los-ods\\\/#primaryimage\",\"url\":\"https:\\\/\\\/unetxea.org\\\/wp-content\\\/uploads\\\/2022\\\/07\\\/cultura-ODS2022.jpg\",\"contentUrl\":\"https:\\\/\\\/unetxea.org\\\/wp-content\\\/uploads\\\/2022\\\/07\\\/cultura-ODS2022.jpg\",\"width\":934,\"height\":517},{\"@type\":\"BreadcrumbList\",\"@id\":\"https:\\\/\\\/unetxea.org\\\/en\\\/el-impacto-de-la-cultura-en-los-ods\\\/#breadcrumb\",\"itemListElement\":[{\"@type\":\"ListItem\",\"position\":1,\"name\":\"Portada\",\"item\":\"https:\\\/\\\/unetxea.org\\\/en\\\/\"},{\"@type\":\"ListItem\",\"position\":2,\"name\":\"El impacto de la cultura en los ODS\"}]},{\"@type\":\"WebSite\",\"@id\":\"https:\\\/\\\/unetxea.org\\\/#website\",\"url\":\"https:\\\/\\\/unetxea.org\\\/\",\"name\":\"UN ETXEA\",\"description\":\"Asociaci\u00f3n del Pa\u00eds Vasco para la UNESCO\",\"publisher\":{\"@id\":\"https:\\\/\\\/unetxea.org\\\/#organization\"},\"potentialAction\":[{\"@type\":\"SearchAction\",\"target\":{\"@type\":\"EntryPoint\",\"urlTemplate\":\"https:\\\/\\\/unetxea.org\\\/?s={search_term_string}\"},\"query-input\":{\"@type\":\"PropertyValueSpecification\",\"valueRequired\":true,\"valueName\":\"search_term_string\"}}],\"inLanguage\":\"en-US\"},{\"@type\":\"Organization\",\"@id\":\"https:\\\/\\\/unetxea.org\\\/#organization\",\"name\":\"UN ETXEA\",\"url\":\"https:\\\/\\\/unetxea.org\\\/\",\"logo\":{\"@type\":\"ImageObject\",\"inLanguage\":\"en-US\",\"@id\":\"https:\\\/\\\/unetxea.org\\\/#\\\/schema\\\/logo\\\/image\\\/\",\"url\":\"https:\\\/\\\/unetxea.org\\\/wp-content\\\/uploads\\\/2025\\\/01\\\/logo-unetxea500.jpg\",\"contentUrl\":\"https:\\\/\\\/unetxea.org\\\/wp-content\\\/uploads\\\/2025\\\/01\\\/logo-unetxea500.jpg\",\"width\":500,\"height\":484,\"caption\":\"UN ETXEA\"},\"image\":{\"@id\":\"https:\\\/\\\/unetxea.org\\\/#\\\/schema\\\/logo\\\/image\\\/\"},\"sameAs\":[\"https:\\\/\\\/www.facebook.com\\\/UNetxea\\\/\",\"https:\\\/\\\/x.com\\\/UNetxea\",\"https:\\\/\\\/www.youtube.com\\\/@UNetxea\"]},{\"@type\":\"Person\",\"@id\":\"https:\\\/\\\/unetxea.org\\\/#\\\/schema\\\/person\\\/c115ec46e78902eb5e93b5ca0b96bd2d\",\"name\":\"UN Etxea\",\"image\":{\"@type\":\"ImageObject\",\"inLanguage\":\"en-US\",\"@id\":\"https:\\\/\\\/secure.gravatar.com\\\/avatar\\\/67b8d0f0ae884d096f535d6fbbb63507af5ec28b6be2d9db993a2e99f2855e18?s=96&d=mm&r=g\",\"url\":\"https:\\\/\\\/secure.gravatar.com\\\/avatar\\\/67b8d0f0ae884d096f535d6fbbb63507af5ec28b6be2d9db993a2e99f2855e18?s=96&d=mm&r=g\",\"contentUrl\":\"https:\\\/\\\/secure.gravatar.com\\\/avatar\\\/67b8d0f0ae884d096f535d6fbbb63507af5ec28b6be2d9db993a2e99f2855e18?s=96&d=mm&r=g\",\"caption\":\"UN Etxea\"},\"url\":\"https:\\\/\\\/unetxea.org\\\/en\\\/author\\\/nagusitxea\\\/\"}]}<\/script>\n<!-- \/ Yoast SEO plugin. -->","yoast_head_json":{"title":"El impacto de la cultura en los ODS - UN ETXEA","robots":{"index":"index","follow":"follow","max-snippet":"max-snippet:-1","max-image-preview":"max-image-preview:large","max-video-preview":"max-video-preview:-1"},"canonical":"https:\/\/unetxea.org\/en\/el-impacto-de-la-cultura-en-los-ods\/","og_locale":"en_US","og_type":"article","og_title":"El impacto de la cultura en los ODS - UN ETXEA","og_description":"El pasado 16 de junio UNESCO Etxea, a trav\u00e9s de su Responsable de Cultura para la Transformaci\u00f3n Social, Bego\u00f1a Guzm\u00e1n, particip\u00f3 en el&nbsp;taller online multiactor \u201cEl impacto de la cultura [&hellip;]","og_url":"https:\/\/unetxea.org\/en\/el-impacto-de-la-cultura-en-los-ods\/","og_site_name":"UN ETXEA","article_publisher":"https:\/\/www.facebook.com\/UNetxea\/","article_published_time":"2022-07-07T09:16:20+00:00","article_modified_time":"2024-07-09T11:33:40+00:00","og_image":[{"width":934,"height":517,"url":"https:\/\/unetxea.org\/wp-content\/uploads\/2022\/07\/cultura-ODS2022.jpg","type":"image\/jpeg"}],"author":"UN Etxea","twitter_card":"summary_large_image","twitter_creator":"@UNetxea","twitter_site":"@UNetxea","twitter_misc":{"Written by":"UN Etxea","Est. reading time":"2 minutes"},"schema":{"@context":"https:\/\/schema.org","@graph":[{"@type":"Article","@id":"https:\/\/unetxea.org\/en\/el-impacto-de-la-cultura-en-los-ods\/#article","isPartOf":{"@id":"https:\/\/unetxea.org\/en\/el-impacto-de-la-cultura-en-los-ods\/"},"author":{"name":"UN Etxea","@id":"https:\/\/unetxea.org\/#\/schema\/person\/c115ec46e78902eb5e93b5ca0b96bd2d"},"headline":"El impacto de la cultura en los ODS","datePublished":"2022-07-07T09:16:20+00:00","dateModified":"2024-07-09T11:33:40+00:00","mainEntityOfPage":{"@id":"https:\/\/unetxea.org\/en\/el-impacto-de-la-cultura-en-los-ods\/"},"wordCount":337,"publisher":{"@id":"https:\/\/unetxea.org\/#organization"},"image":{"@id":"https:\/\/unetxea.org\/en\/el-impacto-de-la-cultura-en-los-ods\/#primaryimage"},"thumbnailUrl":"https:\/\/unetxea.org\/wp-content\/uploads\/2022\/07\/cultura-ODS2022.jpg","articleSection":["2030 agenda","Culture"],"inLanguage":"en-US"},{"@type":"WebPage","@id":"https:\/\/unetxea.org\/en\/el-impacto-de-la-cultura-en-los-ods\/","url":"https:\/\/unetxea.org\/en\/el-impacto-de-la-cultura-en-los-ods\/","name":"El impacto de la cultura en los ODS - UN ETXEA","isPartOf":{"@id":"https:\/\/unetxea.org\/#website"},"primaryImageOfPage":{"@id":"https:\/\/unetxea.org\/en\/el-impacto-de-la-cultura-en-los-ods\/#primaryimage"},"image":{"@id":"https:\/\/unetxea.org\/en\/el-impacto-de-la-cultura-en-los-ods\/#primaryimage"},"thumbnailUrl":"https:\/\/unetxea.org\/wp-content\/uploads\/2022\/07\/cultura-ODS2022.jpg","datePublished":"2022-07-07T09:16:20+00:00","dateModified":"2024-07-09T11:33:40+00:00","breadcrumb":{"@id":"https:\/\/unetxea.org\/en\/el-impacto-de-la-cultura-en-los-ods\/#breadcrumb"},"inLanguage":"en-US","potentialAction":[{"@type":"ReadAction","target":["https:\/\/unetxea.org\/en\/el-impacto-de-la-cultura-en-los-ods\/"]}]},{"@type":"ImageObject","inLanguage":"en-US","@id":"https:\/\/unetxea.org\/en\/el-impacto-de-la-cultura-en-los-ods\/#primaryimage","url":"https:\/\/unetxea.org\/wp-content\/uploads\/2022\/07\/cultura-ODS2022.jpg","contentUrl":"https:\/\/unetxea.org\/wp-content\/uploads\/2022\/07\/cultura-ODS2022.jpg","width":934,"height":517},{"@type":"BreadcrumbList","@id":"https:\/\/unetxea.org\/en\/el-impacto-de-la-cultura-en-los-ods\/#breadcrumb","itemListElement":[{"@type":"ListItem","position":1,"name":"Portada","item":"https:\/\/unetxea.org\/en\/"},{"@type":"ListItem","position":2,"name":"El impacto de la cultura en los ODS"}]},{"@type":"WebSite","@id":"https:\/\/unetxea.org\/#website","url":"https:\/\/unetxea.org\/","name":"UN ETXEA","description":"Asociaci\u00f3n del Pa\u00eds Vasco para la UNESCO","publisher":{"@id":"https:\/\/unetxea.org\/#organization"},"potentialAction":[{"@type":"SearchAction","target":{"@type":"EntryPoint","urlTemplate":"https:\/\/unetxea.org\/?s={search_term_string}"},"query-input":{"@type":"PropertyValueSpecification","valueRequired":true,"valueName":"search_term_string"}}],"inLanguage":"en-US"},{"@type":"Organization","@id":"https:\/\/unetxea.org\/#organization","name":"UN ETXEA","url":"https:\/\/unetxea.org\/","logo":{"@type":"ImageObject","inLanguage":"en-US","@id":"https:\/\/unetxea.org\/#\/schema\/logo\/image\/","url":"https:\/\/unetxea.org\/wp-content\/uploads\/2025\/01\/logo-unetxea500.jpg","contentUrl":"https:\/\/unetxea.org\/wp-content\/uploads\/2025\/01\/logo-unetxea500.jpg","width":500,"height":484,"caption":"UN ETXEA"},"image":{"@id":"https:\/\/unetxea.org\/#\/schema\/logo\/image\/"},"sameAs":["https:\/\/www.facebook.com\/UNetxea\/","https:\/\/x.com\/UNetxea","https:\/\/www.youtube.com\/@UNetxea"]},{"@type":"Person","@id":"https:\/\/unetxea.org\/#\/schema\/person\/c115ec46e78902eb5e93b5ca0b96bd2d","name":"UN Etxea","image":{"@type":"ImageObject","inLanguage":"en-US","@id":"https:\/\/secure.gravatar.com\/avatar\/67b8d0f0ae884d096f535d6fbbb63507af5ec28b6be2d9db993a2e99f2855e18?s=96&d=mm&r=g","url":"https:\/\/secure.gravatar.com\/avatar\/67b8d0f0ae884d096f535d6fbbb63507af5ec28b6be2d9db993a2e99f2855e18?s=96&d=mm&r=g","contentUrl":"https:\/\/secure.gravatar.com\/avatar\/67b8d0f0ae884d096f535d6fbbb63507af5ec28b6be2d9db993a2e99f2855e18?s=96&d=mm&r=g","caption":"UN Etxea"},"url":"https:\/\/unetxea.org\/en\/author\/nagusitxea\/"}]}},"_links":{"self":[{"href":"https:\/\/unetxea.org\/en\/wp-json\/wp\/v2\/posts\/6265","targetHints":{"allow":["GET"]}}],"collection":[{"href":"https:\/\/unetxea.org\/en\/wp-json\/wp\/v2\/posts"}],"about":[{"href":"https:\/\/unetxea.org\/en\/wp-json\/wp\/v2\/types\/post"}],"author":[{"embeddable":true,"href":"https:\/\/unetxea.org\/en\/wp-json\/wp\/v2\/users\/2"}],"replies":[{"embeddable":true,"href":"https:\/\/unetxea.org\/en\/wp-json\/wp\/v2\/comments?post=6265"}],"version-history":[{"count":1,"href":"https:\/\/unetxea.org\/en\/wp-json\/wp\/v2\/posts\/6265\/revisions"}],"predecessor-version":[{"id":9393,"href":"https:\/\/unetxea.org\/en\/wp-json\/wp\/v2\/posts\/6265\/revisions\/9393"}],"wp:featuredmedia":[{"embeddable":true,"href":"https:\/\/unetxea.org\/en\/wp-json\/wp\/v2\/media\/6262"}],"wp:attachment":[{"href":"https:\/\/unetxea.org\/en\/wp-json\/wp\/v2\/media?parent=6265"}],"wp:term":[{"taxonomy":"category","embeddable":true,"href":"https:\/\/unetxea.org\/en\/wp-json\/wp\/v2\/categories?post=6265"},{"taxonomy":"post_tag","embeddable":true,"href":"https:\/\/unetxea.org\/en\/wp-json\/wp\/v2\/tags?post=6265"}],"curies":[{"name":"wp","href":"https:\/\/api.w.org\/{rel}","templated":true}]}}