{"id":6639,"date":"2022-11-17T15:10:42","date_gmt":"2022-11-17T14:10:42","guid":{"rendered":"https:\/\/unetxea.org\/?p=6639"},"modified":"2024-07-09T13:32:42","modified_gmt":"2024-07-09T11:32:42","slug":"un-etxea-en-fair-saturday-2022","status":"publish","type":"post","link":"https:\/\/unetxea.org\/en\/un-etxea-en-fair-saturday-2022\/","title":{"rendered":"UN Etxea en Fair Saturday 2022"},"content":{"rendered":"\n<p><strong><em>Os invitamos al estreno del documental REJAS, REINSERCI\u00d3N SOCIAL que tendr\u00e1 lugar el pr\u00e1ximo 26 de noviembre a las 18:00h en el Museo Guggenheim Bilbao<\/em><\/strong>. <strong><em>Entrada gratuita<\/em><\/strong>.<\/p>\n\n\n\n<div style=\"height:10px\" aria-hidden=\"true\" class=\"wp-block-spacer\"><\/div>\n\n\n\n<p>En el marco del Festival Fair Saturday 2022, y durante su jornada para el arte y la cultura con impacto social, se estrena el documental <strong>Rejas. Reinserci\u00f3n Social,<\/strong> dirigido por Mikel Unzue, ganador del premio UNESCO Etxea en la 11\u00aa edici\u00f3n de nuestro concurso <a rel=\"noreferrer noopener\" href=\"https:\/\/dame1minutode.org\/ediciones\/premiados-2020\/\" target=\"_blank\">&#8220;Dame 1 Minuto de Libertad&#8221;<\/a>.<\/p>\n\n\n\n<p>Tras el documental tendr\u00e1 lugar un coloquio con el director y disfrutaremos de las actuaciones de danzas y trikitrixa a cargo de Mungiako Udal Musika eta Dantza Eskola, del Hip Hop con Betto Snay\u00a0 y con la bertsolari Marta Goikoetxea.<\/p>\n\n\n\n<p>Esta es una actividad realizada en colaboraci\u00f3n con Fair Saturday en el marco del <a rel=\"noreferrer noopener\" target=\"_blank\" href=\"https:\/\/www.guggenheim-bilbao.eus\/actividades\/toparte\">programa TopARTE<\/a> del Museo Guggenheim Bilbao en su 25 Aniversario.<\/p>\n\n\n\n<div style=\"height:10px\" aria-hidden=\"true\" class=\"wp-block-spacer\"><\/div>\n\n\n\n<p><strong>SINOPSIS<\/strong><\/p>\n\n\n\n<p>Castigo o reinserci\u00f3n, mecanismo de miedo o lugar para ocultar a ciertos colectivos. Estigmas y miradas en la sociedad ponen l\u00edmites a lo importante. Rejas que no encontramos solo en las c\u00e1rceles.<\/p>\n\n\n\n<p>\u00bfC\u00f3mo es la realidad de las personas privadas de libertad?, \u00bfQu\u00e9 asociaciones intervienen incluso desde antes de que la persona ingrese en prisi\u00f3n?, \u00bfC\u00f3mo es el proceso de cara a la reinserci\u00f3n de estas personas en la sociedad?, \u00bfQu\u00e9 dimensiones de la persona se ven afectadas y qu\u00e9 secuelas quedan? \u00bfEs posible una realidad sin c\u00e1rceles?<\/p>\n\n\n\n<p>Testimonios reales nos acercan un poco m\u00e1s a estas personas.<\/p>\n\n\n\n<p><strong>&#8220;Educar a una persona a vivir en libertad, solo puede hacerse en un contexto de libertad&#8221;<\/strong><\/p>\n\n\n\n<div style=\"height:10px\" aria-hidden=\"true\" class=\"wp-block-spacer\"><\/div>\n\n\n\n<div style=\"height:10px\" aria-hidden=\"true\" class=\"wp-block-spacer\"><\/div>\n\n\n\n<p><strong><a rel=\"noreferrer noopener\" href=\"https:\/\/tickets.guggenheim-bilbao.eus\/es\/396-actividades\/2187-fair-saturday-proyecciones-y-coloquio\/5906341-fair-saturday-proyecciones-y-coloquio\" target=\"_blank\">Actividad gratuita. Reserva tu entrada<\/a><\/strong><\/p>\n\n\n\n<p><strong><a rel=\"noreferrer noopener\" target=\"_blank\" href=\"https:\/\/app.fairsaturday.org\/event\/es\/rejas-reinsercion-social-2022\/\">M\u00e1s informaci\u00f3n<\/a><\/strong><\/p>\n","protected":false},"excerpt":{"rendered":"<p>Os invitamos al estreno del documental REJAS, REINSERCI\u00d3N SOCIAL que tendr\u00e1 lugar el pr\u00e1ximo 26 de noviembre a las 18:00h en el Museo Guggenheim Bilbao. Entrada gratuita. En el marco [&hellip;]<\/p>\n","protected":false},"author":2,"featured_media":6636,"comment_status":"closed","ping_status":"closed","sticky":false,"template":"","format":"standard","meta":{"footnotes":""},"categories":[150,77],"tags":[],"class_list":["post-6639","post","type-post","status-publish","format-standard","has-post-thumbnail","hentry","category-culture","category-human-rights"],"yoast_head":"<!-- This site is optimized with the Yoast SEO plugin v27.5 - https:\/\/yoast.com\/product\/yoast-seo-wordpress\/ -->\n<title>UN Etxea en Fair Saturday 2022 - UN ETXEA<\/title>\n<meta name=\"robots\" content=\"index, follow, max-snippet:-1, max-image-preview:large, max-video-preview:-1\" \/>\n<link rel=\"canonical\" href=\"https:\/\/unetxea.org\/en\/un-etxea-en-fair-saturday-2022\/\" \/>\n<meta property=\"og:locale\" content=\"en_US\" \/>\n<meta property=\"og:type\" content=\"article\" \/>\n<meta property=\"og:title\" content=\"UN Etxea en Fair Saturday 2022 - UN ETXEA\" \/>\n<meta property=\"og:description\" content=\"Os invitamos al estreno del documental REJAS, REINSERCI\u00d3N SOCIAL que tendr\u00e1 lugar el pr\u00e1ximo 26 de noviembre a las 18:00h en el Museo Guggenheim Bilbao. Entrada gratuita. En el marco [&hellip;]\" \/>\n<meta property=\"og:url\" content=\"https:\/\/unetxea.org\/en\/un-etxea-en-fair-saturday-2022\/\" \/>\n<meta property=\"og:site_name\" content=\"UN ETXEA\" \/>\n<meta property=\"article:publisher\" content=\"https:\/\/www.facebook.com\/UNetxea\/\" \/>\n<meta property=\"article:published_time\" content=\"2022-11-17T14:10:42+00:00\" \/>\n<meta property=\"article:modified_time\" content=\"2024-07-09T11:32:42+00:00\" \/>\n<meta property=\"og:image\" content=\"https:\/\/unetxea.org\/wp-content\/uploads\/2022\/11\/rejas-docu-fairsaturday2022.jpg\" \/>\n\t<meta property=\"og:image:width\" content=\"1200\" \/>\n\t<meta property=\"og:image:height\" content=\"675\" \/>\n\t<meta property=\"og:image:type\" content=\"image\/jpeg\" \/>\n<meta name=\"author\" content=\"UN Etxea\" \/>\n<meta name=\"twitter:card\" content=\"summary_large_image\" \/>\n<meta name=\"twitter:creator\" content=\"@UNetxea\" \/>\n<meta name=\"twitter:site\" content=\"@UNetxea\" \/>\n<meta name=\"twitter:label1\" content=\"Written by\" \/>\n\t<meta name=\"twitter:data1\" content=\"UN Etxea\" \/>\n\t<meta name=\"twitter:label2\" content=\"Est. reading time\" \/>\n\t<meta name=\"twitter:data2\" content=\"1 minute\" \/>\n<script type=\"application\/ld+json\" class=\"yoast-schema-graph\">{\"@context\":\"https:\\\/\\\/schema.org\",\"@graph\":[{\"@type\":\"Article\",\"@id\":\"https:\\\/\\\/unetxea.org\\\/en\\\/un-etxea-en-fair-saturday-2022\\\/#article\",\"isPartOf\":{\"@id\":\"https:\\\/\\\/unetxea.org\\\/en\\\/un-etxea-en-fair-saturday-2022\\\/\"},\"author\":{\"name\":\"UN Etxea\",\"@id\":\"https:\\\/\\\/unetxea.org\\\/#\\\/schema\\\/person\\\/c115ec46e78902eb5e93b5ca0b96bd2d\"},\"headline\":\"UN Etxea en Fair Saturday 2022\",\"datePublished\":\"2022-11-17T14:10:42+00:00\",\"dateModified\":\"2024-07-09T11:32:42+00:00\",\"mainEntityOfPage\":{\"@id\":\"https:\\\/\\\/unetxea.org\\\/en\\\/un-etxea-en-fair-saturday-2022\\\/\"},\"wordCount\":278,\"publisher\":{\"@id\":\"https:\\\/\\\/unetxea.org\\\/#organization\"},\"image\":{\"@id\":\"https:\\\/\\\/unetxea.org\\\/en\\\/un-etxea-en-fair-saturday-2022\\\/#primaryimage\"},\"thumbnailUrl\":\"https:\\\/\\\/unetxea.org\\\/wp-content\\\/uploads\\\/2022\\\/11\\\/rejas-docu-fairsaturday2022.jpg\",\"articleSection\":[\"Culture\",\"Human Rights\"],\"inLanguage\":\"en-US\"},{\"@type\":\"WebPage\",\"@id\":\"https:\\\/\\\/unetxea.org\\\/en\\\/un-etxea-en-fair-saturday-2022\\\/\",\"url\":\"https:\\\/\\\/unetxea.org\\\/en\\\/un-etxea-en-fair-saturday-2022\\\/\",\"name\":\"UN Etxea en Fair Saturday 2022 - UN ETXEA\",\"isPartOf\":{\"@id\":\"https:\\\/\\\/unetxea.org\\\/#website\"},\"primaryImageOfPage\":{\"@id\":\"https:\\\/\\\/unetxea.org\\\/en\\\/un-etxea-en-fair-saturday-2022\\\/#primaryimage\"},\"image\":{\"@id\":\"https:\\\/\\\/unetxea.org\\\/en\\\/un-etxea-en-fair-saturday-2022\\\/#primaryimage\"},\"thumbnailUrl\":\"https:\\\/\\\/unetxea.org\\\/wp-content\\\/uploads\\\/2022\\\/11\\\/rejas-docu-fairsaturday2022.jpg\",\"datePublished\":\"2022-11-17T14:10:42+00:00\",\"dateModified\":\"2024-07-09T11:32:42+00:00\",\"breadcrumb\":{\"@id\":\"https:\\\/\\\/unetxea.org\\\/en\\\/un-etxea-en-fair-saturday-2022\\\/#breadcrumb\"},\"inLanguage\":\"en-US\",\"potentialAction\":[{\"@type\":\"ReadAction\",\"target\":[\"https:\\\/\\\/unetxea.org\\\/en\\\/un-etxea-en-fair-saturday-2022\\\/\"]}]},{\"@type\":\"ImageObject\",\"inLanguage\":\"en-US\",\"@id\":\"https:\\\/\\\/unetxea.org\\\/en\\\/un-etxea-en-fair-saturday-2022\\\/#primaryimage\",\"url\":\"https:\\\/\\\/unetxea.org\\\/wp-content\\\/uploads\\\/2022\\\/11\\\/rejas-docu-fairsaturday2022.jpg\",\"contentUrl\":\"https:\\\/\\\/unetxea.org\\\/wp-content\\\/uploads\\\/2022\\\/11\\\/rejas-docu-fairsaturday2022.jpg\",\"width\":1200,\"height\":675},{\"@type\":\"BreadcrumbList\",\"@id\":\"https:\\\/\\\/unetxea.org\\\/en\\\/un-etxea-en-fair-saturday-2022\\\/#breadcrumb\",\"itemListElement\":[{\"@type\":\"ListItem\",\"position\":1,\"name\":\"Portada\",\"item\":\"https:\\\/\\\/unetxea.org\\\/en\\\/\"},{\"@type\":\"ListItem\",\"position\":2,\"name\":\"UN Etxea en Fair Saturday 2022\"}]},{\"@type\":\"WebSite\",\"@id\":\"https:\\\/\\\/unetxea.org\\\/#website\",\"url\":\"https:\\\/\\\/unetxea.org\\\/\",\"name\":\"UN ETXEA\",\"description\":\"Asociaci\u00f3n del Pa\u00eds Vasco para la UNESCO\",\"publisher\":{\"@id\":\"https:\\\/\\\/unetxea.org\\\/#organization\"},\"potentialAction\":[{\"@type\":\"SearchAction\",\"target\":{\"@type\":\"EntryPoint\",\"urlTemplate\":\"https:\\\/\\\/unetxea.org\\\/?s={search_term_string}\"},\"query-input\":{\"@type\":\"PropertyValueSpecification\",\"valueRequired\":true,\"valueName\":\"search_term_string\"}}],\"inLanguage\":\"en-US\"},{\"@type\":\"Organization\",\"@id\":\"https:\\\/\\\/unetxea.org\\\/#organization\",\"name\":\"UN ETXEA\",\"url\":\"https:\\\/\\\/unetxea.org\\\/\",\"logo\":{\"@type\":\"ImageObject\",\"inLanguage\":\"en-US\",\"@id\":\"https:\\\/\\\/unetxea.org\\\/#\\\/schema\\\/logo\\\/image\\\/\",\"url\":\"https:\\\/\\\/unetxea.org\\\/wp-content\\\/uploads\\\/2025\\\/01\\\/logo-unetxea500.jpg\",\"contentUrl\":\"https:\\\/\\\/unetxea.org\\\/wp-content\\\/uploads\\\/2025\\\/01\\\/logo-unetxea500.jpg\",\"width\":500,\"height\":484,\"caption\":\"UN ETXEA\"},\"image\":{\"@id\":\"https:\\\/\\\/unetxea.org\\\/#\\\/schema\\\/logo\\\/image\\\/\"},\"sameAs\":[\"https:\\\/\\\/www.facebook.com\\\/UNetxea\\\/\",\"https:\\\/\\\/x.com\\\/UNetxea\",\"https:\\\/\\\/www.youtube.com\\\/@UNetxea\"]},{\"@type\":\"Person\",\"@id\":\"https:\\\/\\\/unetxea.org\\\/#\\\/schema\\\/person\\\/c115ec46e78902eb5e93b5ca0b96bd2d\",\"name\":\"UN Etxea\",\"image\":{\"@type\":\"ImageObject\",\"inLanguage\":\"en-US\",\"@id\":\"https:\\\/\\\/secure.gravatar.com\\\/avatar\\\/67b8d0f0ae884d096f535d6fbbb63507af5ec28b6be2d9db993a2e99f2855e18?s=96&d=mm&r=g\",\"url\":\"https:\\\/\\\/secure.gravatar.com\\\/avatar\\\/67b8d0f0ae884d096f535d6fbbb63507af5ec28b6be2d9db993a2e99f2855e18?s=96&d=mm&r=g\",\"contentUrl\":\"https:\\\/\\\/secure.gravatar.com\\\/avatar\\\/67b8d0f0ae884d096f535d6fbbb63507af5ec28b6be2d9db993a2e99f2855e18?s=96&d=mm&r=g\",\"caption\":\"UN Etxea\"},\"url\":\"https:\\\/\\\/unetxea.org\\\/en\\\/author\\\/nagusitxea\\\/\"}]}<\/script>\n<!-- \/ Yoast SEO plugin. -->","yoast_head_json":{"title":"UN Etxea en Fair Saturday 2022 - UN ETXEA","robots":{"index":"index","follow":"follow","max-snippet":"max-snippet:-1","max-image-preview":"max-image-preview:large","max-video-preview":"max-video-preview:-1"},"canonical":"https:\/\/unetxea.org\/en\/un-etxea-en-fair-saturday-2022\/","og_locale":"en_US","og_type":"article","og_title":"UN Etxea en Fair Saturday 2022 - UN ETXEA","og_description":"Os invitamos al estreno del documental REJAS, REINSERCI\u00d3N SOCIAL que tendr\u00e1 lugar el pr\u00e1ximo 26 de noviembre a las 18:00h en el Museo Guggenheim Bilbao. Entrada gratuita. En el marco [&hellip;]","og_url":"https:\/\/unetxea.org\/en\/un-etxea-en-fair-saturday-2022\/","og_site_name":"UN ETXEA","article_publisher":"https:\/\/www.facebook.com\/UNetxea\/","article_published_time":"2022-11-17T14:10:42+00:00","article_modified_time":"2024-07-09T11:32:42+00:00","og_image":[{"width":1200,"height":675,"url":"https:\/\/unetxea.org\/wp-content\/uploads\/2022\/11\/rejas-docu-fairsaturday2022.jpg","type":"image\/jpeg"}],"author":"UN Etxea","twitter_card":"summary_large_image","twitter_creator":"@UNetxea","twitter_site":"@UNetxea","twitter_misc":{"Written by":"UN Etxea","Est. reading time":"1 minute"},"schema":{"@context":"https:\/\/schema.org","@graph":[{"@type":"Article","@id":"https:\/\/unetxea.org\/en\/un-etxea-en-fair-saturday-2022\/#article","isPartOf":{"@id":"https:\/\/unetxea.org\/en\/un-etxea-en-fair-saturday-2022\/"},"author":{"name":"UN Etxea","@id":"https:\/\/unetxea.org\/#\/schema\/person\/c115ec46e78902eb5e93b5ca0b96bd2d"},"headline":"UN Etxea en Fair Saturday 2022","datePublished":"2022-11-17T14:10:42+00:00","dateModified":"2024-07-09T11:32:42+00:00","mainEntityOfPage":{"@id":"https:\/\/unetxea.org\/en\/un-etxea-en-fair-saturday-2022\/"},"wordCount":278,"publisher":{"@id":"https:\/\/unetxea.org\/#organization"},"image":{"@id":"https:\/\/unetxea.org\/en\/un-etxea-en-fair-saturday-2022\/#primaryimage"},"thumbnailUrl":"https:\/\/unetxea.org\/wp-content\/uploads\/2022\/11\/rejas-docu-fairsaturday2022.jpg","articleSection":["Culture","Human Rights"],"inLanguage":"en-US"},{"@type":"WebPage","@id":"https:\/\/unetxea.org\/en\/un-etxea-en-fair-saturday-2022\/","url":"https:\/\/unetxea.org\/en\/un-etxea-en-fair-saturday-2022\/","name":"UN Etxea en Fair Saturday 2022 - UN ETXEA","isPartOf":{"@id":"https:\/\/unetxea.org\/#website"},"primaryImageOfPage":{"@id":"https:\/\/unetxea.org\/en\/un-etxea-en-fair-saturday-2022\/#primaryimage"},"image":{"@id":"https:\/\/unetxea.org\/en\/un-etxea-en-fair-saturday-2022\/#primaryimage"},"thumbnailUrl":"https:\/\/unetxea.org\/wp-content\/uploads\/2022\/11\/rejas-docu-fairsaturday2022.jpg","datePublished":"2022-11-17T14:10:42+00:00","dateModified":"2024-07-09T11:32:42+00:00","breadcrumb":{"@id":"https:\/\/unetxea.org\/en\/un-etxea-en-fair-saturday-2022\/#breadcrumb"},"inLanguage":"en-US","potentialAction":[{"@type":"ReadAction","target":["https:\/\/unetxea.org\/en\/un-etxea-en-fair-saturday-2022\/"]}]},{"@type":"ImageObject","inLanguage":"en-US","@id":"https:\/\/unetxea.org\/en\/un-etxea-en-fair-saturday-2022\/#primaryimage","url":"https:\/\/unetxea.org\/wp-content\/uploads\/2022\/11\/rejas-docu-fairsaturday2022.jpg","contentUrl":"https:\/\/unetxea.org\/wp-content\/uploads\/2022\/11\/rejas-docu-fairsaturday2022.jpg","width":1200,"height":675},{"@type":"BreadcrumbList","@id":"https:\/\/unetxea.org\/en\/un-etxea-en-fair-saturday-2022\/#breadcrumb","itemListElement":[{"@type":"ListItem","position":1,"name":"Portada","item":"https:\/\/unetxea.org\/en\/"},{"@type":"ListItem","position":2,"name":"UN Etxea en Fair Saturday 2022"}]},{"@type":"WebSite","@id":"https:\/\/unetxea.org\/#website","url":"https:\/\/unetxea.org\/","name":"UN ETXEA","description":"Asociaci\u00f3n del Pa\u00eds Vasco para la UNESCO","publisher":{"@id":"https:\/\/unetxea.org\/#organization"},"potentialAction":[{"@type":"SearchAction","target":{"@type":"EntryPoint","urlTemplate":"https:\/\/unetxea.org\/?s={search_term_string}"},"query-input":{"@type":"PropertyValueSpecification","valueRequired":true,"valueName":"search_term_string"}}],"inLanguage":"en-US"},{"@type":"Organization","@id":"https:\/\/unetxea.org\/#organization","name":"UN ETXEA","url":"https:\/\/unetxea.org\/","logo":{"@type":"ImageObject","inLanguage":"en-US","@id":"https:\/\/unetxea.org\/#\/schema\/logo\/image\/","url":"https:\/\/unetxea.org\/wp-content\/uploads\/2025\/01\/logo-unetxea500.jpg","contentUrl":"https:\/\/unetxea.org\/wp-content\/uploads\/2025\/01\/logo-unetxea500.jpg","width":500,"height":484,"caption":"UN ETXEA"},"image":{"@id":"https:\/\/unetxea.org\/#\/schema\/logo\/image\/"},"sameAs":["https:\/\/www.facebook.com\/UNetxea\/","https:\/\/x.com\/UNetxea","https:\/\/www.youtube.com\/@UNetxea"]},{"@type":"Person","@id":"https:\/\/unetxea.org\/#\/schema\/person\/c115ec46e78902eb5e93b5ca0b96bd2d","name":"UN Etxea","image":{"@type":"ImageObject","inLanguage":"en-US","@id":"https:\/\/secure.gravatar.com\/avatar\/67b8d0f0ae884d096f535d6fbbb63507af5ec28b6be2d9db993a2e99f2855e18?s=96&d=mm&r=g","url":"https:\/\/secure.gravatar.com\/avatar\/67b8d0f0ae884d096f535d6fbbb63507af5ec28b6be2d9db993a2e99f2855e18?s=96&d=mm&r=g","contentUrl":"https:\/\/secure.gravatar.com\/avatar\/67b8d0f0ae884d096f535d6fbbb63507af5ec28b6be2d9db993a2e99f2855e18?s=96&d=mm&r=g","caption":"UN Etxea"},"url":"https:\/\/unetxea.org\/en\/author\/nagusitxea\/"}]}},"_links":{"self":[{"href":"https:\/\/unetxea.org\/en\/wp-json\/wp\/v2\/posts\/6639","targetHints":{"allow":["GET"]}}],"collection":[{"href":"https:\/\/unetxea.org\/en\/wp-json\/wp\/v2\/posts"}],"about":[{"href":"https:\/\/unetxea.org\/en\/wp-json\/wp\/v2\/types\/post"}],"author":[{"embeddable":true,"href":"https:\/\/unetxea.org\/en\/wp-json\/wp\/v2\/users\/2"}],"replies":[{"embeddable":true,"href":"https:\/\/unetxea.org\/en\/wp-json\/wp\/v2\/comments?post=6639"}],"version-history":[{"count":1,"href":"https:\/\/unetxea.org\/en\/wp-json\/wp\/v2\/posts\/6639\/revisions"}],"predecessor-version":[{"id":9343,"href":"https:\/\/unetxea.org\/en\/wp-json\/wp\/v2\/posts\/6639\/revisions\/9343"}],"wp:featuredmedia":[{"embeddable":true,"href":"https:\/\/unetxea.org\/en\/wp-json\/wp\/v2\/media\/6636"}],"wp:attachment":[{"href":"https:\/\/unetxea.org\/en\/wp-json\/wp\/v2\/media?parent=6639"}],"wp:term":[{"taxonomy":"category","embeddable":true,"href":"https:\/\/unetxea.org\/en\/wp-json\/wp\/v2\/categories?post=6639"},{"taxonomy":"post_tag","embeddable":true,"href":"https:\/\/unetxea.org\/en\/wp-json\/wp\/v2\/tags?post=6639"}],"curies":[{"name":"wp","href":"https:\/\/api.w.org\/{rel}","templated":true}]}}