{"id":7684,"date":"2023-07-21T15:33:49","date_gmt":"2023-07-21T13:33:49","guid":{"rendered":"https:\/\/unetxea.org\/la-coalicion-mundial-por-el-ambiente-sano-premio-de-derechos-humanos-de-la-onu-2023\/"},"modified":"2024-07-09T13:30:47","modified_gmt":"2024-07-09T11:30:47","slug":"la-coalicion-mundial-por-el-ambiente-sano-premio-de-derechos-humanos-de-la-onu-2023","status":"publish","type":"post","link":"https:\/\/unetxea.org\/en\/la-coalicion-mundial-por-el-ambiente-sano-premio-de-derechos-humanos-de-la-onu-2023\/","title":{"rendered":"La Coalici\u00f3n mundial por el Medio Ambiente Sano, Premio Derechos Humanos de la ONU 2023"},"content":{"rendered":"<p>La Coalici\u00f3n Mundial por el Reconocimiento Universal del Derecho Humano a un Ambiente Limpio, Sano y Sostenible, de la que forma parte UN Etxea-Asociaci\u00f3n del Pa\u00eds Vasco para la UNESCO,\u00a0 ha sido <a title=\"galardonados\" href=\"https:\/\/www.ohchr.org\/en\/about-us\/what-we-do\/un-human-rights-prize\/2023-recipients\">galardonada<\/a> con el <a title=\"\" href=\"https:\/\/www.ohchr.org\/en\/press-releases\/2023\/03\/2023-un-human-rights-prize-open-nominations\">Premio de Derechos Humanos de las Naciones Unidas<\/a> 2023. La Coalici\u00f3n es premiada por su rol esencial en abogar por el reconocimiento del derecho a un ambiente sano por parte de la Asamblea General de la ONU en 2022.<\/p>\n<p>El Premio de Derechos Humanos de la ONU se concede una vez cada cinco a\u00f1os. Este a\u00f1o es la primera vez que es conferido a una Coalici\u00f3n mundial. El premio se entregar\u00e1 en Nueva York el 10 de diciembre, fecha en la que tambi\u00e9n se celebra el 75 aniversario de la Declaraci\u00f3n Universal de los Derechos Humanos, lo que hace a\u00fan m\u00e1s especial el reconocimiento.<\/p>\n<p>Este logro fue posible gracias a esfuerzos incansables que comenzaron hace d\u00e9cadas y que dieron lugar a que miles de personas de todo el mundo unieran fuerzas para lograr un hito: el reconocimiento por parte de las Naciones Unidas del derecho humano a un ambiente limpio, sano y sostenible.<\/p>\n<p>Ante todo, el premio destaca la importancia de colaborar para avanzar en la tan necesaria protecci\u00f3n de nuestro planeta y en el ejercicio de los derechos humanos. En solitario, ninguna organizaci\u00f3n, movimiento o persona habr\u00eda sido capaz de lograr el reconocimiento universal del derecho a un ambiente sano. Una Coalici\u00f3n mundial diversa lo hizo realidad.<\/p>\n<p>Adem\u00e1s, el premio reconoce la necesidad de proteger los espacios de participaci\u00f3n para todas las personas. En un momento en que los espacios c\u00edvicos se reducen de forma preocupante y muchas personas defensoras de los derechos humanos y el ambiente son objeto de ataques en todo el mundo, el premio env\u00eda un recordatorio poderoso: Es fundamental respetar y fortalecer los espacios de participaci\u00f3n y colaboraci\u00f3n. La protecci\u00f3n de los espacios c\u00edvicos, as\u00ed como el respeto y apoyo a todas las personas defensoras de los derechos humanos, es esencial para la garant\u00eda efectiva de este derecho reconocido recientemente. Se trata de un derecho que tambi\u00e9n es un componente integral de la justicia ambiental y de la democracia, que provee adem\u00e1s una v\u00eda expedita para proteger los derechos de las generaciones futuras.<\/p>\n<p>El anuncio del galard\u00f3n llega pocos d\u00edas antes del 28 de julio, cuando se cumple un a\u00f1o del reconocimiento por parte de la Asamblea General de la ONU del derecho a un ambiente limpio, sano y sostenible. Desde entonces, millones de personas han seguido sufriendo los efectos acumulativos y acelerados de la triple crisis planetaria de p\u00e9rdida de biodiversidad, cambio clim\u00e1tico y contaminaci\u00f3n, exacerbada por las desigualdades sist\u00e9micas, que est\u00e1 agravando las violaciones continuas del derecho a un ambiente sano en todo el mundo. Este premio enfatiza, m\u00e1s que nunca, que los Estados deben hacer realidad este derecho. Es al mismo tiempo un reconocimiento y un llamado a la acci\u00f3n para que los gobiernos, las empresas, las instituciones y las personas de todo el mundo velen para que el derecho a un ambiente limpio, sano y sostenible est\u00e9 efectivamente garantizado y jur\u00eddicamente protegido de modo que pueda ser disfrutado por todas las personas.<\/p>\n<p><strong>M\u00e1s informaci\u00f3n:<\/strong><\/p>\n<p><a href=\"https:\/\/news.un.org\/es\/story\/2021\/10\/1498452\" target=\"_blank\" rel=\"noreferrer noopener\">El derecho a un medio ambiente limpio y saludable: 6 cosas que debes saber<\/a><\/p>\n<p><a href=\"http:\/\/healthyenvironmentisaright.org\/espanol\/\" target=\"_blank\" rel=\"noreferrer noopener\">Derecho a un Ambiente Sano<\/a><\/p>\n<p>&nbsp;<\/p>\n<p><em>Imagen noticia: \u00a9 UNEP<\/em><\/p>\n","protected":false},"excerpt":{"rendered":"<p>La Coalici\u00f3n Mundial por el Reconocimiento Universal del Derecho Humano a un Ambiente Limpio, Sano y Sostenible, de la que forma parte UN Etxea-Asociaci\u00f3n del Pa\u00eds Vasco para la UNESCO,\u00a0 [&hellip;]<\/p>\n","protected":false},"author":2,"featured_media":4977,"comment_status":"closed","ping_status":"closed","sticky":false,"template":"","format":"standard","meta":{"footnotes":""},"categories":[85,77],"tags":[],"class_list":["post-7684","post","type-post","status-publish","format-standard","has-post-thumbnail","hentry","category-environment","category-human-rights"],"yoast_head":"<!-- This site is optimized with the Yoast SEO plugin v27.5 - https:\/\/yoast.com\/product\/yoast-seo-wordpress\/ -->\n<title>La Coalici\u00f3n mundial por el Medio Ambiente Sano, Premio Derechos Humanos de la ONU 2023 - UN ETXEA<\/title>\n<meta name=\"robots\" content=\"index, follow, max-snippet:-1, max-image-preview:large, max-video-preview:-1\" \/>\n<link rel=\"canonical\" href=\"https:\/\/unetxea.org\/en\/la-coalicion-mundial-por-el-ambiente-sano-premio-de-derechos-humanos-de-la-onu-2023\/\" \/>\n<meta property=\"og:locale\" content=\"en_US\" \/>\n<meta property=\"og:type\" content=\"article\" \/>\n<meta property=\"og:title\" content=\"La Coalici\u00f3n mundial por el Medio Ambiente Sano, Premio Derechos Humanos de la ONU 2023 - UN ETXEA\" \/>\n<meta property=\"og:description\" content=\"La Coalici\u00f3n Mundial por el Reconocimiento Universal del Derecho Humano a un Ambiente Limpio, Sano y Sostenible, de la que forma parte UN Etxea-Asociaci\u00f3n del Pa\u00eds Vasco para la UNESCO,\u00a0 [&hellip;]\" \/>\n<meta property=\"og:url\" content=\"https:\/\/unetxea.org\/en\/la-coalicion-mundial-por-el-ambiente-sano-premio-de-derechos-humanos-de-la-onu-2023\/\" \/>\n<meta property=\"og:site_name\" content=\"UN ETXEA\" \/>\n<meta property=\"article:publisher\" content=\"https:\/\/www.facebook.com\/UNetxea\/\" \/>\n<meta property=\"article:published_time\" content=\"2023-07-21T13:33:49+00:00\" \/>\n<meta property=\"article:modified_time\" content=\"2024-07-09T11:30:47+00:00\" \/>\n<meta property=\"og:image\" content=\"https:\/\/unetxea.org\/wp-content\/uploads\/2021\/09\/Berria-DDHHMA.jpg\" \/>\n\t<meta property=\"og:image:width\" content=\"1280\" \/>\n\t<meta property=\"og:image:height\" content=\"720\" \/>\n\t<meta property=\"og:image:type\" content=\"image\/jpeg\" \/>\n<meta name=\"author\" content=\"UN Etxea\" \/>\n<meta name=\"twitter:card\" content=\"summary_large_image\" \/>\n<meta name=\"twitter:creator\" content=\"@UNetxea\" \/>\n<meta name=\"twitter:site\" content=\"@UNetxea\" \/>\n<meta name=\"twitter:label1\" content=\"Written by\" \/>\n\t<meta name=\"twitter:data1\" content=\"UN Etxea\" \/>\n\t<meta name=\"twitter:label2\" content=\"Est. reading time\" \/>\n\t<meta name=\"twitter:data2\" content=\"3 minutes\" \/>\n<script type=\"application\/ld+json\" class=\"yoast-schema-graph\">{\"@context\":\"https:\\\/\\\/schema.org\",\"@graph\":[{\"@type\":\"Article\",\"@id\":\"https:\\\/\\\/unetxea.org\\\/en\\\/la-coalicion-mundial-por-el-ambiente-sano-premio-de-derechos-humanos-de-la-onu-2023\\\/#article\",\"isPartOf\":{\"@id\":\"https:\\\/\\\/unetxea.org\\\/en\\\/la-coalicion-mundial-por-el-ambiente-sano-premio-de-derechos-humanos-de-la-onu-2023\\\/\"},\"author\":{\"name\":\"UN Etxea\",\"@id\":\"https:\\\/\\\/unetxea.org\\\/#\\\/schema\\\/person\\\/c115ec46e78902eb5e93b5ca0b96bd2d\"},\"headline\":\"La Coalici\u00f3n mundial por el Medio Ambiente Sano, Premio Derechos Humanos de la ONU 2023\",\"datePublished\":\"2023-07-21T13:33:49+00:00\",\"dateModified\":\"2024-07-09T11:30:47+00:00\",\"mainEntityOfPage\":{\"@id\":\"https:\\\/\\\/unetxea.org\\\/en\\\/la-coalicion-mundial-por-el-ambiente-sano-premio-de-derechos-humanos-de-la-onu-2023\\\/\"},\"wordCount\":600,\"publisher\":{\"@id\":\"https:\\\/\\\/unetxea.org\\\/#organization\"},\"image\":{\"@id\":\"https:\\\/\\\/unetxea.org\\\/en\\\/la-coalicion-mundial-por-el-ambiente-sano-premio-de-derechos-humanos-de-la-onu-2023\\\/#primaryimage\"},\"thumbnailUrl\":\"https:\\\/\\\/unetxea.org\\\/wp-content\\\/uploads\\\/2021\\\/09\\\/Berria-DDHHMA.jpg\",\"articleSection\":[\"Environment\",\"Human Rights\"],\"inLanguage\":\"en-US\"},{\"@type\":\"WebPage\",\"@id\":\"https:\\\/\\\/unetxea.org\\\/en\\\/la-coalicion-mundial-por-el-ambiente-sano-premio-de-derechos-humanos-de-la-onu-2023\\\/\",\"url\":\"https:\\\/\\\/unetxea.org\\\/en\\\/la-coalicion-mundial-por-el-ambiente-sano-premio-de-derechos-humanos-de-la-onu-2023\\\/\",\"name\":\"La Coalici\u00f3n mundial por el Medio Ambiente Sano, Premio Derechos Humanos de la ONU 2023 - UN ETXEA\",\"isPartOf\":{\"@id\":\"https:\\\/\\\/unetxea.org\\\/#website\"},\"primaryImageOfPage\":{\"@id\":\"https:\\\/\\\/unetxea.org\\\/en\\\/la-coalicion-mundial-por-el-ambiente-sano-premio-de-derechos-humanos-de-la-onu-2023\\\/#primaryimage\"},\"image\":{\"@id\":\"https:\\\/\\\/unetxea.org\\\/en\\\/la-coalicion-mundial-por-el-ambiente-sano-premio-de-derechos-humanos-de-la-onu-2023\\\/#primaryimage\"},\"thumbnailUrl\":\"https:\\\/\\\/unetxea.org\\\/wp-content\\\/uploads\\\/2021\\\/09\\\/Berria-DDHHMA.jpg\",\"datePublished\":\"2023-07-21T13:33:49+00:00\",\"dateModified\":\"2024-07-09T11:30:47+00:00\",\"breadcrumb\":{\"@id\":\"https:\\\/\\\/unetxea.org\\\/en\\\/la-coalicion-mundial-por-el-ambiente-sano-premio-de-derechos-humanos-de-la-onu-2023\\\/#breadcrumb\"},\"inLanguage\":\"en-US\",\"potentialAction\":[{\"@type\":\"ReadAction\",\"target\":[\"https:\\\/\\\/unetxea.org\\\/en\\\/la-coalicion-mundial-por-el-ambiente-sano-premio-de-derechos-humanos-de-la-onu-2023\\\/\"]}]},{\"@type\":\"ImageObject\",\"inLanguage\":\"en-US\",\"@id\":\"https:\\\/\\\/unetxea.org\\\/en\\\/la-coalicion-mundial-por-el-ambiente-sano-premio-de-derechos-humanos-de-la-onu-2023\\\/#primaryimage\",\"url\":\"https:\\\/\\\/unetxea.org\\\/wp-content\\\/uploads\\\/2021\\\/09\\\/Berria-DDHHMA.jpg\",\"contentUrl\":\"https:\\\/\\\/unetxea.org\\\/wp-content\\\/uploads\\\/2021\\\/09\\\/Berria-DDHHMA.jpg\",\"width\":1280,\"height\":720},{\"@type\":\"BreadcrumbList\",\"@id\":\"https:\\\/\\\/unetxea.org\\\/en\\\/la-coalicion-mundial-por-el-ambiente-sano-premio-de-derechos-humanos-de-la-onu-2023\\\/#breadcrumb\",\"itemListElement\":[{\"@type\":\"ListItem\",\"position\":1,\"name\":\"Portada\",\"item\":\"https:\\\/\\\/unetxea.org\\\/en\\\/\"},{\"@type\":\"ListItem\",\"position\":2,\"name\":\"La Coalici\u00f3n mundial por el Medio Ambiente Sano, Premio Derechos Humanos de la ONU 2023\"}]},{\"@type\":\"WebSite\",\"@id\":\"https:\\\/\\\/unetxea.org\\\/#website\",\"url\":\"https:\\\/\\\/unetxea.org\\\/\",\"name\":\"UN ETXEA\",\"description\":\"Asociaci\u00f3n del Pa\u00eds Vasco para la UNESCO\",\"publisher\":{\"@id\":\"https:\\\/\\\/unetxea.org\\\/#organization\"},\"potentialAction\":[{\"@type\":\"SearchAction\",\"target\":{\"@type\":\"EntryPoint\",\"urlTemplate\":\"https:\\\/\\\/unetxea.org\\\/?s={search_term_string}\"},\"query-input\":{\"@type\":\"PropertyValueSpecification\",\"valueRequired\":true,\"valueName\":\"search_term_string\"}}],\"inLanguage\":\"en-US\"},{\"@type\":\"Organization\",\"@id\":\"https:\\\/\\\/unetxea.org\\\/#organization\",\"name\":\"UN ETXEA\",\"url\":\"https:\\\/\\\/unetxea.org\\\/\",\"logo\":{\"@type\":\"ImageObject\",\"inLanguage\":\"en-US\",\"@id\":\"https:\\\/\\\/unetxea.org\\\/#\\\/schema\\\/logo\\\/image\\\/\",\"url\":\"https:\\\/\\\/unetxea.org\\\/wp-content\\\/uploads\\\/2025\\\/01\\\/logo-unetxea500.jpg\",\"contentUrl\":\"https:\\\/\\\/unetxea.org\\\/wp-content\\\/uploads\\\/2025\\\/01\\\/logo-unetxea500.jpg\",\"width\":500,\"height\":484,\"caption\":\"UN ETXEA\"},\"image\":{\"@id\":\"https:\\\/\\\/unetxea.org\\\/#\\\/schema\\\/logo\\\/image\\\/\"},\"sameAs\":[\"https:\\\/\\\/www.facebook.com\\\/UNetxea\\\/\",\"https:\\\/\\\/x.com\\\/UNetxea\",\"https:\\\/\\\/www.youtube.com\\\/@UNetxea\"]},{\"@type\":\"Person\",\"@id\":\"https:\\\/\\\/unetxea.org\\\/#\\\/schema\\\/person\\\/c115ec46e78902eb5e93b5ca0b96bd2d\",\"name\":\"UN Etxea\",\"image\":{\"@type\":\"ImageObject\",\"inLanguage\":\"en-US\",\"@id\":\"https:\\\/\\\/secure.gravatar.com\\\/avatar\\\/67b8d0f0ae884d096f535d6fbbb63507af5ec28b6be2d9db993a2e99f2855e18?s=96&d=mm&r=g\",\"url\":\"https:\\\/\\\/secure.gravatar.com\\\/avatar\\\/67b8d0f0ae884d096f535d6fbbb63507af5ec28b6be2d9db993a2e99f2855e18?s=96&d=mm&r=g\",\"contentUrl\":\"https:\\\/\\\/secure.gravatar.com\\\/avatar\\\/67b8d0f0ae884d096f535d6fbbb63507af5ec28b6be2d9db993a2e99f2855e18?s=96&d=mm&r=g\",\"caption\":\"UN Etxea\"},\"url\":\"https:\\\/\\\/unetxea.org\\\/en\\\/author\\\/nagusitxea\\\/\"}]}<\/script>\n<!-- \/ Yoast SEO plugin. -->","yoast_head_json":{"title":"La Coalici\u00f3n mundial por el Medio Ambiente Sano, Premio Derechos Humanos de la ONU 2023 - UN ETXEA","robots":{"index":"index","follow":"follow","max-snippet":"max-snippet:-1","max-image-preview":"max-image-preview:large","max-video-preview":"max-video-preview:-1"},"canonical":"https:\/\/unetxea.org\/en\/la-coalicion-mundial-por-el-ambiente-sano-premio-de-derechos-humanos-de-la-onu-2023\/","og_locale":"en_US","og_type":"article","og_title":"La Coalici\u00f3n mundial por el Medio Ambiente Sano, Premio Derechos Humanos de la ONU 2023 - UN ETXEA","og_description":"La Coalici\u00f3n Mundial por el Reconocimiento Universal del Derecho Humano a un Ambiente Limpio, Sano y Sostenible, de la que forma parte UN Etxea-Asociaci\u00f3n del Pa\u00eds Vasco para la UNESCO,\u00a0 [&hellip;]","og_url":"https:\/\/unetxea.org\/en\/la-coalicion-mundial-por-el-ambiente-sano-premio-de-derechos-humanos-de-la-onu-2023\/","og_site_name":"UN ETXEA","article_publisher":"https:\/\/www.facebook.com\/UNetxea\/","article_published_time":"2023-07-21T13:33:49+00:00","article_modified_time":"2024-07-09T11:30:47+00:00","og_image":[{"width":1280,"height":720,"url":"https:\/\/unetxea.org\/wp-content\/uploads\/2021\/09\/Berria-DDHHMA.jpg","type":"image\/jpeg"}],"author":"UN Etxea","twitter_card":"summary_large_image","twitter_creator":"@UNetxea","twitter_site":"@UNetxea","twitter_misc":{"Written by":"UN Etxea","Est. reading time":"3 minutes"},"schema":{"@context":"https:\/\/schema.org","@graph":[{"@type":"Article","@id":"https:\/\/unetxea.org\/en\/la-coalicion-mundial-por-el-ambiente-sano-premio-de-derechos-humanos-de-la-onu-2023\/#article","isPartOf":{"@id":"https:\/\/unetxea.org\/en\/la-coalicion-mundial-por-el-ambiente-sano-premio-de-derechos-humanos-de-la-onu-2023\/"},"author":{"name":"UN Etxea","@id":"https:\/\/unetxea.org\/#\/schema\/person\/c115ec46e78902eb5e93b5ca0b96bd2d"},"headline":"La Coalici\u00f3n mundial por el Medio Ambiente Sano, Premio Derechos Humanos de la ONU 2023","datePublished":"2023-07-21T13:33:49+00:00","dateModified":"2024-07-09T11:30:47+00:00","mainEntityOfPage":{"@id":"https:\/\/unetxea.org\/en\/la-coalicion-mundial-por-el-ambiente-sano-premio-de-derechos-humanos-de-la-onu-2023\/"},"wordCount":600,"publisher":{"@id":"https:\/\/unetxea.org\/#organization"},"image":{"@id":"https:\/\/unetxea.org\/en\/la-coalicion-mundial-por-el-ambiente-sano-premio-de-derechos-humanos-de-la-onu-2023\/#primaryimage"},"thumbnailUrl":"https:\/\/unetxea.org\/wp-content\/uploads\/2021\/09\/Berria-DDHHMA.jpg","articleSection":["Environment","Human Rights"],"inLanguage":"en-US"},{"@type":"WebPage","@id":"https:\/\/unetxea.org\/en\/la-coalicion-mundial-por-el-ambiente-sano-premio-de-derechos-humanos-de-la-onu-2023\/","url":"https:\/\/unetxea.org\/en\/la-coalicion-mundial-por-el-ambiente-sano-premio-de-derechos-humanos-de-la-onu-2023\/","name":"La Coalici\u00f3n mundial por el Medio Ambiente Sano, Premio Derechos Humanos de la ONU 2023 - UN ETXEA","isPartOf":{"@id":"https:\/\/unetxea.org\/#website"},"primaryImageOfPage":{"@id":"https:\/\/unetxea.org\/en\/la-coalicion-mundial-por-el-ambiente-sano-premio-de-derechos-humanos-de-la-onu-2023\/#primaryimage"},"image":{"@id":"https:\/\/unetxea.org\/en\/la-coalicion-mundial-por-el-ambiente-sano-premio-de-derechos-humanos-de-la-onu-2023\/#primaryimage"},"thumbnailUrl":"https:\/\/unetxea.org\/wp-content\/uploads\/2021\/09\/Berria-DDHHMA.jpg","datePublished":"2023-07-21T13:33:49+00:00","dateModified":"2024-07-09T11:30:47+00:00","breadcrumb":{"@id":"https:\/\/unetxea.org\/en\/la-coalicion-mundial-por-el-ambiente-sano-premio-de-derechos-humanos-de-la-onu-2023\/#breadcrumb"},"inLanguage":"en-US","potentialAction":[{"@type":"ReadAction","target":["https:\/\/unetxea.org\/en\/la-coalicion-mundial-por-el-ambiente-sano-premio-de-derechos-humanos-de-la-onu-2023\/"]}]},{"@type":"ImageObject","inLanguage":"en-US","@id":"https:\/\/unetxea.org\/en\/la-coalicion-mundial-por-el-ambiente-sano-premio-de-derechos-humanos-de-la-onu-2023\/#primaryimage","url":"https:\/\/unetxea.org\/wp-content\/uploads\/2021\/09\/Berria-DDHHMA.jpg","contentUrl":"https:\/\/unetxea.org\/wp-content\/uploads\/2021\/09\/Berria-DDHHMA.jpg","width":1280,"height":720},{"@type":"BreadcrumbList","@id":"https:\/\/unetxea.org\/en\/la-coalicion-mundial-por-el-ambiente-sano-premio-de-derechos-humanos-de-la-onu-2023\/#breadcrumb","itemListElement":[{"@type":"ListItem","position":1,"name":"Portada","item":"https:\/\/unetxea.org\/en\/"},{"@type":"ListItem","position":2,"name":"La Coalici\u00f3n mundial por el Medio Ambiente Sano, Premio Derechos Humanos de la ONU 2023"}]},{"@type":"WebSite","@id":"https:\/\/unetxea.org\/#website","url":"https:\/\/unetxea.org\/","name":"UN ETXEA","description":"Asociaci\u00f3n del Pa\u00eds Vasco para la UNESCO","publisher":{"@id":"https:\/\/unetxea.org\/#organization"},"potentialAction":[{"@type":"SearchAction","target":{"@type":"EntryPoint","urlTemplate":"https:\/\/unetxea.org\/?s={search_term_string}"},"query-input":{"@type":"PropertyValueSpecification","valueRequired":true,"valueName":"search_term_string"}}],"inLanguage":"en-US"},{"@type":"Organization","@id":"https:\/\/unetxea.org\/#organization","name":"UN ETXEA","url":"https:\/\/unetxea.org\/","logo":{"@type":"ImageObject","inLanguage":"en-US","@id":"https:\/\/unetxea.org\/#\/schema\/logo\/image\/","url":"https:\/\/unetxea.org\/wp-content\/uploads\/2025\/01\/logo-unetxea500.jpg","contentUrl":"https:\/\/unetxea.org\/wp-content\/uploads\/2025\/01\/logo-unetxea500.jpg","width":500,"height":484,"caption":"UN ETXEA"},"image":{"@id":"https:\/\/unetxea.org\/#\/schema\/logo\/image\/"},"sameAs":["https:\/\/www.facebook.com\/UNetxea\/","https:\/\/x.com\/UNetxea","https:\/\/www.youtube.com\/@UNetxea"]},{"@type":"Person","@id":"https:\/\/unetxea.org\/#\/schema\/person\/c115ec46e78902eb5e93b5ca0b96bd2d","name":"UN Etxea","image":{"@type":"ImageObject","inLanguage":"en-US","@id":"https:\/\/secure.gravatar.com\/avatar\/67b8d0f0ae884d096f535d6fbbb63507af5ec28b6be2d9db993a2e99f2855e18?s=96&d=mm&r=g","url":"https:\/\/secure.gravatar.com\/avatar\/67b8d0f0ae884d096f535d6fbbb63507af5ec28b6be2d9db993a2e99f2855e18?s=96&d=mm&r=g","contentUrl":"https:\/\/secure.gravatar.com\/avatar\/67b8d0f0ae884d096f535d6fbbb63507af5ec28b6be2d9db993a2e99f2855e18?s=96&d=mm&r=g","caption":"UN Etxea"},"url":"https:\/\/unetxea.org\/en\/author\/nagusitxea\/"}]}},"_links":{"self":[{"href":"https:\/\/unetxea.org\/en\/wp-json\/wp\/v2\/posts\/7684","targetHints":{"allow":["GET"]}}],"collection":[{"href":"https:\/\/unetxea.org\/en\/wp-json\/wp\/v2\/posts"}],"about":[{"href":"https:\/\/unetxea.org\/en\/wp-json\/wp\/v2\/types\/post"}],"author":[{"embeddable":true,"href":"https:\/\/unetxea.org\/en\/wp-json\/wp\/v2\/users\/2"}],"replies":[{"embeddable":true,"href":"https:\/\/unetxea.org\/en\/wp-json\/wp\/v2\/comments?post=7684"}],"version-history":[{"count":1,"href":"https:\/\/unetxea.org\/en\/wp-json\/wp\/v2\/posts\/7684\/revisions"}],"predecessor-version":[{"id":9311,"href":"https:\/\/unetxea.org\/en\/wp-json\/wp\/v2\/posts\/7684\/revisions\/9311"}],"wp:featuredmedia":[{"embeddable":true,"href":"https:\/\/unetxea.org\/en\/wp-json\/wp\/v2\/media\/4977"}],"wp:attachment":[{"href":"https:\/\/unetxea.org\/en\/wp-json\/wp\/v2\/media?parent=7684"}],"wp:term":[{"taxonomy":"category","embeddable":true,"href":"https:\/\/unetxea.org\/en\/wp-json\/wp\/v2\/categories?post=7684"},{"taxonomy":"post_tag","embeddable":true,"href":"https:\/\/unetxea.org\/en\/wp-json\/wp\/v2\/tags?post=7684"}],"curies":[{"name":"wp","href":"https:\/\/api.w.org\/{rel}","templated":true}]}}