{"id":7724,"date":"2023-09-04T11:52:49","date_gmt":"2023-09-04T09:52:49","guid":{"rendered":"https:\/\/unetxea.org\/becas-de-internacionalizacion-bbk-unesco-3\/"},"modified":"2024-07-09T13:30:45","modified_gmt":"2024-07-09T11:30:45","slug":"becas-de-internacionalizacion-bbk-unesco-3","status":"publish","type":"post","link":"https:\/\/unetxea.org\/en\/becas-de-internacionalizacion-bbk-unesco-3\/","title":{"rendered":"Becas de internacionalizaci\u00f3n BBK-UNESCO"},"content":{"rendered":"<p class=\"has-pale-cyan-blue-background-color has-background\"><strong>Convocatoria abierta hasta el 1 de OCTUBRE de 2023<\/strong><\/p>\n<p>&nbsp;<\/p>\n<p>BBK y UN Etxea ofrecen dos becas con el objetivo de facilitar una pr\u00e1ctica profesional en la Sede Central de la Organizaci\u00f3n de las Naciones Unidas para la Educaci\u00f3n, la Ciencia y la Cultura (UNESCO) en Par\u00eds.<\/p>\n<p><strong>Se desarrollar\u00e1n en: <\/strong><\/p>\n<p><strong>(1) la Divisi\u00f3n de Igualdad de G\u00e9nero <\/strong>y<\/p>\n<p><strong>(2) la Oficina Ejecutiva del Sector de Cultura<\/strong> respectivamente.<\/p>\n<p>&nbsp;<\/p>\n<p><strong><span class=\"has-inline-color has-vivid-cyan-blue-color\">CARACTER\u00cdSTICAS GENERALES<\/span><\/strong><\/p>\n<ul>\n<li>Duraci\u00f3n: per\u00edodo de 6 meses comprendido entre febrero y julio de 2024.<\/li>\n<li>Dotaci\u00f3n econ\u00f3mica de 10.000\u20ac brutos de la que se deducir\u00e1n los impuestos correspondientes y el importe de un seguro de asistencia en viaje.<\/li>\n<li>Se incluye un curso de formaci\u00f3n sobre la UNESCO y las Naciones Unidas. Esta formaci\u00f3n ser\u00e1 impartida por UN Etxea con anterioridad a la incorporaci\u00f3n a la UNESCO.<\/li>\n<li>No se generar\u00e1 en ning\u00fan caso relaci\u00f3n contractual entre las personas beneficiarias y UN Etxea o la UNESCO.<\/li>\n<li>Los abonos se realizar\u00e1n en un n\u00famero de cuenta Kutxabank cuyo titular sea la persona beneficiaria.<\/li>\n<\/ul>\n<p>&nbsp;<\/p>\n<hr class=\"wp-block-separator has-text-color has-background has-cyan-bluish-gray-background-color has-cyan-bluish-gray-color is-style-wide\" \/>\n<p>&nbsp;<\/p>\n<p><span class=\"has-inline-color has-vivid-cyan-blue-color\"><strong>1. ESTAD\u00cdA PARA LA DIVISI\u00d3N DE IGUALDAD DE G\u00c9NERO<\/strong><\/span><\/p>\n<p><strong>Requisitos:<\/strong><\/p>\n<ul>\n<li>Empadronamiento en Bizkaia.<\/li>\n<li>Titulaci\u00f3n universitaria en ciencias sociales, comunicaci\u00f3n y periodismo con especializaci\u00f3n en estudios de g\u00e9nero o \u00e1mbitos relacionados. Se requiere que estos estudios oficiales se hayan finalizado en los 5 a\u00f1os anteriores a esta convocatoria (7 en el caso de las personas con discapacidad).<\/li>\n<li>Se valorar\u00e1 la experiencia en estrategias de comunicaci\u00f3n y promoci\u00f3n de la igualdad de g\u00e9nero y el empoderamiento de las mujeres.<\/li>\n<li>Excelente conocimiento de ingl\u00e9s y\/o franc\u00e9s.<\/li>\n<li>Tendr\u00e1n preferencia aquellas personas que no hayan disfrutado antes de una beca BBK.<\/li>\n<\/ul>\n<p>&nbsp;<\/p>\n<p><strong>Tramitaci\u00f3n de las Solicitudes:<\/strong><\/p>\n<p>Aquellas personas interesadas que cumplan los requisitos deber\u00e1n enviar su Curriculum Vitae, indicando la\u00a0<strong>referencia \u2018BBK \u2013 UNESCO g\u00e9nero\u2019, <\/strong>a la direcci\u00f3n:<\/p>\n<p>&nbsp;<\/p>\n<p><img loading=\"lazy\" decoding=\"async\" class=\"size-full wp-image-5353 alignleft\" src=\"https:\/\/unetxea.org\/wp-content\/uploads\/2021\/11\/icono-email.jpg\" alt=\"\" width=\"48\" height=\"48\" \/><\/p>\n<p><a href=\"https:\/\/unetxea.org\/becas-de-internacionalizacion-bbk-unesco-3\/bbkunescogenero@unetxea.org\" target=\"_blank\" rel=\"noreferrer noopener\"><strong>bbkunescogenero@unetxea.org<\/strong><\/a><\/p>\n<p>&nbsp;<\/p>\n<p><em><strong>Fecha l\u00edmite para el env\u00edo de Curr\u00edculum:<\/strong> <strong>1 de octubre de 2023<\/strong><\/em><\/p>\n<p>&nbsp;<\/p>\n<hr class=\"wp-block-separator has-text-color has-background has-cyan-bluish-gray-background-color has-cyan-bluish-gray-color is-style-wide\" \/>\n<p>&nbsp;<\/p>\n<p><span class=\"has-inline-color has-vivid-cyan-blue-color\"><strong>2. ESTAD\u00cdA EN LA OFICINA EJECUTIVA DEL SECTOR DE CULTURA<br \/>\n<\/strong><\/span><\/p>\n<p><strong>Requisitos:<\/strong><\/p>\n<ul>\n<li>Empadronamiento en Bizkaia.<\/li>\n<li>Titulaci\u00f3n universitaria en cultura, ciencias sociales, ciencias pol\u00edticas, relaciones internacionales, humanidades o \u00e1mbitos relacionados. Se requiere que estos estudios oficiales se hayan finalizado en los 5 a\u00f1os anteriores a esta convocatoria (7 en el caso de las personas con discapacidad).<\/li>\n<li>Buena capacidad para recopilar, sintetizar y analizar informaci\u00f3n procedente de diversas fuentes y redactar documentos de forma clara y concisa.<\/li>\n<li>Excelente conocimiento de ingl\u00e9s y\/o franc\u00e9s.<\/li>\n<li>Tendr\u00e1n preferencia aquellas personas que no hayan disfrutado antes de una beca BBK.<\/li>\n<\/ul>\n<p>&nbsp;<\/p>\n<p><strong>Tramitaci\u00f3n de las Solicitudes:<\/strong><\/p>\n<p>Aquellas personas interesadas que cumplan los requisitos deber\u00e1n enviar su Curriculum Vitae, indicando la\u00a0<strong>referencia \u2018BBK \u2013 UNESCO cultura\u2019, <\/strong>a la direcci\u00f3n:<\/p>\n<p>&nbsp;<\/p>\n<div class=\"wp-block-image\">\n<figure class=\"alignleft size-large is-resized\"><img loading=\"lazy\" decoding=\"async\" class=\"size-full wp-image-5353 alignleft\" src=\"https:\/\/unetxea.org\/wp-content\/uploads\/2021\/11\/icono-email.jpg\" alt=\"\" width=\"48\" height=\"48\" \/><\/figure>\n<\/div>\n<p>&nbsp;<\/p>\n<p><a href=\"https:\/\/unetxea.org\/becas-de-internacionalizacion-bbk-unesco-3\/bbkunescocultura@unetxea.org\" target=\"_blank\" rel=\"noreferrer noopener\"><strong>bbkunescocultura@unetxea.org<\/strong><\/a><\/p>\n<div class=\"wp-block-spacer\" aria-hidden=\"true\"><\/div>\n<p><em><strong>Fecha l\u00edmite para el env\u00edo de Curr\u00edculum:<\/strong> <strong>1 de octubre de 2023<\/strong><\/em><\/p>\n<p>&nbsp;<\/p>\n<hr class=\"wp-block-separator has-text-color has-background has-cyan-bluish-gray-background-color has-cyan-bluish-gray-color is-style-wide\" \/>\n<p>&nbsp;<\/p>\n<p><strong><span class=\"has-inline-color has-vivid-cyan-blue-color\">PROCESO DE SELECCI\u00d3N<\/span><\/strong><\/p>\n<p>Una vez revisados todos los CVs recibidos, acceder\u00e1n al proceso de selecci\u00f3n aquellas candidaturas que, adem\u00e1s de cumplir los requisitos, cuenten con un perfil acad\u00e9mico que m\u00e1s se ajuste al establecido por la UNESCO para cada una de las becas.<\/p>\n<p>El proceso de selecci\u00f3n consta de dos partes:<\/p>\n<ul>\n<li>Una entrevista y una prueba de idioma realizada en UN Etxea. Tras ello, se propondr\u00e1n a la UNESCO diferentes personas candidatas para cada beca.<\/li>\n<li>Por \u00faltimo, la UNESCO realizar\u00e1 entrevistas personales online a esas personas para elegir a las dos personas que finalmente disfrutar\u00e1n de las becas.<\/li>\n<\/ul>\n<p>&nbsp;<\/p>\n<hr class=\"wp-block-separator has-text-color has-background has-cyan-bluish-gray-background-color has-cyan-bluish-gray-color is-style-wide\" \/>\n<p>&nbsp;<\/p>\n<p><strong><span class=\"has-inline-color has-vivid-cyan-blue-color\">M\u00c1S INFORMACI\u00d3N<\/span><\/strong><\/p>\n<p>UN Etxea<br \/>\nIsozaki Atea \u2013 Plaza de la Convivencia<br \/>\nPaseo de Uribitarte 12, local 2<br \/>\n48001 Bilbao<\/p>\n<p>Bego\u00f1a Guzm\u00e1n. Tlf. 94 427 64 32 | <strong><a href=\"mailto:bbkunesco@unetxea.org\">bbkunesco@unetxea.org<\/a> <\/strong><br \/>\n&nbsp;<\/p>\n<p><em>*Foto: UNESCO<\/em><\/p>\n","protected":false},"excerpt":{"rendered":"<p>Convocatoria abierta hasta el 1 de OCTUBRE de 2023 &nbsp; BBK y UN Etxea ofrecen dos becas con el objetivo de facilitar una pr\u00e1ctica profesional en la Sede Central de [&hellip;]<\/p>\n","protected":false},"author":2,"featured_media":7638,"comment_status":"closed","ping_status":"closed","sticky":false,"template":"","format":"standard","meta":{"footnotes":""},"categories":[150,83,75],"tags":[],"class_list":["post-7724","post","type-post","status-publish","format-standard","has-post-thumbnail","hentry","category-culture","category-gender","category-grants"],"yoast_head":"<!-- This site is optimized with the Yoast SEO plugin v27.5 - https:\/\/yoast.com\/product\/yoast-seo-wordpress\/ -->\n<title>Becas de internacionalizaci\u00f3n BBK-UNESCO - UN ETXEA<\/title>\n<meta name=\"robots\" content=\"index, follow, max-snippet:-1, max-image-preview:large, max-video-preview:-1\" \/>\n<link rel=\"canonical\" href=\"https:\/\/unetxea.org\/en\/becas-de-internacionalizacion-bbk-unesco-3\/\" \/>\n<meta property=\"og:locale\" content=\"en_US\" \/>\n<meta property=\"og:type\" content=\"article\" \/>\n<meta property=\"og:title\" content=\"Becas de internacionalizaci\u00f3n BBK-UNESCO - UN ETXEA\" \/>\n<meta property=\"og:description\" content=\"Convocatoria abierta hasta el 1 de OCTUBRE de 2023 &nbsp; BBK y UN Etxea ofrecen dos becas con el objetivo de facilitar una pr\u00e1ctica profesional en la Sede Central de [&hellip;]\" \/>\n<meta property=\"og:url\" content=\"https:\/\/unetxea.org\/en\/becas-de-internacionalizacion-bbk-unesco-3\/\" \/>\n<meta property=\"og:site_name\" content=\"UN ETXEA\" \/>\n<meta property=\"article:publisher\" content=\"https:\/\/www.facebook.com\/UNetxea\/\" \/>\n<meta property=\"article:published_time\" content=\"2023-09-04T09:52:49+00:00\" \/>\n<meta property=\"article:modified_time\" content=\"2024-07-09T11:30:45+00:00\" \/>\n<meta property=\"og:image\" content=\"https:\/\/unetxea.org\/wp-content\/uploads\/2023\/07\/becasbbkunesconoticia.jpg\" \/>\n\t<meta property=\"og:image:width\" content=\"1000\" \/>\n\t<meta property=\"og:image:height\" content=\"444\" \/>\n\t<meta property=\"og:image:type\" content=\"image\/jpeg\" \/>\n<meta name=\"author\" content=\"UN Etxea\" \/>\n<meta name=\"twitter:card\" content=\"summary_large_image\" \/>\n<meta name=\"twitter:creator\" content=\"@UNetxea\" \/>\n<meta name=\"twitter:site\" content=\"@UNetxea\" \/>\n<meta name=\"twitter:label1\" content=\"Written by\" \/>\n\t<meta name=\"twitter:data1\" content=\"UN Etxea\" \/>\n\t<meta name=\"twitter:label2\" content=\"Est. reading time\" \/>\n\t<meta name=\"twitter:data2\" content=\"3 minutes\" \/>\n<script type=\"application\/ld+json\" class=\"yoast-schema-graph\">{\"@context\":\"https:\\\/\\\/schema.org\",\"@graph\":[{\"@type\":\"Article\",\"@id\":\"https:\\\/\\\/unetxea.org\\\/en\\\/becas-de-internacionalizacion-bbk-unesco-3\\\/#article\",\"isPartOf\":{\"@id\":\"https:\\\/\\\/unetxea.org\\\/en\\\/becas-de-internacionalizacion-bbk-unesco-3\\\/\"},\"author\":{\"name\":\"UN Etxea\",\"@id\":\"https:\\\/\\\/unetxea.org\\\/#\\\/schema\\\/person\\\/c115ec46e78902eb5e93b5ca0b96bd2d\"},\"headline\":\"Becas de internacionalizaci\u00f3n BBK-UNESCO\",\"datePublished\":\"2023-09-04T09:52:49+00:00\",\"dateModified\":\"2024-07-09T11:30:45+00:00\",\"mainEntityOfPage\":{\"@id\":\"https:\\\/\\\/unetxea.org\\\/en\\\/becas-de-internacionalizacion-bbk-unesco-3\\\/\"},\"wordCount\":630,\"publisher\":{\"@id\":\"https:\\\/\\\/unetxea.org\\\/#organization\"},\"image\":{\"@id\":\"https:\\\/\\\/unetxea.org\\\/en\\\/becas-de-internacionalizacion-bbk-unesco-3\\\/#primaryimage\"},\"thumbnailUrl\":\"https:\\\/\\\/unetxea.org\\\/wp-content\\\/uploads\\\/2023\\\/07\\\/becasbbkunesconoticia.jpg\",\"articleSection\":[\"Culture\",\"Gender\",\"Grants\"],\"inLanguage\":\"en-US\"},{\"@type\":\"WebPage\",\"@id\":\"https:\\\/\\\/unetxea.org\\\/en\\\/becas-de-internacionalizacion-bbk-unesco-3\\\/\",\"url\":\"https:\\\/\\\/unetxea.org\\\/en\\\/becas-de-internacionalizacion-bbk-unesco-3\\\/\",\"name\":\"Becas de internacionalizaci\u00f3n BBK-UNESCO - UN ETXEA\",\"isPartOf\":{\"@id\":\"https:\\\/\\\/unetxea.org\\\/#website\"},\"primaryImageOfPage\":{\"@id\":\"https:\\\/\\\/unetxea.org\\\/en\\\/becas-de-internacionalizacion-bbk-unesco-3\\\/#primaryimage\"},\"image\":{\"@id\":\"https:\\\/\\\/unetxea.org\\\/en\\\/becas-de-internacionalizacion-bbk-unesco-3\\\/#primaryimage\"},\"thumbnailUrl\":\"https:\\\/\\\/unetxea.org\\\/wp-content\\\/uploads\\\/2023\\\/07\\\/becasbbkunesconoticia.jpg\",\"datePublished\":\"2023-09-04T09:52:49+00:00\",\"dateModified\":\"2024-07-09T11:30:45+00:00\",\"breadcrumb\":{\"@id\":\"https:\\\/\\\/unetxea.org\\\/en\\\/becas-de-internacionalizacion-bbk-unesco-3\\\/#breadcrumb\"},\"inLanguage\":\"en-US\",\"potentialAction\":[{\"@type\":\"ReadAction\",\"target\":[\"https:\\\/\\\/unetxea.org\\\/en\\\/becas-de-internacionalizacion-bbk-unesco-3\\\/\"]}]},{\"@type\":\"ImageObject\",\"inLanguage\":\"en-US\",\"@id\":\"https:\\\/\\\/unetxea.org\\\/en\\\/becas-de-internacionalizacion-bbk-unesco-3\\\/#primaryimage\",\"url\":\"https:\\\/\\\/unetxea.org\\\/wp-content\\\/uploads\\\/2023\\\/07\\\/becasbbkunesconoticia.jpg\",\"contentUrl\":\"https:\\\/\\\/unetxea.org\\\/wp-content\\\/uploads\\\/2023\\\/07\\\/becasbbkunesconoticia.jpg\",\"width\":1000,\"height\":444},{\"@type\":\"BreadcrumbList\",\"@id\":\"https:\\\/\\\/unetxea.org\\\/en\\\/becas-de-internacionalizacion-bbk-unesco-3\\\/#breadcrumb\",\"itemListElement\":[{\"@type\":\"ListItem\",\"position\":1,\"name\":\"Portada\",\"item\":\"https:\\\/\\\/unetxea.org\\\/en\\\/\"},{\"@type\":\"ListItem\",\"position\":2,\"name\":\"Becas de internacionalizaci\u00f3n BBK-UNESCO\"}]},{\"@type\":\"WebSite\",\"@id\":\"https:\\\/\\\/unetxea.org\\\/#website\",\"url\":\"https:\\\/\\\/unetxea.org\\\/\",\"name\":\"UN ETXEA\",\"description\":\"Asociaci\u00f3n del Pa\u00eds Vasco para la UNESCO\",\"publisher\":{\"@id\":\"https:\\\/\\\/unetxea.org\\\/#organization\"},\"potentialAction\":[{\"@type\":\"SearchAction\",\"target\":{\"@type\":\"EntryPoint\",\"urlTemplate\":\"https:\\\/\\\/unetxea.org\\\/?s={search_term_string}\"},\"query-input\":{\"@type\":\"PropertyValueSpecification\",\"valueRequired\":true,\"valueName\":\"search_term_string\"}}],\"inLanguage\":\"en-US\"},{\"@type\":\"Organization\",\"@id\":\"https:\\\/\\\/unetxea.org\\\/#organization\",\"name\":\"UN ETXEA\",\"url\":\"https:\\\/\\\/unetxea.org\\\/\",\"logo\":{\"@type\":\"ImageObject\",\"inLanguage\":\"en-US\",\"@id\":\"https:\\\/\\\/unetxea.org\\\/#\\\/schema\\\/logo\\\/image\\\/\",\"url\":\"https:\\\/\\\/unetxea.org\\\/wp-content\\\/uploads\\\/2025\\\/01\\\/logo-unetxea500.jpg\",\"contentUrl\":\"https:\\\/\\\/unetxea.org\\\/wp-content\\\/uploads\\\/2025\\\/01\\\/logo-unetxea500.jpg\",\"width\":500,\"height\":484,\"caption\":\"UN ETXEA\"},\"image\":{\"@id\":\"https:\\\/\\\/unetxea.org\\\/#\\\/schema\\\/logo\\\/image\\\/\"},\"sameAs\":[\"https:\\\/\\\/www.facebook.com\\\/UNetxea\\\/\",\"https:\\\/\\\/x.com\\\/UNetxea\",\"https:\\\/\\\/www.youtube.com\\\/@UNetxea\"]},{\"@type\":\"Person\",\"@id\":\"https:\\\/\\\/unetxea.org\\\/#\\\/schema\\\/person\\\/c115ec46e78902eb5e93b5ca0b96bd2d\",\"name\":\"UN Etxea\",\"image\":{\"@type\":\"ImageObject\",\"inLanguage\":\"en-US\",\"@id\":\"https:\\\/\\\/secure.gravatar.com\\\/avatar\\\/67b8d0f0ae884d096f535d6fbbb63507af5ec28b6be2d9db993a2e99f2855e18?s=96&d=mm&r=g\",\"url\":\"https:\\\/\\\/secure.gravatar.com\\\/avatar\\\/67b8d0f0ae884d096f535d6fbbb63507af5ec28b6be2d9db993a2e99f2855e18?s=96&d=mm&r=g\",\"contentUrl\":\"https:\\\/\\\/secure.gravatar.com\\\/avatar\\\/67b8d0f0ae884d096f535d6fbbb63507af5ec28b6be2d9db993a2e99f2855e18?s=96&d=mm&r=g\",\"caption\":\"UN Etxea\"},\"url\":\"https:\\\/\\\/unetxea.org\\\/en\\\/author\\\/nagusitxea\\\/\"}]}<\/script>\n<!-- \/ Yoast SEO plugin. -->","yoast_head_json":{"title":"Becas de internacionalizaci\u00f3n BBK-UNESCO - UN ETXEA","robots":{"index":"index","follow":"follow","max-snippet":"max-snippet:-1","max-image-preview":"max-image-preview:large","max-video-preview":"max-video-preview:-1"},"canonical":"https:\/\/unetxea.org\/en\/becas-de-internacionalizacion-bbk-unesco-3\/","og_locale":"en_US","og_type":"article","og_title":"Becas de internacionalizaci\u00f3n BBK-UNESCO - UN ETXEA","og_description":"Convocatoria abierta hasta el 1 de OCTUBRE de 2023 &nbsp; BBK y UN Etxea ofrecen dos becas con el objetivo de facilitar una pr\u00e1ctica profesional en la Sede Central de [&hellip;]","og_url":"https:\/\/unetxea.org\/en\/becas-de-internacionalizacion-bbk-unesco-3\/","og_site_name":"UN ETXEA","article_publisher":"https:\/\/www.facebook.com\/UNetxea\/","article_published_time":"2023-09-04T09:52:49+00:00","article_modified_time":"2024-07-09T11:30:45+00:00","og_image":[{"width":1000,"height":444,"url":"https:\/\/unetxea.org\/wp-content\/uploads\/2023\/07\/becasbbkunesconoticia.jpg","type":"image\/jpeg"}],"author":"UN Etxea","twitter_card":"summary_large_image","twitter_creator":"@UNetxea","twitter_site":"@UNetxea","twitter_misc":{"Written by":"UN Etxea","Est. reading time":"3 minutes"},"schema":{"@context":"https:\/\/schema.org","@graph":[{"@type":"Article","@id":"https:\/\/unetxea.org\/en\/becas-de-internacionalizacion-bbk-unesco-3\/#article","isPartOf":{"@id":"https:\/\/unetxea.org\/en\/becas-de-internacionalizacion-bbk-unesco-3\/"},"author":{"name":"UN Etxea","@id":"https:\/\/unetxea.org\/#\/schema\/person\/c115ec46e78902eb5e93b5ca0b96bd2d"},"headline":"Becas de internacionalizaci\u00f3n BBK-UNESCO","datePublished":"2023-09-04T09:52:49+00:00","dateModified":"2024-07-09T11:30:45+00:00","mainEntityOfPage":{"@id":"https:\/\/unetxea.org\/en\/becas-de-internacionalizacion-bbk-unesco-3\/"},"wordCount":630,"publisher":{"@id":"https:\/\/unetxea.org\/#organization"},"image":{"@id":"https:\/\/unetxea.org\/en\/becas-de-internacionalizacion-bbk-unesco-3\/#primaryimage"},"thumbnailUrl":"https:\/\/unetxea.org\/wp-content\/uploads\/2023\/07\/becasbbkunesconoticia.jpg","articleSection":["Culture","Gender","Grants"],"inLanguage":"en-US"},{"@type":"WebPage","@id":"https:\/\/unetxea.org\/en\/becas-de-internacionalizacion-bbk-unesco-3\/","url":"https:\/\/unetxea.org\/en\/becas-de-internacionalizacion-bbk-unesco-3\/","name":"Becas de internacionalizaci\u00f3n BBK-UNESCO - UN ETXEA","isPartOf":{"@id":"https:\/\/unetxea.org\/#website"},"primaryImageOfPage":{"@id":"https:\/\/unetxea.org\/en\/becas-de-internacionalizacion-bbk-unesco-3\/#primaryimage"},"image":{"@id":"https:\/\/unetxea.org\/en\/becas-de-internacionalizacion-bbk-unesco-3\/#primaryimage"},"thumbnailUrl":"https:\/\/unetxea.org\/wp-content\/uploads\/2023\/07\/becasbbkunesconoticia.jpg","datePublished":"2023-09-04T09:52:49+00:00","dateModified":"2024-07-09T11:30:45+00:00","breadcrumb":{"@id":"https:\/\/unetxea.org\/en\/becas-de-internacionalizacion-bbk-unesco-3\/#breadcrumb"},"inLanguage":"en-US","potentialAction":[{"@type":"ReadAction","target":["https:\/\/unetxea.org\/en\/becas-de-internacionalizacion-bbk-unesco-3\/"]}]},{"@type":"ImageObject","inLanguage":"en-US","@id":"https:\/\/unetxea.org\/en\/becas-de-internacionalizacion-bbk-unesco-3\/#primaryimage","url":"https:\/\/unetxea.org\/wp-content\/uploads\/2023\/07\/becasbbkunesconoticia.jpg","contentUrl":"https:\/\/unetxea.org\/wp-content\/uploads\/2023\/07\/becasbbkunesconoticia.jpg","width":1000,"height":444},{"@type":"BreadcrumbList","@id":"https:\/\/unetxea.org\/en\/becas-de-internacionalizacion-bbk-unesco-3\/#breadcrumb","itemListElement":[{"@type":"ListItem","position":1,"name":"Portada","item":"https:\/\/unetxea.org\/en\/"},{"@type":"ListItem","position":2,"name":"Becas de internacionalizaci\u00f3n BBK-UNESCO"}]},{"@type":"WebSite","@id":"https:\/\/unetxea.org\/#website","url":"https:\/\/unetxea.org\/","name":"UN ETXEA","description":"Asociaci\u00f3n del Pa\u00eds Vasco para la UNESCO","publisher":{"@id":"https:\/\/unetxea.org\/#organization"},"potentialAction":[{"@type":"SearchAction","target":{"@type":"EntryPoint","urlTemplate":"https:\/\/unetxea.org\/?s={search_term_string}"},"query-input":{"@type":"PropertyValueSpecification","valueRequired":true,"valueName":"search_term_string"}}],"inLanguage":"en-US"},{"@type":"Organization","@id":"https:\/\/unetxea.org\/#organization","name":"UN ETXEA","url":"https:\/\/unetxea.org\/","logo":{"@type":"ImageObject","inLanguage":"en-US","@id":"https:\/\/unetxea.org\/#\/schema\/logo\/image\/","url":"https:\/\/unetxea.org\/wp-content\/uploads\/2025\/01\/logo-unetxea500.jpg","contentUrl":"https:\/\/unetxea.org\/wp-content\/uploads\/2025\/01\/logo-unetxea500.jpg","width":500,"height":484,"caption":"UN ETXEA"},"image":{"@id":"https:\/\/unetxea.org\/#\/schema\/logo\/image\/"},"sameAs":["https:\/\/www.facebook.com\/UNetxea\/","https:\/\/x.com\/UNetxea","https:\/\/www.youtube.com\/@UNetxea"]},{"@type":"Person","@id":"https:\/\/unetxea.org\/#\/schema\/person\/c115ec46e78902eb5e93b5ca0b96bd2d","name":"UN Etxea","image":{"@type":"ImageObject","inLanguage":"en-US","@id":"https:\/\/secure.gravatar.com\/avatar\/67b8d0f0ae884d096f535d6fbbb63507af5ec28b6be2d9db993a2e99f2855e18?s=96&d=mm&r=g","url":"https:\/\/secure.gravatar.com\/avatar\/67b8d0f0ae884d096f535d6fbbb63507af5ec28b6be2d9db993a2e99f2855e18?s=96&d=mm&r=g","contentUrl":"https:\/\/secure.gravatar.com\/avatar\/67b8d0f0ae884d096f535d6fbbb63507af5ec28b6be2d9db993a2e99f2855e18?s=96&d=mm&r=g","caption":"UN Etxea"},"url":"https:\/\/unetxea.org\/en\/author\/nagusitxea\/"}]}},"_links":{"self":[{"href":"https:\/\/unetxea.org\/en\/wp-json\/wp\/v2\/posts\/7724","targetHints":{"allow":["GET"]}}],"collection":[{"href":"https:\/\/unetxea.org\/en\/wp-json\/wp\/v2\/posts"}],"about":[{"href":"https:\/\/unetxea.org\/en\/wp-json\/wp\/v2\/types\/post"}],"author":[{"embeddable":true,"href":"https:\/\/unetxea.org\/en\/wp-json\/wp\/v2\/users\/2"}],"replies":[{"embeddable":true,"href":"https:\/\/unetxea.org\/en\/wp-json\/wp\/v2\/comments?post=7724"}],"version-history":[{"count":1,"href":"https:\/\/unetxea.org\/en\/wp-json\/wp\/v2\/posts\/7724\/revisions"}],"predecessor-version":[{"id":9309,"href":"https:\/\/unetxea.org\/en\/wp-json\/wp\/v2\/posts\/7724\/revisions\/9309"}],"wp:featuredmedia":[{"embeddable":true,"href":"https:\/\/unetxea.org\/en\/wp-json\/wp\/v2\/media\/7638"}],"wp:attachment":[{"href":"https:\/\/unetxea.org\/en\/wp-json\/wp\/v2\/media?parent=7724"}],"wp:term":[{"taxonomy":"category","embeddable":true,"href":"https:\/\/unetxea.org\/en\/wp-json\/wp\/v2\/categories?post=7724"},{"taxonomy":"post_tag","embeddable":true,"href":"https:\/\/unetxea.org\/en\/wp-json\/wp\/v2\/tags?post=7724"}],"curies":[{"name":"wp","href":"https:\/\/api.w.org\/{rel}","templated":true}]}}