{"id":7755,"date":"2023-09-14T12:12:14","date_gmt":"2023-09-14T10:12:14","guid":{"rendered":"https:\/\/unetxea.org\/vuelve-urdaibai-gurie-el-24-de-septiembre\/"},"modified":"2024-07-09T13:30:44","modified_gmt":"2024-07-09T11:30:44","slug":"vuelve-urdaibai-gurie-el-24-de-septiembre","status":"publish","type":"post","link":"https:\/\/unetxea.org\/en\/vuelve-urdaibai-gurie-el-24-de-septiembre\/","title":{"rendered":"Vuelve Urdaibai Gurie el 24 de septiembre"},"content":{"rendered":"<ul>\n<li><strong>La segunda edici\u00f3n del evento Urdaibai Gurie, un espacio que representa la oferta de ocio, cultura, arte, artesan\u00eda y gastronom\u00eda del territorio, se celebrar\u00e1 en la Torre Madariaga de Busturia el domingo 24 de septiembre de 11:00 de la ma\u00f1ana a 16:00 de la tarde. <\/strong><\/li>\n<\/ul>\n<ul>\n<li><strong>Urdaibai Gurie cuenta en su programaci\u00f3n con un mercado de productos locales, actividades infantiles y para adultos, espect\u00e1culos y un espacio gastron\u00f3mico. <\/strong><\/li>\n<\/ul>\n<ul>\n<li><strong>Las protagonistas del evento son iniciativas locales parte del movimiento Biosfera Naiz, puesto en marcha por el Servicio de la Reserva de la Biosfera de Urdaibai y UN Etxea para dar visibilidad a las iniciativas territoriales en l\u00ednea con la filosof\u00eda de desarrollo sostenible. <\/strong><\/li>\n<\/ul>\n<p><strong>\u00a0<\/strong><\/p>\n<p>El pr\u00f3ximo 24 de septiembre la Torre Madariaga de Busturia (Barrio San Bartolome 35) acoger\u00e1 la segunda edici\u00f3n del evento <a href=\"https:\/\/www.urdaibai.eus\/es\/urdaibai-gurie\/\">Urdaibai Gurie<\/a>. Durante la jornada est\u00e1n programadas actividades para todos los p\u00fablicos de 11:00 de la ma\u00f1ana a 16:00 de la tarde. La agenda del evento cuenta con mercado de productos locales, talleres, actividades infantiles y para adultos, espect\u00e1culos, presentaciones y un espacio gastron\u00f3mico. La mayor\u00eda de actividades est\u00e1n planteadas en el exterior, pero en caso de mal tiempo se trasladar\u00e1n al interior.<\/p>\n<p><a href=\"https:\/\/www.urdaibai.eus\/es\/urdaibai-gurie\/\">Urdaibai Gurie<\/a> representa la oferta de ocio, cultura, arte, artesan\u00eda y gastronom\u00eda de la comarca. Un evento involucrado y comprometido en contribuir al entorno, al bienestar de las personas, adem\u00e1s de la transmisi\u00f3n de nuestra esencia y legado cultural. Todos los talleres, actuaciones y actividades est\u00e1n comprometidos al 100% con nuestra biosfera.<\/p>\n<p>Las iniciativas participantes son parte del movimiento Biosfera Naiz, creado para dar a conocer el trabajo de las iniciativas del territorio que est\u00e1n alineadas con los principios de desarrollo sostenible<strong>.<\/strong> <a href=\"https:\/\/www.urdaibai.eus\/es\/soybiosfera\/\">Biosfera Naiz<\/a> est\u00e1 impulsado por el Servicio de la Reserva de la Biosfera de Urdaibai, dependiente del Departamento de Desarrollo Econ\u00f3mico, Sostenibilidad y Medio Ambiente, y <a href=\"https:\/\/unetxea.org\/en\/\">UN Etxea<\/a> (Asociaci\u00f3n del Pa\u00eds Vasco para la UNESCO). El movimiento cuenta con la colaboraci\u00f3n de <a href=\"https:\/\/ekoetxea.eus\/\">Ekoetxea Urdaibai<\/a>, parte de la red de centros ambientales del Departamento de Desarrollo Econ\u00f3mico, Sostenibilidad y Medio Ambiente del Gobierno Vasco.<\/p>\n<p>&nbsp;<\/p>\n<p><strong>El mercado de Urdaibai Gurie <\/strong><\/p>\n<p><a href=\"https:\/\/www.urdaibai.eus\/es\/urdaibai-gurie\/\">Urdaibai Gurie<\/a> tendr\u00e1 13 puestos de iniciativas locales que pondr\u00e1n a disposici\u00f3n del p\u00fablico asistente sus productos, creaciones y proyectos.<\/p>\n<p>La artista Maider Sierra de <a href=\"https:\/\/mestizaa.com\/\">Mestizaa<\/a> ha preparado collages con fotos de paisajes de Urdaibai para su venta. Se podr\u00e1n adquirir joyas de la mano de <a href=\"https:\/\/www.camilabayona.com\/\">Camila Bayona<\/a> y piezas de artesan\u00eda de las iniciativas <a href=\"https:\/\/www.instagram.com\/harrikontari\/?hl=es\">Harrikontari<\/a> y <a href=\"https:\/\/www.instagram.com\/dzemento_\/?hl=es\">Dzemento<\/a>. Las flores volver\u00e1n a tener un espacio gracias al atelier floral <a href=\"http:\/\/www.rosasajulieta.com\/\">Rosas a Julieta<\/a>.<\/p>\n<p>En lo referente a gastronom\u00eda, el mercado contar\u00e1 con los puestos de la bodega <a href=\"https:\/\/www.amunategi.com\/\">Txakoli Amunategi<\/a>, <a href=\"https:\/\/www.instagram.com\/mustkoop\/\">Must Koop<\/a> con venta de cervezas artesanas, las gildas de Zabaleko, la reposter\u00eda de <a href=\"https:\/\/www.facebook.com\/lacatalana.gernika\/\">La Catalana Gernika<\/a> y la miel de <a href=\"https:\/\/gurelurrekomerkatua.com\/user\/23\">Nutripolen<\/a>.<\/p>\n<p>En esta edici\u00f3n, se han sumado las iniciativas textiles de fabricaci\u00f3n artesanal <a href=\"https:\/\/kostako.com\/\">Kostako<\/a>, que ofrecer\u00e1 camisetas creadas para la ocasi\u00f3n y prendas de punto de <a href=\"https:\/\/txokopunto.negocio.site\/\">TxokopuntoStudio<\/a>.<\/p>\n<p>Por \u00faltimo, <a href=\"https:\/\/www.sareberdeak.eus\/\">Sare Berdeak<\/a> contar\u00e1 con un puesto donde expondr\u00e1 proyectos que contribuyen a la mejora del entorno.<\/p>\n<p>&nbsp;<\/p>\n<p><strong>Las actividades del evento <\/strong><\/p>\n<p>Entre las actividades para adultos se han organizado un taller para la elaboraci\u00f3n de conserva y pat\u00e9s de verduras con <a href=\"https:\/\/www.instagram.com\/olatxuko_laboreak\/?igshid=MzRlODBiNWFlZA%3D%3D\">Olatxuko Laboreak<\/a> y un taller de elaboraci\u00f3n de muffins veganos con <a href=\"https:\/\/www.facebook.com\/lacatalana.gernika\/\">La Catalana Gernika<\/a>. En paralelo <a href=\"https:\/\/www.instagram.com\/mustkoop\/\">Must Koop<\/a> presentar\u00e1 su proyecto \u201cLorategi didaktikoa\u201d, un huerto ecol\u00f3gico de plantas medicinales, hierbas arom\u00e1ticas y l\u00fapulo. En la presentaci\u00f3n ofrecer\u00e1 una cata de infusiones con plantas y hierbas de su propio huerto.<\/p>\n<p>Este a\u00f1o la actividad cultural vuelve a estar dirigida por <a href=\"https:\/\/www.instagram.com\/urdaibaipoetryslam\/?igshid=MzRlODBiNWFlZA%3D%3D\">Urdaibai Poetry Slam<\/a> con un taller de poes\u00eda japonesa en euskera: \u201cUrdaibai Haikuz\u201d. Esta actividad incluye paseo inspiracional por la naturaleza, redacci\u00f3n de poes\u00edas y recitado de las mismas. Adem\u00e1s, Jos\u00e9 \u00c1ngel Etxaniz de la asociaci\u00f3n cultural <a href=\"https:\/\/gernikazarra.blogspot.com\/\">Gernikazarra<\/a> ofrecer\u00e1 una charla sobre el origen del turismo en Urdaibai.<\/p>\n<p>Como novedad, la iniciativa <a href=\"http:\/\/www.urdaibaibikerental.com\/\">Urdaibai Bike Rental<\/a> ha preparado paseos en bicicletas el\u00e9ctricas por los alrededores de Ekoetxea Urdaibai y <a href=\"https:\/\/www.urdaibai.eus\/es\/urdaibai-gurie\/\">Sare Berdeak<\/a> un encuentro para compartir propuestas ambientales para Urdaibai.<\/p>\n<p>Los m\u00e1s peque\u00f1os de la casa podr\u00e1n volver a disfrutar, esta vez en familia, del taller de circo con <a href=\"https:\/\/www.txitatoki.com\/\">Txitatoki Urdaibai Zirko Eskola<\/a> y un taller de concienciaci\u00f3n medioambiental que contempla la creaci\u00f3n de medusas con materiales reciclados con <a href=\"https:\/\/www.instagram.com\/harrikontari\/?hl=es\">Harrikontari<\/a>. <a href=\"https:\/\/ekoetxea.eus\/\">Ekoetxea Urdaibai<\/a> ofrecer\u00e1 visitas guiadas a la exposici\u00f3n permanente de la Biodiversidad para descubrir la importancia que tiene la conservaci\u00f3n de la Reserva de la Biosfera de Urdaibai en nuestro entorno. Por a\u00f1adidura, el evento contar\u00e1 con un espacio infantil y pintacaras.<\/p>\n<p>&nbsp;<\/p>\n<p><a href=\"https:\/\/www.urdaibai.eus\/es\/urdaibai-gurie\/\"><img loading=\"lazy\" decoding=\"async\" class=\"aligncenter wp-image-7747 size-large\" src=\"https:\/\/unetxea.org\/wp-content\/uploads\/2023\/09\/UrdaibaiGurie-Cartel-2023-1-546x1024.jpg\" alt=\"\" width=\"546\" height=\"1024\" srcset=\"https:\/\/unetxea.org\/wp-content\/uploads\/2023\/09\/UrdaibaiGurie-Cartel-2023-1-546x1024.jpg 546w, https:\/\/unetxea.org\/wp-content\/uploads\/2023\/09\/UrdaibaiGurie-Cartel-2023-1-160x300.jpg 160w, https:\/\/unetxea.org\/wp-content\/uploads\/2023\/09\/UrdaibaiGurie-Cartel-2023-1.jpg 700w\" sizes=\"auto, (max-width: 546px) 100vw, 546px\" \/><\/a><\/p>\n<p><strong>El espacio gastron\u00f3mico <\/strong><\/p>\n<p><a href=\"https:\/\/baserritikgernikara.eus\/\">Baserritik Gernikara<\/a>, formado por productores locales del primer sector, ofrecer\u00e1\u00a0 pintxos fr\u00edos y calientes elaborados con productos de Urdaibai. La cerveza artesana tambi\u00e9n tendr\u00e1 protagonismo con la cata organizada por <a href=\"https:\/\/www.instagram.com\/mustkoop\/\">Must Koop<\/a>.<\/p>\n<p>&nbsp;<\/p>\n<p><strong>Los sorteos Urdaibai Gurie\u00a0 <\/strong><\/p>\n<p>Para incentivar las compras en el mercado y el uso del transporte p\u00fablico, las personas que adquieran productos o que elijan el autob\u00fas para asistir, participar\u00e1n en un sorteo de un pack de productos y experiencias de las iniciativas Biosfera Naiz.<\/p>\n<p>&nbsp;<\/p>\n<p><strong>Los espect\u00e1culos<\/strong><\/p>\n<p>Urdaibai Gurie cuenta este a\u00f1o con la actuaci\u00f3n del grupo de m\u00fasica Seroie de Bermeo, de la que es parte la artista <a href=\"http:\/\/www.amaiagabantxo.com\/\">Amaia Gabantxo<\/a> y mezclar\u00e1n canto, poemas, m\u00fasica y literatura.<\/p>\n<p>Durante toda la jornada disfrutaremos de la creaci\u00f3n de un graffiti en directo del artista local urbano <a href=\"https:\/\/www.aberasturirural.com\/es\/aberasturi\/\">KZN<\/a>, que plasmar\u00e1 la esencia de la Reserva de la Biosfera de Urdaibai, y de la m\u00fasica electr\u00f3nica del proyecto Melodeep del <a href=\"https:\/\/linktr.ee\/paul.larrozea\">DJ Paul Larrozea<\/a>.<\/p>\n<p>El cierre del evento ser\u00e1 de la mano del grupo de danza contempor\u00e1nea LAPSE, cuyas integrantes han creado una pieza especialmente para este d\u00eda.<\/p>\n<p>Las preinscripci\u00f3n limitada a los distintos talleres e iniciativas se podr\u00e1n hacer a trav\u00e9s de la web de <a href=\"https:\/\/www.urdaibai.eus\/es\/urdaibai-gurie\/\">\u201cUrdaibai Gurie\u201d<\/a>. La inscripci\u00f3n de la mayor\u00eda de plazas estar\u00e1n disponibles el mismo d\u00eda del evento, de manera presencial, en el stand principal de Urdaibai Gurie.<\/p>\n<p>&nbsp;<\/p>\n<p><strong>Movimiento Biosfera Naiz <\/strong><\/p>\n<p>En 2021 el Programa MaB de la UNESCO cumpli\u00f3 50 a\u00f1os y Reservas de la Biosfera de todo el mundo se sumaron a la celebraci\u00f3n con iniciativas de distinta \u00edndole. En este contexto, la Reserva de la Biosfera de Urdaibai se sum\u00f3 a la celebraci\u00f3n creando el mencionado movimiento <a href=\"https:\/\/www.urdaibai.eus\/es\/soybiosfera\/\">Biosfera Naiz.<\/a> Este movimiento tiene como objetivo el respeto y cuidado por la biosfera y la construcci\u00f3n de un territorio din\u00e1mico y lleno de posibilidades.<\/p>\n","protected":false},"excerpt":{"rendered":"<p>La segunda edici\u00f3n del evento Urdaibai Gurie, un espacio que representa la oferta de ocio, cultura, arte, artesan\u00eda y gastronom\u00eda del territorio, se celebrar\u00e1 en la Torre Madariaga de Busturia [&hellip;]<\/p>\n","protected":false},"author":2,"featured_media":7752,"comment_status":"closed","ping_status":"closed","sticky":false,"template":"","format":"standard","meta":{"footnotes":""},"categories":[150,85,79],"tags":[],"class_list":["post-7755","post","type-post","status-publish","format-standard","has-post-thumbnail","hentry","category-culture","category-environment","category-sustainable-development"],"yoast_head":"<!-- This site is optimized with the Yoast SEO plugin v27.5 - https:\/\/yoast.com\/product\/yoast-seo-wordpress\/ -->\n<title>Vuelve Urdaibai Gurie el 24 de septiembre - UN ETXEA<\/title>\n<meta name=\"robots\" content=\"index, follow, max-snippet:-1, max-image-preview:large, max-video-preview:-1\" \/>\n<link rel=\"canonical\" href=\"https:\/\/unetxea.org\/en\/vuelve-urdaibai-gurie-el-24-de-septiembre\/\" \/>\n<meta property=\"og:locale\" content=\"en_US\" \/>\n<meta property=\"og:type\" content=\"article\" \/>\n<meta property=\"og:title\" content=\"Vuelve Urdaibai Gurie el 24 de septiembre - UN ETXEA\" \/>\n<meta property=\"og:description\" content=\"La segunda edici\u00f3n del evento Urdaibai Gurie, un espacio que representa la oferta de ocio, cultura, arte, artesan\u00eda y gastronom\u00eda del territorio, se celebrar\u00e1 en la Torre Madariaga de Busturia [&hellip;]\" \/>\n<meta property=\"og:url\" content=\"https:\/\/unetxea.org\/en\/vuelve-urdaibai-gurie-el-24-de-septiembre\/\" \/>\n<meta property=\"og:site_name\" content=\"UN ETXEA\" \/>\n<meta property=\"article:publisher\" content=\"https:\/\/www.facebook.com\/UNetxea\/\" \/>\n<meta property=\"article:published_time\" content=\"2023-09-14T10:12:14+00:00\" \/>\n<meta property=\"article:modified_time\" content=\"2024-07-09T11:30:44+00:00\" \/>\n<meta property=\"og:image\" content=\"https:\/\/unetxea.org\/wp-content\/uploads\/2023\/09\/UrdaibaiGurie-2023-BN-CAS-1.jpg\" \/>\n\t<meta property=\"og:image:width\" content=\"1355\" \/>\n\t<meta property=\"og:image:height\" content=\"400\" \/>\n\t<meta property=\"og:image:type\" content=\"image\/jpeg\" \/>\n<meta name=\"author\" content=\"UN Etxea\" \/>\n<meta name=\"twitter:card\" content=\"summary_large_image\" \/>\n<meta name=\"twitter:creator\" content=\"@UNetxea\" \/>\n<meta name=\"twitter:site\" content=\"@UNetxea\" \/>\n<meta name=\"twitter:label1\" content=\"Written by\" \/>\n\t<meta name=\"twitter:data1\" content=\"UN Etxea\" \/>\n\t<meta name=\"twitter:label2\" content=\"Est. reading time\" \/>\n\t<meta name=\"twitter:data2\" content=\"6 minutes\" \/>\n<script type=\"application\/ld+json\" class=\"yoast-schema-graph\">{\"@context\":\"https:\\\/\\\/schema.org\",\"@graph\":[{\"@type\":\"Article\",\"@id\":\"https:\\\/\\\/unetxea.org\\\/en\\\/vuelve-urdaibai-gurie-el-24-de-septiembre\\\/#article\",\"isPartOf\":{\"@id\":\"https:\\\/\\\/unetxea.org\\\/en\\\/vuelve-urdaibai-gurie-el-24-de-septiembre\\\/\"},\"author\":{\"name\":\"UN Etxea\",\"@id\":\"https:\\\/\\\/unetxea.org\\\/#\\\/schema\\\/person\\\/c115ec46e78902eb5e93b5ca0b96bd2d\"},\"headline\":\"Vuelve Urdaibai Gurie el 24 de septiembre\",\"datePublished\":\"2023-09-14T10:12:14+00:00\",\"dateModified\":\"2024-07-09T11:30:44+00:00\",\"mainEntityOfPage\":{\"@id\":\"https:\\\/\\\/unetxea.org\\\/en\\\/vuelve-urdaibai-gurie-el-24-de-septiembre\\\/\"},\"wordCount\":1134,\"publisher\":{\"@id\":\"https:\\\/\\\/unetxea.org\\\/#organization\"},\"image\":{\"@id\":\"https:\\\/\\\/unetxea.org\\\/en\\\/vuelve-urdaibai-gurie-el-24-de-septiembre\\\/#primaryimage\"},\"thumbnailUrl\":\"https:\\\/\\\/unetxea.org\\\/wp-content\\\/uploads\\\/2023\\\/09\\\/UrdaibaiGurie-2023-BN-CAS-1.jpg\",\"articleSection\":[\"Culture\",\"Environment\",\"Sustainable Development\"],\"inLanguage\":\"en-US\"},{\"@type\":\"WebPage\",\"@id\":\"https:\\\/\\\/unetxea.org\\\/en\\\/vuelve-urdaibai-gurie-el-24-de-septiembre\\\/\",\"url\":\"https:\\\/\\\/unetxea.org\\\/en\\\/vuelve-urdaibai-gurie-el-24-de-septiembre\\\/\",\"name\":\"Vuelve Urdaibai Gurie el 24 de septiembre - UN ETXEA\",\"isPartOf\":{\"@id\":\"https:\\\/\\\/unetxea.org\\\/#website\"},\"primaryImageOfPage\":{\"@id\":\"https:\\\/\\\/unetxea.org\\\/en\\\/vuelve-urdaibai-gurie-el-24-de-septiembre\\\/#primaryimage\"},\"image\":{\"@id\":\"https:\\\/\\\/unetxea.org\\\/en\\\/vuelve-urdaibai-gurie-el-24-de-septiembre\\\/#primaryimage\"},\"thumbnailUrl\":\"https:\\\/\\\/unetxea.org\\\/wp-content\\\/uploads\\\/2023\\\/09\\\/UrdaibaiGurie-2023-BN-CAS-1.jpg\",\"datePublished\":\"2023-09-14T10:12:14+00:00\",\"dateModified\":\"2024-07-09T11:30:44+00:00\",\"breadcrumb\":{\"@id\":\"https:\\\/\\\/unetxea.org\\\/en\\\/vuelve-urdaibai-gurie-el-24-de-septiembre\\\/#breadcrumb\"},\"inLanguage\":\"en-US\",\"potentialAction\":[{\"@type\":\"ReadAction\",\"target\":[\"https:\\\/\\\/unetxea.org\\\/en\\\/vuelve-urdaibai-gurie-el-24-de-septiembre\\\/\"]}]},{\"@type\":\"ImageObject\",\"inLanguage\":\"en-US\",\"@id\":\"https:\\\/\\\/unetxea.org\\\/en\\\/vuelve-urdaibai-gurie-el-24-de-septiembre\\\/#primaryimage\",\"url\":\"https:\\\/\\\/unetxea.org\\\/wp-content\\\/uploads\\\/2023\\\/09\\\/UrdaibaiGurie-2023-BN-CAS-1.jpg\",\"contentUrl\":\"https:\\\/\\\/unetxea.org\\\/wp-content\\\/uploads\\\/2023\\\/09\\\/UrdaibaiGurie-2023-BN-CAS-1.jpg\",\"width\":1355,\"height\":400},{\"@type\":\"BreadcrumbList\",\"@id\":\"https:\\\/\\\/unetxea.org\\\/en\\\/vuelve-urdaibai-gurie-el-24-de-septiembre\\\/#breadcrumb\",\"itemListElement\":[{\"@type\":\"ListItem\",\"position\":1,\"name\":\"Portada\",\"item\":\"https:\\\/\\\/unetxea.org\\\/en\\\/\"},{\"@type\":\"ListItem\",\"position\":2,\"name\":\"Vuelve Urdaibai Gurie el 24 de septiembre\"}]},{\"@type\":\"WebSite\",\"@id\":\"https:\\\/\\\/unetxea.org\\\/#website\",\"url\":\"https:\\\/\\\/unetxea.org\\\/\",\"name\":\"UN ETXEA\",\"description\":\"Asociaci\u00f3n del Pa\u00eds Vasco para la UNESCO\",\"publisher\":{\"@id\":\"https:\\\/\\\/unetxea.org\\\/#organization\"},\"potentialAction\":[{\"@type\":\"SearchAction\",\"target\":{\"@type\":\"EntryPoint\",\"urlTemplate\":\"https:\\\/\\\/unetxea.org\\\/?s={search_term_string}\"},\"query-input\":{\"@type\":\"PropertyValueSpecification\",\"valueRequired\":true,\"valueName\":\"search_term_string\"}}],\"inLanguage\":\"en-US\"},{\"@type\":\"Organization\",\"@id\":\"https:\\\/\\\/unetxea.org\\\/#organization\",\"name\":\"UN ETXEA\",\"url\":\"https:\\\/\\\/unetxea.org\\\/\",\"logo\":{\"@type\":\"ImageObject\",\"inLanguage\":\"en-US\",\"@id\":\"https:\\\/\\\/unetxea.org\\\/#\\\/schema\\\/logo\\\/image\\\/\",\"url\":\"https:\\\/\\\/unetxea.org\\\/wp-content\\\/uploads\\\/2025\\\/01\\\/logo-unetxea500.jpg\",\"contentUrl\":\"https:\\\/\\\/unetxea.org\\\/wp-content\\\/uploads\\\/2025\\\/01\\\/logo-unetxea500.jpg\",\"width\":500,\"height\":484,\"caption\":\"UN ETXEA\"},\"image\":{\"@id\":\"https:\\\/\\\/unetxea.org\\\/#\\\/schema\\\/logo\\\/image\\\/\"},\"sameAs\":[\"https:\\\/\\\/www.facebook.com\\\/UNetxea\\\/\",\"https:\\\/\\\/x.com\\\/UNetxea\",\"https:\\\/\\\/www.youtube.com\\\/@UNetxea\"]},{\"@type\":\"Person\",\"@id\":\"https:\\\/\\\/unetxea.org\\\/#\\\/schema\\\/person\\\/c115ec46e78902eb5e93b5ca0b96bd2d\",\"name\":\"UN Etxea\",\"image\":{\"@type\":\"ImageObject\",\"inLanguage\":\"en-US\",\"@id\":\"https:\\\/\\\/secure.gravatar.com\\\/avatar\\\/67b8d0f0ae884d096f535d6fbbb63507af5ec28b6be2d9db993a2e99f2855e18?s=96&d=mm&r=g\",\"url\":\"https:\\\/\\\/secure.gravatar.com\\\/avatar\\\/67b8d0f0ae884d096f535d6fbbb63507af5ec28b6be2d9db993a2e99f2855e18?s=96&d=mm&r=g\",\"contentUrl\":\"https:\\\/\\\/secure.gravatar.com\\\/avatar\\\/67b8d0f0ae884d096f535d6fbbb63507af5ec28b6be2d9db993a2e99f2855e18?s=96&d=mm&r=g\",\"caption\":\"UN Etxea\"},\"url\":\"https:\\\/\\\/unetxea.org\\\/en\\\/author\\\/nagusitxea\\\/\"}]}<\/script>\n<!-- \/ Yoast SEO plugin. -->","yoast_head_json":{"title":"Vuelve Urdaibai Gurie el 24 de septiembre - UN ETXEA","robots":{"index":"index","follow":"follow","max-snippet":"max-snippet:-1","max-image-preview":"max-image-preview:large","max-video-preview":"max-video-preview:-1"},"canonical":"https:\/\/unetxea.org\/en\/vuelve-urdaibai-gurie-el-24-de-septiembre\/","og_locale":"en_US","og_type":"article","og_title":"Vuelve Urdaibai Gurie el 24 de septiembre - UN ETXEA","og_description":"La segunda edici\u00f3n del evento Urdaibai Gurie, un espacio que representa la oferta de ocio, cultura, arte, artesan\u00eda y gastronom\u00eda del territorio, se celebrar\u00e1 en la Torre Madariaga de Busturia [&hellip;]","og_url":"https:\/\/unetxea.org\/en\/vuelve-urdaibai-gurie-el-24-de-septiembre\/","og_site_name":"UN ETXEA","article_publisher":"https:\/\/www.facebook.com\/UNetxea\/","article_published_time":"2023-09-14T10:12:14+00:00","article_modified_time":"2024-07-09T11:30:44+00:00","og_image":[{"width":1355,"height":400,"url":"https:\/\/unetxea.org\/wp-content\/uploads\/2023\/09\/UrdaibaiGurie-2023-BN-CAS-1.jpg","type":"image\/jpeg"}],"author":"UN Etxea","twitter_card":"summary_large_image","twitter_creator":"@UNetxea","twitter_site":"@UNetxea","twitter_misc":{"Written by":"UN Etxea","Est. reading time":"6 minutes"},"schema":{"@context":"https:\/\/schema.org","@graph":[{"@type":"Article","@id":"https:\/\/unetxea.org\/en\/vuelve-urdaibai-gurie-el-24-de-septiembre\/#article","isPartOf":{"@id":"https:\/\/unetxea.org\/en\/vuelve-urdaibai-gurie-el-24-de-septiembre\/"},"author":{"name":"UN Etxea","@id":"https:\/\/unetxea.org\/#\/schema\/person\/c115ec46e78902eb5e93b5ca0b96bd2d"},"headline":"Vuelve Urdaibai Gurie el 24 de septiembre","datePublished":"2023-09-14T10:12:14+00:00","dateModified":"2024-07-09T11:30:44+00:00","mainEntityOfPage":{"@id":"https:\/\/unetxea.org\/en\/vuelve-urdaibai-gurie-el-24-de-septiembre\/"},"wordCount":1134,"publisher":{"@id":"https:\/\/unetxea.org\/#organization"},"image":{"@id":"https:\/\/unetxea.org\/en\/vuelve-urdaibai-gurie-el-24-de-septiembre\/#primaryimage"},"thumbnailUrl":"https:\/\/unetxea.org\/wp-content\/uploads\/2023\/09\/UrdaibaiGurie-2023-BN-CAS-1.jpg","articleSection":["Culture","Environment","Sustainable Development"],"inLanguage":"en-US"},{"@type":"WebPage","@id":"https:\/\/unetxea.org\/en\/vuelve-urdaibai-gurie-el-24-de-septiembre\/","url":"https:\/\/unetxea.org\/en\/vuelve-urdaibai-gurie-el-24-de-septiembre\/","name":"Vuelve Urdaibai Gurie el 24 de septiembre - UN ETXEA","isPartOf":{"@id":"https:\/\/unetxea.org\/#website"},"primaryImageOfPage":{"@id":"https:\/\/unetxea.org\/en\/vuelve-urdaibai-gurie-el-24-de-septiembre\/#primaryimage"},"image":{"@id":"https:\/\/unetxea.org\/en\/vuelve-urdaibai-gurie-el-24-de-septiembre\/#primaryimage"},"thumbnailUrl":"https:\/\/unetxea.org\/wp-content\/uploads\/2023\/09\/UrdaibaiGurie-2023-BN-CAS-1.jpg","datePublished":"2023-09-14T10:12:14+00:00","dateModified":"2024-07-09T11:30:44+00:00","breadcrumb":{"@id":"https:\/\/unetxea.org\/en\/vuelve-urdaibai-gurie-el-24-de-septiembre\/#breadcrumb"},"inLanguage":"en-US","potentialAction":[{"@type":"ReadAction","target":["https:\/\/unetxea.org\/en\/vuelve-urdaibai-gurie-el-24-de-septiembre\/"]}]},{"@type":"ImageObject","inLanguage":"en-US","@id":"https:\/\/unetxea.org\/en\/vuelve-urdaibai-gurie-el-24-de-septiembre\/#primaryimage","url":"https:\/\/unetxea.org\/wp-content\/uploads\/2023\/09\/UrdaibaiGurie-2023-BN-CAS-1.jpg","contentUrl":"https:\/\/unetxea.org\/wp-content\/uploads\/2023\/09\/UrdaibaiGurie-2023-BN-CAS-1.jpg","width":1355,"height":400},{"@type":"BreadcrumbList","@id":"https:\/\/unetxea.org\/en\/vuelve-urdaibai-gurie-el-24-de-septiembre\/#breadcrumb","itemListElement":[{"@type":"ListItem","position":1,"name":"Portada","item":"https:\/\/unetxea.org\/en\/"},{"@type":"ListItem","position":2,"name":"Vuelve Urdaibai Gurie el 24 de septiembre"}]},{"@type":"WebSite","@id":"https:\/\/unetxea.org\/#website","url":"https:\/\/unetxea.org\/","name":"UN ETXEA","description":"Asociaci\u00f3n del Pa\u00eds Vasco para la UNESCO","publisher":{"@id":"https:\/\/unetxea.org\/#organization"},"potentialAction":[{"@type":"SearchAction","target":{"@type":"EntryPoint","urlTemplate":"https:\/\/unetxea.org\/?s={search_term_string}"},"query-input":{"@type":"PropertyValueSpecification","valueRequired":true,"valueName":"search_term_string"}}],"inLanguage":"en-US"},{"@type":"Organization","@id":"https:\/\/unetxea.org\/#organization","name":"UN ETXEA","url":"https:\/\/unetxea.org\/","logo":{"@type":"ImageObject","inLanguage":"en-US","@id":"https:\/\/unetxea.org\/#\/schema\/logo\/image\/","url":"https:\/\/unetxea.org\/wp-content\/uploads\/2025\/01\/logo-unetxea500.jpg","contentUrl":"https:\/\/unetxea.org\/wp-content\/uploads\/2025\/01\/logo-unetxea500.jpg","width":500,"height":484,"caption":"UN ETXEA"},"image":{"@id":"https:\/\/unetxea.org\/#\/schema\/logo\/image\/"},"sameAs":["https:\/\/www.facebook.com\/UNetxea\/","https:\/\/x.com\/UNetxea","https:\/\/www.youtube.com\/@UNetxea"]},{"@type":"Person","@id":"https:\/\/unetxea.org\/#\/schema\/person\/c115ec46e78902eb5e93b5ca0b96bd2d","name":"UN Etxea","image":{"@type":"ImageObject","inLanguage":"en-US","@id":"https:\/\/secure.gravatar.com\/avatar\/67b8d0f0ae884d096f535d6fbbb63507af5ec28b6be2d9db993a2e99f2855e18?s=96&d=mm&r=g","url":"https:\/\/secure.gravatar.com\/avatar\/67b8d0f0ae884d096f535d6fbbb63507af5ec28b6be2d9db993a2e99f2855e18?s=96&d=mm&r=g","contentUrl":"https:\/\/secure.gravatar.com\/avatar\/67b8d0f0ae884d096f535d6fbbb63507af5ec28b6be2d9db993a2e99f2855e18?s=96&d=mm&r=g","caption":"UN Etxea"},"url":"https:\/\/unetxea.org\/en\/author\/nagusitxea\/"}]}},"_links":{"self":[{"href":"https:\/\/unetxea.org\/en\/wp-json\/wp\/v2\/posts\/7755","targetHints":{"allow":["GET"]}}],"collection":[{"href":"https:\/\/unetxea.org\/en\/wp-json\/wp\/v2\/posts"}],"about":[{"href":"https:\/\/unetxea.org\/en\/wp-json\/wp\/v2\/types\/post"}],"author":[{"embeddable":true,"href":"https:\/\/unetxea.org\/en\/wp-json\/wp\/v2\/users\/2"}],"replies":[{"embeddable":true,"href":"https:\/\/unetxea.org\/en\/wp-json\/wp\/v2\/comments?post=7755"}],"version-history":[{"count":2,"href":"https:\/\/unetxea.org\/en\/wp-json\/wp\/v2\/posts\/7755\/revisions"}],"predecessor-version":[{"id":9930,"href":"https:\/\/unetxea.org\/en\/wp-json\/wp\/v2\/posts\/7755\/revisions\/9930"}],"wp:featuredmedia":[{"embeddable":true,"href":"https:\/\/unetxea.org\/en\/wp-json\/wp\/v2\/media\/7752"}],"wp:attachment":[{"href":"https:\/\/unetxea.org\/en\/wp-json\/wp\/v2\/media?parent=7755"}],"wp:term":[{"taxonomy":"category","embeddable":true,"href":"https:\/\/unetxea.org\/en\/wp-json\/wp\/v2\/categories?post=7755"},{"taxonomy":"post_tag","embeddable":true,"href":"https:\/\/unetxea.org\/en\/wp-json\/wp\/v2\/tags?post=7755"}],"curies":[{"name":"wp","href":"https:\/\/api.w.org\/{rel}","templated":true}]}}