{"id":7766,"date":"2023-09-21T13:09:17","date_gmt":"2023-09-21T11:09:17","guid":{"rendered":"https:\/\/unetxea.org\/del-25-al-28-de-septiembre-viajaremos-a-ginebra-durante-el-54o-periodo-de-sesiones-del-consejo-de-derechos-humanos\/"},"modified":"2024-07-09T13:30:44","modified_gmt":"2024-07-09T11:30:44","slug":"del-25-al-28-de-septiembre-viajaremos-a-ginebra-durante-el-54o-periodo-de-sesiones-del-consejo-de-derechos-humanos","status":"publish","type":"post","link":"https:\/\/unetxea.org\/en\/del-25-al-28-de-septiembre-viajaremos-a-ginebra-durante-el-54o-periodo-de-sesiones-del-consejo-de-derechos-humanos\/","title":{"rendered":"Del 25 al 28 de septiembre viajaremos a Ginebra durante el 54\u00ba periodo de sesiones del Consejo de Derechos Humanos"},"content":{"rendered":"<p>Las 7 personas j\u00f3venes seleccionadas a trav\u00e9s de la <a href=\"https:\/\/unetxea.org\/en\/convocatoria-de-becas\/\">convocatoria de becas<\/a> impulsada desde UN Etxea junto a la Direcci\u00f3n de Derechos Humanos, V\u00edctimas y Diversidad del Gobierno Vasco viajar\u00e1n a Ginebra para participar en el programa formativo \u201cHuman Rights Internship Programme\u201d junto a la representante joven de UN Etxea y la Presidenta del Consejo Vasco de la Juventud (EGK).<\/p>\n<p>El programa formativo que se llevar\u00e1 a cabo durante el 54\u00ba periodo de sesiones del Consejo de Derechos Humanos (CDH) de Naciones Unidas en Ginebra (Suiza), permitir\u00e1 un acercamiento te\u00f3rico y pr\u00e1ctico al funcionamiento de los mecanismos de protecci\u00f3n de los derechos humanos del Sistema de las Naciones Unidas. En esta ocasi\u00f3n, adem\u00e1s, el programa estar\u00e1 enfocado en la promoci\u00f3n de los derechos de las personas j\u00f3venes, as\u00ed como en el empoderamiento de la juventud para la promoci\u00f3n de los derechos humanos en espacios internacionales como el CDH.<\/p>\n<p>&nbsp;<\/p>\n<p>&nbsp;<\/p>\n<p><em>* Imagen:UN Photo\/Elma Okic<\/em><\/p>\n<p>&nbsp;<\/p>\n","protected":false},"excerpt":{"rendered":"<p>Las 7 personas j\u00f3venes seleccionadas a trav\u00e9s de la convocatoria de becas impulsada desde UN Etxea junto a la Direcci\u00f3n de Derechos Humanos, V\u00edctimas y Diversidad del Gobierno Vasco viajar\u00e1n [&hellip;]<\/p>\n","protected":false},"author":2,"featured_media":7473,"comment_status":"closed","ping_status":"closed","sticky":false,"template":"","format":"standard","meta":{"footnotes":""},"categories":[75,77],"tags":[],"class_list":["post-7766","post","type-post","status-publish","format-standard","has-post-thumbnail","hentry","category-grants","category-human-rights"],"yoast_head":"<!-- This site is optimized with the Yoast SEO plugin v27.5 - https:\/\/yoast.com\/product\/yoast-seo-wordpress\/ -->\n<title>Del 25 al 28 de septiembre viajaremos a Ginebra durante el 54\u00ba periodo de sesiones del Consejo de Derechos Humanos - UN ETXEA<\/title>\n<meta name=\"robots\" content=\"index, follow, max-snippet:-1, max-image-preview:large, max-video-preview:-1\" \/>\n<link rel=\"canonical\" href=\"https:\/\/unetxea.org\/en\/del-25-al-28-de-septiembre-viajaremos-a-ginebra-durante-el-54o-periodo-de-sesiones-del-consejo-de-derechos-humanos\/\" \/>\n<meta property=\"og:locale\" content=\"en_US\" \/>\n<meta property=\"og:type\" content=\"article\" \/>\n<meta property=\"og:title\" content=\"Del 25 al 28 de septiembre viajaremos a Ginebra durante el 54\u00ba periodo de sesiones del Consejo de Derechos Humanos - UN ETXEA\" \/>\n<meta property=\"og:description\" content=\"Las 7 personas j\u00f3venes seleccionadas a trav\u00e9s de la convocatoria de becas impulsada desde UN Etxea junto a la Direcci\u00f3n de Derechos Humanos, V\u00edctimas y Diversidad del Gobierno Vasco viajar\u00e1n [&hellip;]\" \/>\n<meta property=\"og:url\" content=\"https:\/\/unetxea.org\/en\/del-25-al-28-de-septiembre-viajaremos-a-ginebra-durante-el-54o-periodo-de-sesiones-del-consejo-de-derechos-humanos\/\" \/>\n<meta property=\"og:site_name\" content=\"UN ETXEA\" \/>\n<meta property=\"article:publisher\" content=\"https:\/\/www.facebook.com\/UNetxea\/\" \/>\n<meta property=\"article:published_time\" content=\"2023-09-21T11:09:17+00:00\" \/>\n<meta property=\"article:modified_time\" content=\"2024-07-09T11:30:44+00:00\" \/>\n<meta property=\"og:image\" content=\"https:\/\/unetxea.org\/wp-content\/uploads\/2023\/06\/becaginebra.jpg\" \/>\n\t<meta property=\"og:image:width\" content=\"1178\" \/>\n\t<meta property=\"og:image:height\" content=\"530\" \/>\n\t<meta property=\"og:image:type\" content=\"image\/jpeg\" \/>\n<meta name=\"author\" content=\"UN Etxea\" \/>\n<meta name=\"twitter:card\" content=\"summary_large_image\" \/>\n<meta name=\"twitter:creator\" content=\"@UNetxea\" \/>\n<meta name=\"twitter:site\" content=\"@UNetxea\" \/>\n<meta name=\"twitter:label1\" content=\"Written by\" \/>\n\t<meta name=\"twitter:data1\" content=\"UN Etxea\" \/>\n\t<meta name=\"twitter:label2\" content=\"Est. reading time\" \/>\n\t<meta name=\"twitter:data2\" content=\"1 minute\" \/>\n<script type=\"application\/ld+json\" class=\"yoast-schema-graph\">{\"@context\":\"https:\\\/\\\/schema.org\",\"@graph\":[{\"@type\":\"Article\",\"@id\":\"https:\\\/\\\/unetxea.org\\\/en\\\/del-25-al-28-de-septiembre-viajaremos-a-ginebra-durante-el-54o-periodo-de-sesiones-del-consejo-de-derechos-humanos\\\/#article\",\"isPartOf\":{\"@id\":\"https:\\\/\\\/unetxea.org\\\/en\\\/del-25-al-28-de-septiembre-viajaremos-a-ginebra-durante-el-54o-periodo-de-sesiones-del-consejo-de-derechos-humanos\\\/\"},\"author\":{\"name\":\"UN Etxea\",\"@id\":\"https:\\\/\\\/unetxea.org\\\/#\\\/schema\\\/person\\\/c115ec46e78902eb5e93b5ca0b96bd2d\"},\"headline\":\"Del 25 al 28 de septiembre viajaremos a Ginebra durante el 54\u00ba periodo de sesiones del Consejo de Derechos Humanos\",\"datePublished\":\"2023-09-21T11:09:17+00:00\",\"dateModified\":\"2024-07-09T11:30:44+00:00\",\"mainEntityOfPage\":{\"@id\":\"https:\\\/\\\/unetxea.org\\\/en\\\/del-25-al-28-de-septiembre-viajaremos-a-ginebra-durante-el-54o-periodo-de-sesiones-del-consejo-de-derechos-humanos\\\/\"},\"wordCount\":184,\"publisher\":{\"@id\":\"https:\\\/\\\/unetxea.org\\\/#organization\"},\"image\":{\"@id\":\"https:\\\/\\\/unetxea.org\\\/en\\\/del-25-al-28-de-septiembre-viajaremos-a-ginebra-durante-el-54o-periodo-de-sesiones-del-consejo-de-derechos-humanos\\\/#primaryimage\"},\"thumbnailUrl\":\"https:\\\/\\\/unetxea.org\\\/wp-content\\\/uploads\\\/2023\\\/06\\\/becaginebra.jpg\",\"articleSection\":[\"Grants\",\"Human Rights\"],\"inLanguage\":\"en-US\"},{\"@type\":\"WebPage\",\"@id\":\"https:\\\/\\\/unetxea.org\\\/en\\\/del-25-al-28-de-septiembre-viajaremos-a-ginebra-durante-el-54o-periodo-de-sesiones-del-consejo-de-derechos-humanos\\\/\",\"url\":\"https:\\\/\\\/unetxea.org\\\/en\\\/del-25-al-28-de-septiembre-viajaremos-a-ginebra-durante-el-54o-periodo-de-sesiones-del-consejo-de-derechos-humanos\\\/\",\"name\":\"Del 25 al 28 de septiembre viajaremos a Ginebra durante el 54\u00ba periodo de sesiones del Consejo de Derechos Humanos - UN ETXEA\",\"isPartOf\":{\"@id\":\"https:\\\/\\\/unetxea.org\\\/#website\"},\"primaryImageOfPage\":{\"@id\":\"https:\\\/\\\/unetxea.org\\\/en\\\/del-25-al-28-de-septiembre-viajaremos-a-ginebra-durante-el-54o-periodo-de-sesiones-del-consejo-de-derechos-humanos\\\/#primaryimage\"},\"image\":{\"@id\":\"https:\\\/\\\/unetxea.org\\\/en\\\/del-25-al-28-de-septiembre-viajaremos-a-ginebra-durante-el-54o-periodo-de-sesiones-del-consejo-de-derechos-humanos\\\/#primaryimage\"},\"thumbnailUrl\":\"https:\\\/\\\/unetxea.org\\\/wp-content\\\/uploads\\\/2023\\\/06\\\/becaginebra.jpg\",\"datePublished\":\"2023-09-21T11:09:17+00:00\",\"dateModified\":\"2024-07-09T11:30:44+00:00\",\"breadcrumb\":{\"@id\":\"https:\\\/\\\/unetxea.org\\\/en\\\/del-25-al-28-de-septiembre-viajaremos-a-ginebra-durante-el-54o-periodo-de-sesiones-del-consejo-de-derechos-humanos\\\/#breadcrumb\"},\"inLanguage\":\"en-US\",\"potentialAction\":[{\"@type\":\"ReadAction\",\"target\":[\"https:\\\/\\\/unetxea.org\\\/en\\\/del-25-al-28-de-septiembre-viajaremos-a-ginebra-durante-el-54o-periodo-de-sesiones-del-consejo-de-derechos-humanos\\\/\"]}]},{\"@type\":\"ImageObject\",\"inLanguage\":\"en-US\",\"@id\":\"https:\\\/\\\/unetxea.org\\\/en\\\/del-25-al-28-de-septiembre-viajaremos-a-ginebra-durante-el-54o-periodo-de-sesiones-del-consejo-de-derechos-humanos\\\/#primaryimage\",\"url\":\"https:\\\/\\\/unetxea.org\\\/wp-content\\\/uploads\\\/2023\\\/06\\\/becaginebra.jpg\",\"contentUrl\":\"https:\\\/\\\/unetxea.org\\\/wp-content\\\/uploads\\\/2023\\\/06\\\/becaginebra.jpg\",\"width\":1178,\"height\":530},{\"@type\":\"BreadcrumbList\",\"@id\":\"https:\\\/\\\/unetxea.org\\\/en\\\/del-25-al-28-de-septiembre-viajaremos-a-ginebra-durante-el-54o-periodo-de-sesiones-del-consejo-de-derechos-humanos\\\/#breadcrumb\",\"itemListElement\":[{\"@type\":\"ListItem\",\"position\":1,\"name\":\"Portada\",\"item\":\"https:\\\/\\\/unetxea.org\\\/en\\\/\"},{\"@type\":\"ListItem\",\"position\":2,\"name\":\"Del 25 al 28 de septiembre viajaremos a Ginebra durante el 54\u00ba periodo de sesiones del Consejo de Derechos Humanos\"}]},{\"@type\":\"WebSite\",\"@id\":\"https:\\\/\\\/unetxea.org\\\/#website\",\"url\":\"https:\\\/\\\/unetxea.org\\\/\",\"name\":\"UN ETXEA\",\"description\":\"Asociaci\u00f3n del Pa\u00eds Vasco para la UNESCO\",\"publisher\":{\"@id\":\"https:\\\/\\\/unetxea.org\\\/#organization\"},\"potentialAction\":[{\"@type\":\"SearchAction\",\"target\":{\"@type\":\"EntryPoint\",\"urlTemplate\":\"https:\\\/\\\/unetxea.org\\\/?s={search_term_string}\"},\"query-input\":{\"@type\":\"PropertyValueSpecification\",\"valueRequired\":true,\"valueName\":\"search_term_string\"}}],\"inLanguage\":\"en-US\"},{\"@type\":\"Organization\",\"@id\":\"https:\\\/\\\/unetxea.org\\\/#organization\",\"name\":\"UN ETXEA\",\"url\":\"https:\\\/\\\/unetxea.org\\\/\",\"logo\":{\"@type\":\"ImageObject\",\"inLanguage\":\"en-US\",\"@id\":\"https:\\\/\\\/unetxea.org\\\/#\\\/schema\\\/logo\\\/image\\\/\",\"url\":\"https:\\\/\\\/unetxea.org\\\/wp-content\\\/uploads\\\/2025\\\/01\\\/logo-unetxea500.jpg\",\"contentUrl\":\"https:\\\/\\\/unetxea.org\\\/wp-content\\\/uploads\\\/2025\\\/01\\\/logo-unetxea500.jpg\",\"width\":500,\"height\":484,\"caption\":\"UN ETXEA\"},\"image\":{\"@id\":\"https:\\\/\\\/unetxea.org\\\/#\\\/schema\\\/logo\\\/image\\\/\"},\"sameAs\":[\"https:\\\/\\\/www.facebook.com\\\/UNetxea\\\/\",\"https:\\\/\\\/x.com\\\/UNetxea\",\"https:\\\/\\\/www.youtube.com\\\/@UNetxea\"]},{\"@type\":\"Person\",\"@id\":\"https:\\\/\\\/unetxea.org\\\/#\\\/schema\\\/person\\\/c115ec46e78902eb5e93b5ca0b96bd2d\",\"name\":\"UN Etxea\",\"image\":{\"@type\":\"ImageObject\",\"inLanguage\":\"en-US\",\"@id\":\"https:\\\/\\\/secure.gravatar.com\\\/avatar\\\/67b8d0f0ae884d096f535d6fbbb63507af5ec28b6be2d9db993a2e99f2855e18?s=96&d=mm&r=g\",\"url\":\"https:\\\/\\\/secure.gravatar.com\\\/avatar\\\/67b8d0f0ae884d096f535d6fbbb63507af5ec28b6be2d9db993a2e99f2855e18?s=96&d=mm&r=g\",\"contentUrl\":\"https:\\\/\\\/secure.gravatar.com\\\/avatar\\\/67b8d0f0ae884d096f535d6fbbb63507af5ec28b6be2d9db993a2e99f2855e18?s=96&d=mm&r=g\",\"caption\":\"UN Etxea\"},\"url\":\"https:\\\/\\\/unetxea.org\\\/en\\\/author\\\/nagusitxea\\\/\"}]}<\/script>\n<!-- \/ Yoast SEO plugin. -->","yoast_head_json":{"title":"Del 25 al 28 de septiembre viajaremos a Ginebra durante el 54\u00ba periodo de sesiones del Consejo de Derechos Humanos - UN ETXEA","robots":{"index":"index","follow":"follow","max-snippet":"max-snippet:-1","max-image-preview":"max-image-preview:large","max-video-preview":"max-video-preview:-1"},"canonical":"https:\/\/unetxea.org\/en\/del-25-al-28-de-septiembre-viajaremos-a-ginebra-durante-el-54o-periodo-de-sesiones-del-consejo-de-derechos-humanos\/","og_locale":"en_US","og_type":"article","og_title":"Del 25 al 28 de septiembre viajaremos a Ginebra durante el 54\u00ba periodo de sesiones del Consejo de Derechos Humanos - UN ETXEA","og_description":"Las 7 personas j\u00f3venes seleccionadas a trav\u00e9s de la convocatoria de becas impulsada desde UN Etxea junto a la Direcci\u00f3n de Derechos Humanos, V\u00edctimas y Diversidad del Gobierno Vasco viajar\u00e1n [&hellip;]","og_url":"https:\/\/unetxea.org\/en\/del-25-al-28-de-septiembre-viajaremos-a-ginebra-durante-el-54o-periodo-de-sesiones-del-consejo-de-derechos-humanos\/","og_site_name":"UN ETXEA","article_publisher":"https:\/\/www.facebook.com\/UNetxea\/","article_published_time":"2023-09-21T11:09:17+00:00","article_modified_time":"2024-07-09T11:30:44+00:00","og_image":[{"width":1178,"height":530,"url":"https:\/\/unetxea.org\/wp-content\/uploads\/2023\/06\/becaginebra.jpg","type":"image\/jpeg"}],"author":"UN Etxea","twitter_card":"summary_large_image","twitter_creator":"@UNetxea","twitter_site":"@UNetxea","twitter_misc":{"Written by":"UN Etxea","Est. reading time":"1 minute"},"schema":{"@context":"https:\/\/schema.org","@graph":[{"@type":"Article","@id":"https:\/\/unetxea.org\/en\/del-25-al-28-de-septiembre-viajaremos-a-ginebra-durante-el-54o-periodo-de-sesiones-del-consejo-de-derechos-humanos\/#article","isPartOf":{"@id":"https:\/\/unetxea.org\/en\/del-25-al-28-de-septiembre-viajaremos-a-ginebra-durante-el-54o-periodo-de-sesiones-del-consejo-de-derechos-humanos\/"},"author":{"name":"UN Etxea","@id":"https:\/\/unetxea.org\/#\/schema\/person\/c115ec46e78902eb5e93b5ca0b96bd2d"},"headline":"Del 25 al 28 de septiembre viajaremos a Ginebra durante el 54\u00ba periodo de sesiones del Consejo de Derechos Humanos","datePublished":"2023-09-21T11:09:17+00:00","dateModified":"2024-07-09T11:30:44+00:00","mainEntityOfPage":{"@id":"https:\/\/unetxea.org\/en\/del-25-al-28-de-septiembre-viajaremos-a-ginebra-durante-el-54o-periodo-de-sesiones-del-consejo-de-derechos-humanos\/"},"wordCount":184,"publisher":{"@id":"https:\/\/unetxea.org\/#organization"},"image":{"@id":"https:\/\/unetxea.org\/en\/del-25-al-28-de-septiembre-viajaremos-a-ginebra-durante-el-54o-periodo-de-sesiones-del-consejo-de-derechos-humanos\/#primaryimage"},"thumbnailUrl":"https:\/\/unetxea.org\/wp-content\/uploads\/2023\/06\/becaginebra.jpg","articleSection":["Grants","Human Rights"],"inLanguage":"en-US"},{"@type":"WebPage","@id":"https:\/\/unetxea.org\/en\/del-25-al-28-de-septiembre-viajaremos-a-ginebra-durante-el-54o-periodo-de-sesiones-del-consejo-de-derechos-humanos\/","url":"https:\/\/unetxea.org\/en\/del-25-al-28-de-septiembre-viajaremos-a-ginebra-durante-el-54o-periodo-de-sesiones-del-consejo-de-derechos-humanos\/","name":"Del 25 al 28 de septiembre viajaremos a Ginebra durante el 54\u00ba periodo de sesiones del Consejo de Derechos Humanos - UN ETXEA","isPartOf":{"@id":"https:\/\/unetxea.org\/#website"},"primaryImageOfPage":{"@id":"https:\/\/unetxea.org\/en\/del-25-al-28-de-septiembre-viajaremos-a-ginebra-durante-el-54o-periodo-de-sesiones-del-consejo-de-derechos-humanos\/#primaryimage"},"image":{"@id":"https:\/\/unetxea.org\/en\/del-25-al-28-de-septiembre-viajaremos-a-ginebra-durante-el-54o-periodo-de-sesiones-del-consejo-de-derechos-humanos\/#primaryimage"},"thumbnailUrl":"https:\/\/unetxea.org\/wp-content\/uploads\/2023\/06\/becaginebra.jpg","datePublished":"2023-09-21T11:09:17+00:00","dateModified":"2024-07-09T11:30:44+00:00","breadcrumb":{"@id":"https:\/\/unetxea.org\/en\/del-25-al-28-de-septiembre-viajaremos-a-ginebra-durante-el-54o-periodo-de-sesiones-del-consejo-de-derechos-humanos\/#breadcrumb"},"inLanguage":"en-US","potentialAction":[{"@type":"ReadAction","target":["https:\/\/unetxea.org\/en\/del-25-al-28-de-septiembre-viajaremos-a-ginebra-durante-el-54o-periodo-de-sesiones-del-consejo-de-derechos-humanos\/"]}]},{"@type":"ImageObject","inLanguage":"en-US","@id":"https:\/\/unetxea.org\/en\/del-25-al-28-de-septiembre-viajaremos-a-ginebra-durante-el-54o-periodo-de-sesiones-del-consejo-de-derechos-humanos\/#primaryimage","url":"https:\/\/unetxea.org\/wp-content\/uploads\/2023\/06\/becaginebra.jpg","contentUrl":"https:\/\/unetxea.org\/wp-content\/uploads\/2023\/06\/becaginebra.jpg","width":1178,"height":530},{"@type":"BreadcrumbList","@id":"https:\/\/unetxea.org\/en\/del-25-al-28-de-septiembre-viajaremos-a-ginebra-durante-el-54o-periodo-de-sesiones-del-consejo-de-derechos-humanos\/#breadcrumb","itemListElement":[{"@type":"ListItem","position":1,"name":"Portada","item":"https:\/\/unetxea.org\/en\/"},{"@type":"ListItem","position":2,"name":"Del 25 al 28 de septiembre viajaremos a Ginebra durante el 54\u00ba periodo de sesiones del Consejo de Derechos Humanos"}]},{"@type":"WebSite","@id":"https:\/\/unetxea.org\/#website","url":"https:\/\/unetxea.org\/","name":"UN ETXEA","description":"Asociaci\u00f3n del Pa\u00eds Vasco para la UNESCO","publisher":{"@id":"https:\/\/unetxea.org\/#organization"},"potentialAction":[{"@type":"SearchAction","target":{"@type":"EntryPoint","urlTemplate":"https:\/\/unetxea.org\/?s={search_term_string}"},"query-input":{"@type":"PropertyValueSpecification","valueRequired":true,"valueName":"search_term_string"}}],"inLanguage":"en-US"},{"@type":"Organization","@id":"https:\/\/unetxea.org\/#organization","name":"UN ETXEA","url":"https:\/\/unetxea.org\/","logo":{"@type":"ImageObject","inLanguage":"en-US","@id":"https:\/\/unetxea.org\/#\/schema\/logo\/image\/","url":"https:\/\/unetxea.org\/wp-content\/uploads\/2025\/01\/logo-unetxea500.jpg","contentUrl":"https:\/\/unetxea.org\/wp-content\/uploads\/2025\/01\/logo-unetxea500.jpg","width":500,"height":484,"caption":"UN ETXEA"},"image":{"@id":"https:\/\/unetxea.org\/#\/schema\/logo\/image\/"},"sameAs":["https:\/\/www.facebook.com\/UNetxea\/","https:\/\/x.com\/UNetxea","https:\/\/www.youtube.com\/@UNetxea"]},{"@type":"Person","@id":"https:\/\/unetxea.org\/#\/schema\/person\/c115ec46e78902eb5e93b5ca0b96bd2d","name":"UN Etxea","image":{"@type":"ImageObject","inLanguage":"en-US","@id":"https:\/\/secure.gravatar.com\/avatar\/67b8d0f0ae884d096f535d6fbbb63507af5ec28b6be2d9db993a2e99f2855e18?s=96&d=mm&r=g","url":"https:\/\/secure.gravatar.com\/avatar\/67b8d0f0ae884d096f535d6fbbb63507af5ec28b6be2d9db993a2e99f2855e18?s=96&d=mm&r=g","contentUrl":"https:\/\/secure.gravatar.com\/avatar\/67b8d0f0ae884d096f535d6fbbb63507af5ec28b6be2d9db993a2e99f2855e18?s=96&d=mm&r=g","caption":"UN Etxea"},"url":"https:\/\/unetxea.org\/en\/author\/nagusitxea\/"}]}},"_links":{"self":[{"href":"https:\/\/unetxea.org\/en\/wp-json\/wp\/v2\/posts\/7766","targetHints":{"allow":["GET"]}}],"collection":[{"href":"https:\/\/unetxea.org\/en\/wp-json\/wp\/v2\/posts"}],"about":[{"href":"https:\/\/unetxea.org\/en\/wp-json\/wp\/v2\/types\/post"}],"author":[{"embeddable":true,"href":"https:\/\/unetxea.org\/en\/wp-json\/wp\/v2\/users\/2"}],"replies":[{"embeddable":true,"href":"https:\/\/unetxea.org\/en\/wp-json\/wp\/v2\/comments?post=7766"}],"version-history":[{"count":1,"href":"https:\/\/unetxea.org\/en\/wp-json\/wp\/v2\/posts\/7766\/revisions"}],"predecessor-version":[{"id":9307,"href":"https:\/\/unetxea.org\/en\/wp-json\/wp\/v2\/posts\/7766\/revisions\/9307"}],"wp:featuredmedia":[{"embeddable":true,"href":"https:\/\/unetxea.org\/en\/wp-json\/wp\/v2\/media\/7473"}],"wp:attachment":[{"href":"https:\/\/unetxea.org\/en\/wp-json\/wp\/v2\/media?parent=7766"}],"wp:term":[{"taxonomy":"category","embeddable":true,"href":"https:\/\/unetxea.org\/en\/wp-json\/wp\/v2\/categories?post=7766"},{"taxonomy":"post_tag","embeddable":true,"href":"https:\/\/unetxea.org\/en\/wp-json\/wp\/v2\/tags?post=7766"}],"curies":[{"name":"wp","href":"https:\/\/api.w.org\/{rel}","templated":true}]}}