{"id":8059,"date":"2023-11-03T15:25:05","date_gmt":"2023-11-03T14:25:05","guid":{"rendered":"https:\/\/unetxea.org\/?p=8059"},"modified":"2024-07-09T13:29:54","modified_gmt":"2024-07-09T11:29:54","slug":"cuaderno-de-bitacora-intercultural-la-ciudad-sonada","status":"publish","type":"post","link":"https:\/\/unetxea.org\/en\/cuaderno-de-bitacora-intercultural-la-ciudad-sonada\/","title":{"rendered":"Cuaderno de Bit\u00e1cora Intercultural: \u201cLa Ciudad So\u00f1ada\u201d"},"content":{"rendered":"<p>El 17 de noviembre, viernes, a las 19:00 en la Sala BBK de Bilbao se presentar\u00e1 la Comunidad de Aprendizaje Cuaderno de Bit\u00e1cora Intercultural con una puesta en escena para la visibilizaci\u00f3n de lo diversa que es nuestra sociedad.<\/p>\n<p>&nbsp;<\/p>\n<p>Durante los \u00faltimos seis meses BBK Kuna y UN Etxea hemos creado un espacio para la reflexi\u00f3n desde las artes y la cultura sobre c\u00f3mo interactuamos, nos sentimos, convivimos y participamos en nuestra sociedad vasca desde un enfoque interseccional e intercultural.<\/p>\n<p>&nbsp;<\/p>\n<p>Desde la escucha, la confianza y la ilusi\u00f3n hemos creado un espacio com\u00fan y compartido en un ambiente abierto, honesto y libre de ataduras y prejuicios en el que hemos construido una obra compartida: La Ciudad So\u00f1ada.<\/p>\n<p>&nbsp;<\/p>\n<p>Las protagonistas de la obra son las propias personas que nos dan testimonio de sus experiencias, anhelos y esperanzas. Personas que, con sus vivencias, invitan a generar un pensamiento cr\u00edtico, un sue\u00f1o sobre c\u00f3mo avanzar hacia unas sociedades m\u00e1s inclusivas, que apuestan por la igualdad, los derechos humanos, el reconocimiento de las diversidades, la interacci\u00f3n y un desarrollo sostenible.<\/p>\n<p>&nbsp;<\/p>\n<p>Marian Andr\u00e9s, Fely del Fresno, Conchi Basabe, Daniela Huber, Sara Arboleda, Mar\u00eda Fernanda Junio, Ana Motta, Malvina Cruz, Javier Arnaiz, Roc\u00edo Re\u00e1tegui, Elena Corral, Juan Ram\u00f3n Parrado y Bego\u00f1a Guzm\u00e1n son parte de esta comunidad, dinamizada por el actor y dramaturgo Cruz Noguera, que el 17 de noviembre mostrar\u00e1 al p\u00fablico el proceso de estos \u00faltimos meses de encuentros, di\u00e1logo y co-creaci\u00f3n.<\/p>\n<p>&nbsp;<\/p>\n<p>Os invitamos a reservar la fecha y quedad atentos a las inscripciones gratuitas para el evento.<\/p>\n<p>&nbsp;<\/p>\n<p><strong>\u00a1Os esperamos en La Ciudad So\u00f1ada!<\/strong><\/p>\n<p>&nbsp;<\/p>\n<ul>\n<li><strong>FECHA: 17 noviembre (viernes)<\/strong><\/li>\n<li><strong>HORA: 19:00<\/strong><\/li>\n<li><strong>LUGAR: Sala BBK <\/strong><\/li>\n<\/ul>\n<p>&nbsp;<\/p>\n<p><img loading=\"lazy\" decoding=\"async\" class=\"wp-image-4131 alignleft\" src=\"https:\/\/unetxea.org\/wp-content\/uploads\/2021\/02\/Logo_formulario2.png\" alt=\"\" width=\"37\" height=\"40\" \/><\/p>\n<p><strong><a href=\"https:\/\/share.hsforms.com\/1-jl6WocyRFW3Nyth67ewxw4srfa\" target=\"_blank\" rel=\"noopener\">RESERVA TU ENTRADA GRATUITA<\/a><\/strong><\/p>\n<p>&nbsp;<\/p>\n<p>&nbsp;<\/p>\n","protected":false},"excerpt":{"rendered":"<p>El 17 de noviembre, viernes, a las 19:00 en la Sala BBK de Bilbao se presentar\u00e1 la Comunidad de Aprendizaje Cuaderno de Bit\u00e1cora Intercultural con una puesta en escena para [&hellip;]<\/p>\n","protected":false},"author":2,"featured_media":8056,"comment_status":"closed","ping_status":"closed","sticky":false,"template":"","format":"standard","meta":{"footnotes":""},"categories":[150],"tags":[],"class_list":["post-8059","post","type-post","status-publish","format-standard","has-post-thumbnail","hentry","category-culture"],"yoast_head":"<!-- This site is optimized with the Yoast SEO plugin v27.5 - https:\/\/yoast.com\/product\/yoast-seo-wordpress\/ -->\n<title>Cuaderno de Bit\u00e1cora Intercultural: \u201cLa Ciudad So\u00f1ada\u201d - UN ETXEA<\/title>\n<meta name=\"robots\" content=\"index, follow, max-snippet:-1, max-image-preview:large, max-video-preview:-1\" \/>\n<link rel=\"canonical\" href=\"https:\/\/unetxea.org\/en\/cuaderno-de-bitacora-intercultural-la-ciudad-sonada\/\" \/>\n<meta property=\"og:locale\" content=\"en_US\" \/>\n<meta property=\"og:type\" content=\"article\" \/>\n<meta property=\"og:title\" content=\"Cuaderno de Bit\u00e1cora Intercultural: \u201cLa Ciudad So\u00f1ada\u201d - UN ETXEA\" \/>\n<meta property=\"og:description\" content=\"El 17 de noviembre, viernes, a las 19:00 en la Sala BBK de Bilbao se presentar\u00e1 la Comunidad de Aprendizaje Cuaderno de Bit\u00e1cora Intercultural con una puesta en escena para [&hellip;]\" \/>\n<meta property=\"og:url\" content=\"https:\/\/unetxea.org\/en\/cuaderno-de-bitacora-intercultural-la-ciudad-sonada\/\" \/>\n<meta property=\"og:site_name\" content=\"UN ETXEA\" \/>\n<meta property=\"article:publisher\" content=\"https:\/\/www.facebook.com\/UNetxea\/\" \/>\n<meta property=\"article:published_time\" content=\"2023-11-03T14:25:05+00:00\" \/>\n<meta property=\"article:modified_time\" content=\"2024-07-09T11:29:54+00:00\" \/>\n<meta property=\"og:image\" content=\"https:\/\/unetxea.org\/wp-content\/uploads\/2023\/11\/ciudad-sonada-cuaderno-bitacora2023.jpg\" \/>\n\t<meta property=\"og:image:width\" content=\"1000\" \/>\n\t<meta property=\"og:image:height\" content=\"541\" \/>\n\t<meta property=\"og:image:type\" content=\"image\/jpeg\" \/>\n<meta name=\"author\" content=\"UN Etxea\" \/>\n<meta name=\"twitter:card\" content=\"summary_large_image\" \/>\n<meta name=\"twitter:creator\" content=\"@UNetxea\" \/>\n<meta name=\"twitter:site\" content=\"@UNetxea\" \/>\n<meta name=\"twitter:label1\" content=\"Written by\" \/>\n\t<meta name=\"twitter:data1\" content=\"UN Etxea\" \/>\n\t<meta name=\"twitter:label2\" content=\"Est. reading time\" \/>\n\t<meta name=\"twitter:data2\" content=\"2 minutes\" \/>\n<script type=\"application\/ld+json\" class=\"yoast-schema-graph\">{\"@context\":\"https:\\\/\\\/schema.org\",\"@graph\":[{\"@type\":\"Article\",\"@id\":\"https:\\\/\\\/unetxea.org\\\/en\\\/cuaderno-de-bitacora-intercultural-la-ciudad-sonada\\\/#article\",\"isPartOf\":{\"@id\":\"https:\\\/\\\/unetxea.org\\\/en\\\/cuaderno-de-bitacora-intercultural-la-ciudad-sonada\\\/\"},\"author\":{\"name\":\"UN Etxea\",\"@id\":\"https:\\\/\\\/unetxea.org\\\/#\\\/schema\\\/person\\\/c115ec46e78902eb5e93b5ca0b96bd2d\"},\"headline\":\"Cuaderno de Bit\u00e1cora Intercultural: \u201cLa Ciudad So\u00f1ada\u201d\",\"datePublished\":\"2023-11-03T14:25:05+00:00\",\"dateModified\":\"2024-07-09T11:29:54+00:00\",\"mainEntityOfPage\":{\"@id\":\"https:\\\/\\\/unetxea.org\\\/en\\\/cuaderno-de-bitacora-intercultural-la-ciudad-sonada\\\/\"},\"wordCount\":310,\"publisher\":{\"@id\":\"https:\\\/\\\/unetxea.org\\\/#organization\"},\"image\":{\"@id\":\"https:\\\/\\\/unetxea.org\\\/en\\\/cuaderno-de-bitacora-intercultural-la-ciudad-sonada\\\/#primaryimage\"},\"thumbnailUrl\":\"https:\\\/\\\/unetxea.org\\\/wp-content\\\/uploads\\\/2023\\\/11\\\/ciudad-sonada-cuaderno-bitacora2023.jpg\",\"articleSection\":[\"Culture\"],\"inLanguage\":\"en-US\"},{\"@type\":\"WebPage\",\"@id\":\"https:\\\/\\\/unetxea.org\\\/en\\\/cuaderno-de-bitacora-intercultural-la-ciudad-sonada\\\/\",\"url\":\"https:\\\/\\\/unetxea.org\\\/en\\\/cuaderno-de-bitacora-intercultural-la-ciudad-sonada\\\/\",\"name\":\"Cuaderno de Bit\u00e1cora Intercultural: \u201cLa Ciudad So\u00f1ada\u201d - UN ETXEA\",\"isPartOf\":{\"@id\":\"https:\\\/\\\/unetxea.org\\\/#website\"},\"primaryImageOfPage\":{\"@id\":\"https:\\\/\\\/unetxea.org\\\/en\\\/cuaderno-de-bitacora-intercultural-la-ciudad-sonada\\\/#primaryimage\"},\"image\":{\"@id\":\"https:\\\/\\\/unetxea.org\\\/en\\\/cuaderno-de-bitacora-intercultural-la-ciudad-sonada\\\/#primaryimage\"},\"thumbnailUrl\":\"https:\\\/\\\/unetxea.org\\\/wp-content\\\/uploads\\\/2023\\\/11\\\/ciudad-sonada-cuaderno-bitacora2023.jpg\",\"datePublished\":\"2023-11-03T14:25:05+00:00\",\"dateModified\":\"2024-07-09T11:29:54+00:00\",\"breadcrumb\":{\"@id\":\"https:\\\/\\\/unetxea.org\\\/en\\\/cuaderno-de-bitacora-intercultural-la-ciudad-sonada\\\/#breadcrumb\"},\"inLanguage\":\"en-US\",\"potentialAction\":[{\"@type\":\"ReadAction\",\"target\":[\"https:\\\/\\\/unetxea.org\\\/en\\\/cuaderno-de-bitacora-intercultural-la-ciudad-sonada\\\/\"]}]},{\"@type\":\"ImageObject\",\"inLanguage\":\"en-US\",\"@id\":\"https:\\\/\\\/unetxea.org\\\/en\\\/cuaderno-de-bitacora-intercultural-la-ciudad-sonada\\\/#primaryimage\",\"url\":\"https:\\\/\\\/unetxea.org\\\/wp-content\\\/uploads\\\/2023\\\/11\\\/ciudad-sonada-cuaderno-bitacora2023.jpg\",\"contentUrl\":\"https:\\\/\\\/unetxea.org\\\/wp-content\\\/uploads\\\/2023\\\/11\\\/ciudad-sonada-cuaderno-bitacora2023.jpg\",\"width\":1000,\"height\":541},{\"@type\":\"BreadcrumbList\",\"@id\":\"https:\\\/\\\/unetxea.org\\\/en\\\/cuaderno-de-bitacora-intercultural-la-ciudad-sonada\\\/#breadcrumb\",\"itemListElement\":[{\"@type\":\"ListItem\",\"position\":1,\"name\":\"Portada\",\"item\":\"https:\\\/\\\/unetxea.org\\\/en\\\/\"},{\"@type\":\"ListItem\",\"position\":2,\"name\":\"Cuaderno de Bit\u00e1cora Intercultural: \u201cLa Ciudad So\u00f1ada\u201d\"}]},{\"@type\":\"WebSite\",\"@id\":\"https:\\\/\\\/unetxea.org\\\/#website\",\"url\":\"https:\\\/\\\/unetxea.org\\\/\",\"name\":\"UN ETXEA\",\"description\":\"Asociaci\u00f3n del Pa\u00eds Vasco para la UNESCO\",\"publisher\":{\"@id\":\"https:\\\/\\\/unetxea.org\\\/#organization\"},\"potentialAction\":[{\"@type\":\"SearchAction\",\"target\":{\"@type\":\"EntryPoint\",\"urlTemplate\":\"https:\\\/\\\/unetxea.org\\\/?s={search_term_string}\"},\"query-input\":{\"@type\":\"PropertyValueSpecification\",\"valueRequired\":true,\"valueName\":\"search_term_string\"}}],\"inLanguage\":\"en-US\"},{\"@type\":\"Organization\",\"@id\":\"https:\\\/\\\/unetxea.org\\\/#organization\",\"name\":\"UN ETXEA\",\"url\":\"https:\\\/\\\/unetxea.org\\\/\",\"logo\":{\"@type\":\"ImageObject\",\"inLanguage\":\"en-US\",\"@id\":\"https:\\\/\\\/unetxea.org\\\/#\\\/schema\\\/logo\\\/image\\\/\",\"url\":\"https:\\\/\\\/unetxea.org\\\/wp-content\\\/uploads\\\/2025\\\/01\\\/logo-unetxea500.jpg\",\"contentUrl\":\"https:\\\/\\\/unetxea.org\\\/wp-content\\\/uploads\\\/2025\\\/01\\\/logo-unetxea500.jpg\",\"width\":500,\"height\":484,\"caption\":\"UN ETXEA\"},\"image\":{\"@id\":\"https:\\\/\\\/unetxea.org\\\/#\\\/schema\\\/logo\\\/image\\\/\"},\"sameAs\":[\"https:\\\/\\\/www.facebook.com\\\/UNetxea\\\/\",\"https:\\\/\\\/x.com\\\/UNetxea\",\"https:\\\/\\\/www.youtube.com\\\/@UNetxea\"]},{\"@type\":\"Person\",\"@id\":\"https:\\\/\\\/unetxea.org\\\/#\\\/schema\\\/person\\\/c115ec46e78902eb5e93b5ca0b96bd2d\",\"name\":\"UN Etxea\",\"image\":{\"@type\":\"ImageObject\",\"inLanguage\":\"en-US\",\"@id\":\"https:\\\/\\\/secure.gravatar.com\\\/avatar\\\/67b8d0f0ae884d096f535d6fbbb63507af5ec28b6be2d9db993a2e99f2855e18?s=96&d=mm&r=g\",\"url\":\"https:\\\/\\\/secure.gravatar.com\\\/avatar\\\/67b8d0f0ae884d096f535d6fbbb63507af5ec28b6be2d9db993a2e99f2855e18?s=96&d=mm&r=g\",\"contentUrl\":\"https:\\\/\\\/secure.gravatar.com\\\/avatar\\\/67b8d0f0ae884d096f535d6fbbb63507af5ec28b6be2d9db993a2e99f2855e18?s=96&d=mm&r=g\",\"caption\":\"UN Etxea\"},\"url\":\"https:\\\/\\\/unetxea.org\\\/en\\\/author\\\/nagusitxea\\\/\"}]}<\/script>\n<!-- \/ Yoast SEO plugin. -->","yoast_head_json":{"title":"Cuaderno de Bit\u00e1cora Intercultural: \u201cLa Ciudad So\u00f1ada\u201d - UN ETXEA","robots":{"index":"index","follow":"follow","max-snippet":"max-snippet:-1","max-image-preview":"max-image-preview:large","max-video-preview":"max-video-preview:-1"},"canonical":"https:\/\/unetxea.org\/en\/cuaderno-de-bitacora-intercultural-la-ciudad-sonada\/","og_locale":"en_US","og_type":"article","og_title":"Cuaderno de Bit\u00e1cora Intercultural: \u201cLa Ciudad So\u00f1ada\u201d - UN ETXEA","og_description":"El 17 de noviembre, viernes, a las 19:00 en la Sala BBK de Bilbao se presentar\u00e1 la Comunidad de Aprendizaje Cuaderno de Bit\u00e1cora Intercultural con una puesta en escena para [&hellip;]","og_url":"https:\/\/unetxea.org\/en\/cuaderno-de-bitacora-intercultural-la-ciudad-sonada\/","og_site_name":"UN ETXEA","article_publisher":"https:\/\/www.facebook.com\/UNetxea\/","article_published_time":"2023-11-03T14:25:05+00:00","article_modified_time":"2024-07-09T11:29:54+00:00","og_image":[{"width":1000,"height":541,"url":"https:\/\/unetxea.org\/wp-content\/uploads\/2023\/11\/ciudad-sonada-cuaderno-bitacora2023.jpg","type":"image\/jpeg"}],"author":"UN Etxea","twitter_card":"summary_large_image","twitter_creator":"@UNetxea","twitter_site":"@UNetxea","twitter_misc":{"Written by":"UN Etxea","Est. reading time":"2 minutes"},"schema":{"@context":"https:\/\/schema.org","@graph":[{"@type":"Article","@id":"https:\/\/unetxea.org\/en\/cuaderno-de-bitacora-intercultural-la-ciudad-sonada\/#article","isPartOf":{"@id":"https:\/\/unetxea.org\/en\/cuaderno-de-bitacora-intercultural-la-ciudad-sonada\/"},"author":{"name":"UN Etxea","@id":"https:\/\/unetxea.org\/#\/schema\/person\/c115ec46e78902eb5e93b5ca0b96bd2d"},"headline":"Cuaderno de Bit\u00e1cora Intercultural: \u201cLa Ciudad So\u00f1ada\u201d","datePublished":"2023-11-03T14:25:05+00:00","dateModified":"2024-07-09T11:29:54+00:00","mainEntityOfPage":{"@id":"https:\/\/unetxea.org\/en\/cuaderno-de-bitacora-intercultural-la-ciudad-sonada\/"},"wordCount":310,"publisher":{"@id":"https:\/\/unetxea.org\/#organization"},"image":{"@id":"https:\/\/unetxea.org\/en\/cuaderno-de-bitacora-intercultural-la-ciudad-sonada\/#primaryimage"},"thumbnailUrl":"https:\/\/unetxea.org\/wp-content\/uploads\/2023\/11\/ciudad-sonada-cuaderno-bitacora2023.jpg","articleSection":["Culture"],"inLanguage":"en-US"},{"@type":"WebPage","@id":"https:\/\/unetxea.org\/en\/cuaderno-de-bitacora-intercultural-la-ciudad-sonada\/","url":"https:\/\/unetxea.org\/en\/cuaderno-de-bitacora-intercultural-la-ciudad-sonada\/","name":"Cuaderno de Bit\u00e1cora Intercultural: \u201cLa Ciudad So\u00f1ada\u201d - UN ETXEA","isPartOf":{"@id":"https:\/\/unetxea.org\/#website"},"primaryImageOfPage":{"@id":"https:\/\/unetxea.org\/en\/cuaderno-de-bitacora-intercultural-la-ciudad-sonada\/#primaryimage"},"image":{"@id":"https:\/\/unetxea.org\/en\/cuaderno-de-bitacora-intercultural-la-ciudad-sonada\/#primaryimage"},"thumbnailUrl":"https:\/\/unetxea.org\/wp-content\/uploads\/2023\/11\/ciudad-sonada-cuaderno-bitacora2023.jpg","datePublished":"2023-11-03T14:25:05+00:00","dateModified":"2024-07-09T11:29:54+00:00","breadcrumb":{"@id":"https:\/\/unetxea.org\/en\/cuaderno-de-bitacora-intercultural-la-ciudad-sonada\/#breadcrumb"},"inLanguage":"en-US","potentialAction":[{"@type":"ReadAction","target":["https:\/\/unetxea.org\/en\/cuaderno-de-bitacora-intercultural-la-ciudad-sonada\/"]}]},{"@type":"ImageObject","inLanguage":"en-US","@id":"https:\/\/unetxea.org\/en\/cuaderno-de-bitacora-intercultural-la-ciudad-sonada\/#primaryimage","url":"https:\/\/unetxea.org\/wp-content\/uploads\/2023\/11\/ciudad-sonada-cuaderno-bitacora2023.jpg","contentUrl":"https:\/\/unetxea.org\/wp-content\/uploads\/2023\/11\/ciudad-sonada-cuaderno-bitacora2023.jpg","width":1000,"height":541},{"@type":"BreadcrumbList","@id":"https:\/\/unetxea.org\/en\/cuaderno-de-bitacora-intercultural-la-ciudad-sonada\/#breadcrumb","itemListElement":[{"@type":"ListItem","position":1,"name":"Portada","item":"https:\/\/unetxea.org\/en\/"},{"@type":"ListItem","position":2,"name":"Cuaderno de Bit\u00e1cora Intercultural: \u201cLa Ciudad So\u00f1ada\u201d"}]},{"@type":"WebSite","@id":"https:\/\/unetxea.org\/#website","url":"https:\/\/unetxea.org\/","name":"UN ETXEA","description":"Asociaci\u00f3n del Pa\u00eds Vasco para la UNESCO","publisher":{"@id":"https:\/\/unetxea.org\/#organization"},"potentialAction":[{"@type":"SearchAction","target":{"@type":"EntryPoint","urlTemplate":"https:\/\/unetxea.org\/?s={search_term_string}"},"query-input":{"@type":"PropertyValueSpecification","valueRequired":true,"valueName":"search_term_string"}}],"inLanguage":"en-US"},{"@type":"Organization","@id":"https:\/\/unetxea.org\/#organization","name":"UN ETXEA","url":"https:\/\/unetxea.org\/","logo":{"@type":"ImageObject","inLanguage":"en-US","@id":"https:\/\/unetxea.org\/#\/schema\/logo\/image\/","url":"https:\/\/unetxea.org\/wp-content\/uploads\/2025\/01\/logo-unetxea500.jpg","contentUrl":"https:\/\/unetxea.org\/wp-content\/uploads\/2025\/01\/logo-unetxea500.jpg","width":500,"height":484,"caption":"UN ETXEA"},"image":{"@id":"https:\/\/unetxea.org\/#\/schema\/logo\/image\/"},"sameAs":["https:\/\/www.facebook.com\/UNetxea\/","https:\/\/x.com\/UNetxea","https:\/\/www.youtube.com\/@UNetxea"]},{"@type":"Person","@id":"https:\/\/unetxea.org\/#\/schema\/person\/c115ec46e78902eb5e93b5ca0b96bd2d","name":"UN Etxea","image":{"@type":"ImageObject","inLanguage":"en-US","@id":"https:\/\/secure.gravatar.com\/avatar\/67b8d0f0ae884d096f535d6fbbb63507af5ec28b6be2d9db993a2e99f2855e18?s=96&d=mm&r=g","url":"https:\/\/secure.gravatar.com\/avatar\/67b8d0f0ae884d096f535d6fbbb63507af5ec28b6be2d9db993a2e99f2855e18?s=96&d=mm&r=g","contentUrl":"https:\/\/secure.gravatar.com\/avatar\/67b8d0f0ae884d096f535d6fbbb63507af5ec28b6be2d9db993a2e99f2855e18?s=96&d=mm&r=g","caption":"UN Etxea"},"url":"https:\/\/unetxea.org\/en\/author\/nagusitxea\/"}]}},"_links":{"self":[{"href":"https:\/\/unetxea.org\/en\/wp-json\/wp\/v2\/posts\/8059","targetHints":{"allow":["GET"]}}],"collection":[{"href":"https:\/\/unetxea.org\/en\/wp-json\/wp\/v2\/posts"}],"about":[{"href":"https:\/\/unetxea.org\/en\/wp-json\/wp\/v2\/types\/post"}],"author":[{"embeddable":true,"href":"https:\/\/unetxea.org\/en\/wp-json\/wp\/v2\/users\/2"}],"replies":[{"embeddable":true,"href":"https:\/\/unetxea.org\/en\/wp-json\/wp\/v2\/comments?post=8059"}],"version-history":[{"count":1,"href":"https:\/\/unetxea.org\/en\/wp-json\/wp\/v2\/posts\/8059\/revisions"}],"predecessor-version":[{"id":8601,"href":"https:\/\/unetxea.org\/en\/wp-json\/wp\/v2\/posts\/8059\/revisions\/8601"}],"wp:featuredmedia":[{"embeddable":true,"href":"https:\/\/unetxea.org\/en\/wp-json\/wp\/v2\/media\/8056"}],"wp:attachment":[{"href":"https:\/\/unetxea.org\/en\/wp-json\/wp\/v2\/media?parent=8059"}],"wp:term":[{"taxonomy":"category","embeddable":true,"href":"https:\/\/unetxea.org\/en\/wp-json\/wp\/v2\/categories?post=8059"},{"taxonomy":"post_tag","embeddable":true,"href":"https:\/\/unetxea.org\/en\/wp-json\/wp\/v2\/tags?post=8059"}],"curies":[{"name":"wp","href":"https:\/\/api.w.org\/{rel}","templated":true}]}}