{"id":8640,"date":"2024-01-25T14:00:11","date_gmt":"2024-01-25T13:00:11","guid":{"rendered":"https:\/\/unetxea.org\/?p=8640"},"modified":"2024-07-09T13:29:19","modified_gmt":"2024-07-09T11:29:19","slug":"un-etxea-participa-en-la-jornada-avanzando-en-la-meta-4-7-el-reto-de-la-ciudadania-global-como-una-politica-publica-comun-y-compartida","status":"publish","type":"post","link":"https:\/\/unetxea.org\/en\/un-etxea-participa-en-la-jornada-avanzando-en-la-meta-4-7-el-reto-de-la-ciudadania-global-como-una-politica-publica-comun-y-compartida\/","title":{"rendered":"UN Etxea participa en la jornada \u201cAvanzando en la meta 4.7: El reto de la Ciudadan\u00eda Global como una pol\u00edtica p\u00fablica com\u00fan y compartida\u201d"},"content":{"rendered":"<p>Con ocasi\u00f3n del D\u00eda Internacional de la Educaci\u00f3n, proclamado por la ONU para promover la educaci\u00f3n de calidad, inclusiva y equitativa para todos, el <a href=\"https:\/\/www.4punto7.org\/\">Movimiento 4.7<\/a> organiz\u00f3 el 24 de Enero la jornada: <em>\u201cAvanzando en la meta 4.7: El reto de la Ciudadan\u00eda Global como una pol\u00edtica p\u00fablica com\u00fan y compartida\u201d<\/em>, contando con la presencia de la Agencia Espa\u00f1ola de Cooperaci\u00f3n Internacional y con distintos representantes auton\u00f3micos de las \u00e1reas que abordan esta l\u00ednea de trabajo.<\/p>\n<p>&nbsp;<\/p>\n<p>La jornada se celebr\u00f3 en el Centro Cultural La Corrala, en Madrid y tuvo como objetivo establecer un di\u00e1logo intersectorial sobre las distintas pol\u00edticas, tem\u00e1ticas y competencias que aborda la Educaci\u00f3n para el Desarrollo Sostenible y la Ciudadan\u00eda Global. Se establecieron espacios de encuentro y propuestas entre distintos actores de la sociedad civil, de la comunidad educativa y de las administraciones p\u00fablicas para avanzar en la consecuci\u00f3n de la meta 4.7 que se establece en los Objetivos de Desarrollo Sostenible.<\/p>\n<p>&nbsp;<\/p>\n<p>En la sesi\u00f3n vespertina tuvo lugar el segundo encuentro plenario del Movimiento 4.7., un espacio de encuentro y construcci\u00f3n colectiva entre sectores diversos \u2013 ONG, movimientos ciudadanos, plataformas, redes y sindicatos que, desde un liderazgo colectivo impulsa la acci\u00f3n pol\u00edtica en torno a la necesidad de incorporar, medir y financiar adecuadamente la <em>Educaci\u00f3n para la Ciudadan\u00eda Global<\/em> en Espa\u00f1a a nivel local, auton\u00f3mico y nacional.<\/p>\n<p>&nbsp;<\/p>\n<p>UN Etxea es parte del equipo coordinador del Movimiento 4.7 y ha contribuido recientemente a la elaboraci\u00f3n de la siguiente publicaci\u00f3n: <strong><a href=\"https:\/\/www.4punto7.org\/wp-content\/uploads\/2023\/12\/SerySaberPerfilDocenteparaDSCG-02.pdf\" target=\"_blank\" rel=\"noopener\">Ser y Saber: Perfil docente para el Desarrollo Sostenible y la Ciudadan\u00eda Global<\/a><\/strong>.<\/p>\n<p>&nbsp;<\/p>\n<p>Varias entidades del <a href=\"https:\/\/www.factoria-4-7.org\/rce-basque-country-navarre\/\" target=\"_blank\" rel=\"noopener\">RCE Basque Country \u2013 Navarre<\/a> son parte activa del Movimiento 4.7 y participaron en la jornada.<\/p>\n","protected":false},"excerpt":{"rendered":"<p>Con ocasi\u00f3n del D\u00eda Internacional de la Educaci\u00f3n, proclamado por la ONU para promover la educaci\u00f3n de calidad, inclusiva y equitativa para todos, el Movimiento 4.7 organiz\u00f3 el 24 de [&hellip;]<\/p>\n","protected":false},"author":2,"featured_media":8638,"comment_status":"closed","ping_status":"closed","sticky":false,"template":"","format":"standard","meta":{"footnotes":""},"categories":[73,81],"tags":[],"class_list":["post-8640","post","type-post","status-publish","format-standard","has-post-thumbnail","hentry","category-2030-agenda","category-education"],"yoast_head":"<!-- This site is optimized with the Yoast SEO plugin v27.5 - https:\/\/yoast.com\/product\/yoast-seo-wordpress\/ -->\n<title>UN Etxea participa en la jornada \u201cAvanzando en la meta 4.7: El reto de la Ciudadan\u00eda Global como una pol\u00edtica p\u00fablica com\u00fan y compartida\u201d - UN ETXEA<\/title>\n<meta name=\"robots\" content=\"index, follow, max-snippet:-1, max-image-preview:large, max-video-preview:-1\" \/>\n<link rel=\"canonical\" href=\"https:\/\/unetxea.org\/en\/un-etxea-participa-en-la-jornada-avanzando-en-la-meta-4-7-el-reto-de-la-ciudadania-global-como-una-politica-publica-comun-y-compartida\/\" \/>\n<meta property=\"og:locale\" content=\"en_US\" \/>\n<meta property=\"og:type\" content=\"article\" \/>\n<meta property=\"og:title\" content=\"UN Etxea participa en la jornada \u201cAvanzando en la meta 4.7: El reto de la Ciudadan\u00eda Global como una pol\u00edtica p\u00fablica com\u00fan y compartida\u201d - UN ETXEA\" \/>\n<meta property=\"og:description\" content=\"Con ocasi\u00f3n del D\u00eda Internacional de la Educaci\u00f3n, proclamado por la ONU para promover la educaci\u00f3n de calidad, inclusiva y equitativa para todos, el Movimiento 4.7 organiz\u00f3 el 24 de [&hellip;]\" \/>\n<meta property=\"og:url\" content=\"https:\/\/unetxea.org\/en\/un-etxea-participa-en-la-jornada-avanzando-en-la-meta-4-7-el-reto-de-la-ciudadania-global-como-una-politica-publica-comun-y-compartida\/\" \/>\n<meta property=\"og:site_name\" content=\"UN ETXEA\" \/>\n<meta property=\"article:publisher\" content=\"https:\/\/www.facebook.com\/UNetxea\/\" \/>\n<meta property=\"article:published_time\" content=\"2024-01-25T13:00:11+00:00\" \/>\n<meta property=\"article:modified_time\" content=\"2024-07-09T11:29:19+00:00\" \/>\n<meta property=\"og:image\" content=\"https:\/\/unetxea.org\/wp-content\/uploads\/2024\/01\/mov4-7-jornada-berria.jpg\" \/>\n\t<meta property=\"og:image:width\" content=\"1106\" \/>\n\t<meta property=\"og:image:height\" content=\"547\" \/>\n\t<meta property=\"og:image:type\" content=\"image\/jpeg\" \/>\n<meta name=\"author\" content=\"UN Etxea\" \/>\n<meta name=\"twitter:card\" content=\"summary_large_image\" \/>\n<meta name=\"twitter:creator\" content=\"@UNetxea\" \/>\n<meta name=\"twitter:site\" content=\"@UNetxea\" \/>\n<meta name=\"twitter:label1\" content=\"Written by\" \/>\n\t<meta name=\"twitter:data1\" content=\"UN Etxea\" \/>\n\t<meta name=\"twitter:label2\" content=\"Est. reading time\" \/>\n\t<meta name=\"twitter:data2\" content=\"1 minute\" \/>\n<script type=\"application\/ld+json\" class=\"yoast-schema-graph\">{\"@context\":\"https:\\\/\\\/schema.org\",\"@graph\":[{\"@type\":\"Article\",\"@id\":\"https:\\\/\\\/unetxea.org\\\/en\\\/un-etxea-participa-en-la-jornada-avanzando-en-la-meta-4-7-el-reto-de-la-ciudadania-global-como-una-politica-publica-comun-y-compartida\\\/#article\",\"isPartOf\":{\"@id\":\"https:\\\/\\\/unetxea.org\\\/en\\\/un-etxea-participa-en-la-jornada-avanzando-en-la-meta-4-7-el-reto-de-la-ciudadania-global-como-una-politica-publica-comun-y-compartida\\\/\"},\"author\":{\"name\":\"UN Etxea\",\"@id\":\"https:\\\/\\\/unetxea.org\\\/#\\\/schema\\\/person\\\/c115ec46e78902eb5e93b5ca0b96bd2d\"},\"headline\":\"UN Etxea participa en la jornada \u201cAvanzando en la meta 4.7: El reto de la Ciudadan\u00eda Global como una pol\u00edtica p\u00fablica com\u00fan y compartida\u201d\",\"datePublished\":\"2024-01-25T13:00:11+00:00\",\"dateModified\":\"2024-07-09T11:29:19+00:00\",\"mainEntityOfPage\":{\"@id\":\"https:\\\/\\\/unetxea.org\\\/en\\\/un-etxea-participa-en-la-jornada-avanzando-en-la-meta-4-7-el-reto-de-la-ciudadania-global-como-una-politica-publica-comun-y-compartida\\\/\"},\"wordCount\":326,\"publisher\":{\"@id\":\"https:\\\/\\\/unetxea.org\\\/#organization\"},\"image\":{\"@id\":\"https:\\\/\\\/unetxea.org\\\/en\\\/un-etxea-participa-en-la-jornada-avanzando-en-la-meta-4-7-el-reto-de-la-ciudadania-global-como-una-politica-publica-comun-y-compartida\\\/#primaryimage\"},\"thumbnailUrl\":\"https:\\\/\\\/unetxea.org\\\/wp-content\\\/uploads\\\/2024\\\/01\\\/mov4-7-jornada-berria.jpg\",\"articleSection\":[\"2030 agenda\",\"Education\"],\"inLanguage\":\"en-US\"},{\"@type\":\"WebPage\",\"@id\":\"https:\\\/\\\/unetxea.org\\\/en\\\/un-etxea-participa-en-la-jornada-avanzando-en-la-meta-4-7-el-reto-de-la-ciudadania-global-como-una-politica-publica-comun-y-compartida\\\/\",\"url\":\"https:\\\/\\\/unetxea.org\\\/en\\\/un-etxea-participa-en-la-jornada-avanzando-en-la-meta-4-7-el-reto-de-la-ciudadania-global-como-una-politica-publica-comun-y-compartida\\\/\",\"name\":\"UN Etxea participa en la jornada \u201cAvanzando en la meta 4.7: El reto de la Ciudadan\u00eda Global como una pol\u00edtica p\u00fablica com\u00fan y compartida\u201d - UN ETXEA\",\"isPartOf\":{\"@id\":\"https:\\\/\\\/unetxea.org\\\/#website\"},\"primaryImageOfPage\":{\"@id\":\"https:\\\/\\\/unetxea.org\\\/en\\\/un-etxea-participa-en-la-jornada-avanzando-en-la-meta-4-7-el-reto-de-la-ciudadania-global-como-una-politica-publica-comun-y-compartida\\\/#primaryimage\"},\"image\":{\"@id\":\"https:\\\/\\\/unetxea.org\\\/en\\\/un-etxea-participa-en-la-jornada-avanzando-en-la-meta-4-7-el-reto-de-la-ciudadania-global-como-una-politica-publica-comun-y-compartida\\\/#primaryimage\"},\"thumbnailUrl\":\"https:\\\/\\\/unetxea.org\\\/wp-content\\\/uploads\\\/2024\\\/01\\\/mov4-7-jornada-berria.jpg\",\"datePublished\":\"2024-01-25T13:00:11+00:00\",\"dateModified\":\"2024-07-09T11:29:19+00:00\",\"breadcrumb\":{\"@id\":\"https:\\\/\\\/unetxea.org\\\/en\\\/un-etxea-participa-en-la-jornada-avanzando-en-la-meta-4-7-el-reto-de-la-ciudadania-global-como-una-politica-publica-comun-y-compartida\\\/#breadcrumb\"},\"inLanguage\":\"en-US\",\"potentialAction\":[{\"@type\":\"ReadAction\",\"target\":[\"https:\\\/\\\/unetxea.org\\\/en\\\/un-etxea-participa-en-la-jornada-avanzando-en-la-meta-4-7-el-reto-de-la-ciudadania-global-como-una-politica-publica-comun-y-compartida\\\/\"]}]},{\"@type\":\"ImageObject\",\"inLanguage\":\"en-US\",\"@id\":\"https:\\\/\\\/unetxea.org\\\/en\\\/un-etxea-participa-en-la-jornada-avanzando-en-la-meta-4-7-el-reto-de-la-ciudadania-global-como-una-politica-publica-comun-y-compartida\\\/#primaryimage\",\"url\":\"https:\\\/\\\/unetxea.org\\\/wp-content\\\/uploads\\\/2024\\\/01\\\/mov4-7-jornada-berria.jpg\",\"contentUrl\":\"https:\\\/\\\/unetxea.org\\\/wp-content\\\/uploads\\\/2024\\\/01\\\/mov4-7-jornada-berria.jpg\",\"width\":1106,\"height\":547},{\"@type\":\"BreadcrumbList\",\"@id\":\"https:\\\/\\\/unetxea.org\\\/en\\\/un-etxea-participa-en-la-jornada-avanzando-en-la-meta-4-7-el-reto-de-la-ciudadania-global-como-una-politica-publica-comun-y-compartida\\\/#breadcrumb\",\"itemListElement\":[{\"@type\":\"ListItem\",\"position\":1,\"name\":\"Portada\",\"item\":\"https:\\\/\\\/unetxea.org\\\/en\\\/\"},{\"@type\":\"ListItem\",\"position\":2,\"name\":\"UN Etxea participa en la jornada \u201cAvanzando en la meta 4.7: El reto de la Ciudadan\u00eda Global como una pol\u00edtica p\u00fablica com\u00fan y compartida\u201d\"}]},{\"@type\":\"WebSite\",\"@id\":\"https:\\\/\\\/unetxea.org\\\/#website\",\"url\":\"https:\\\/\\\/unetxea.org\\\/\",\"name\":\"UN ETXEA\",\"description\":\"Asociaci\u00f3n del Pa\u00eds Vasco para la UNESCO\",\"publisher\":{\"@id\":\"https:\\\/\\\/unetxea.org\\\/#organization\"},\"potentialAction\":[{\"@type\":\"SearchAction\",\"target\":{\"@type\":\"EntryPoint\",\"urlTemplate\":\"https:\\\/\\\/unetxea.org\\\/?s={search_term_string}\"},\"query-input\":{\"@type\":\"PropertyValueSpecification\",\"valueRequired\":true,\"valueName\":\"search_term_string\"}}],\"inLanguage\":\"en-US\"},{\"@type\":\"Organization\",\"@id\":\"https:\\\/\\\/unetxea.org\\\/#organization\",\"name\":\"UN ETXEA\",\"url\":\"https:\\\/\\\/unetxea.org\\\/\",\"logo\":{\"@type\":\"ImageObject\",\"inLanguage\":\"en-US\",\"@id\":\"https:\\\/\\\/unetxea.org\\\/#\\\/schema\\\/logo\\\/image\\\/\",\"url\":\"https:\\\/\\\/unetxea.org\\\/wp-content\\\/uploads\\\/2025\\\/01\\\/logo-unetxea500.jpg\",\"contentUrl\":\"https:\\\/\\\/unetxea.org\\\/wp-content\\\/uploads\\\/2025\\\/01\\\/logo-unetxea500.jpg\",\"width\":500,\"height\":484,\"caption\":\"UN ETXEA\"},\"image\":{\"@id\":\"https:\\\/\\\/unetxea.org\\\/#\\\/schema\\\/logo\\\/image\\\/\"},\"sameAs\":[\"https:\\\/\\\/www.facebook.com\\\/UNetxea\\\/\",\"https:\\\/\\\/x.com\\\/UNetxea\",\"https:\\\/\\\/www.youtube.com\\\/@UNetxea\"]},{\"@type\":\"Person\",\"@id\":\"https:\\\/\\\/unetxea.org\\\/#\\\/schema\\\/person\\\/c115ec46e78902eb5e93b5ca0b96bd2d\",\"name\":\"UN Etxea\",\"image\":{\"@type\":\"ImageObject\",\"inLanguage\":\"en-US\",\"@id\":\"https:\\\/\\\/secure.gravatar.com\\\/avatar\\\/67b8d0f0ae884d096f535d6fbbb63507af5ec28b6be2d9db993a2e99f2855e18?s=96&d=mm&r=g\",\"url\":\"https:\\\/\\\/secure.gravatar.com\\\/avatar\\\/67b8d0f0ae884d096f535d6fbbb63507af5ec28b6be2d9db993a2e99f2855e18?s=96&d=mm&r=g\",\"contentUrl\":\"https:\\\/\\\/secure.gravatar.com\\\/avatar\\\/67b8d0f0ae884d096f535d6fbbb63507af5ec28b6be2d9db993a2e99f2855e18?s=96&d=mm&r=g\",\"caption\":\"UN Etxea\"},\"url\":\"https:\\\/\\\/unetxea.org\\\/en\\\/author\\\/nagusitxea\\\/\"}]}<\/script>\n<!-- \/ Yoast SEO plugin. -->","yoast_head_json":{"title":"UN Etxea participa en la jornada \u201cAvanzando en la meta 4.7: El reto de la Ciudadan\u00eda Global como una pol\u00edtica p\u00fablica com\u00fan y compartida\u201d - UN ETXEA","robots":{"index":"index","follow":"follow","max-snippet":"max-snippet:-1","max-image-preview":"max-image-preview:large","max-video-preview":"max-video-preview:-1"},"canonical":"https:\/\/unetxea.org\/en\/un-etxea-participa-en-la-jornada-avanzando-en-la-meta-4-7-el-reto-de-la-ciudadania-global-como-una-politica-publica-comun-y-compartida\/","og_locale":"en_US","og_type":"article","og_title":"UN Etxea participa en la jornada \u201cAvanzando en la meta 4.7: El reto de la Ciudadan\u00eda Global como una pol\u00edtica p\u00fablica com\u00fan y compartida\u201d - UN ETXEA","og_description":"Con ocasi\u00f3n del D\u00eda Internacional de la Educaci\u00f3n, proclamado por la ONU para promover la educaci\u00f3n de calidad, inclusiva y equitativa para todos, el Movimiento 4.7 organiz\u00f3 el 24 de [&hellip;]","og_url":"https:\/\/unetxea.org\/en\/un-etxea-participa-en-la-jornada-avanzando-en-la-meta-4-7-el-reto-de-la-ciudadania-global-como-una-politica-publica-comun-y-compartida\/","og_site_name":"UN ETXEA","article_publisher":"https:\/\/www.facebook.com\/UNetxea\/","article_published_time":"2024-01-25T13:00:11+00:00","article_modified_time":"2024-07-09T11:29:19+00:00","og_image":[{"width":1106,"height":547,"url":"https:\/\/unetxea.org\/wp-content\/uploads\/2024\/01\/mov4-7-jornada-berria.jpg","type":"image\/jpeg"}],"author":"UN Etxea","twitter_card":"summary_large_image","twitter_creator":"@UNetxea","twitter_site":"@UNetxea","twitter_misc":{"Written by":"UN Etxea","Est. reading time":"1 minute"},"schema":{"@context":"https:\/\/schema.org","@graph":[{"@type":"Article","@id":"https:\/\/unetxea.org\/en\/un-etxea-participa-en-la-jornada-avanzando-en-la-meta-4-7-el-reto-de-la-ciudadania-global-como-una-politica-publica-comun-y-compartida\/#article","isPartOf":{"@id":"https:\/\/unetxea.org\/en\/un-etxea-participa-en-la-jornada-avanzando-en-la-meta-4-7-el-reto-de-la-ciudadania-global-como-una-politica-publica-comun-y-compartida\/"},"author":{"name":"UN Etxea","@id":"https:\/\/unetxea.org\/#\/schema\/person\/c115ec46e78902eb5e93b5ca0b96bd2d"},"headline":"UN Etxea participa en la jornada \u201cAvanzando en la meta 4.7: El reto de la Ciudadan\u00eda Global como una pol\u00edtica p\u00fablica com\u00fan y compartida\u201d","datePublished":"2024-01-25T13:00:11+00:00","dateModified":"2024-07-09T11:29:19+00:00","mainEntityOfPage":{"@id":"https:\/\/unetxea.org\/en\/un-etxea-participa-en-la-jornada-avanzando-en-la-meta-4-7-el-reto-de-la-ciudadania-global-como-una-politica-publica-comun-y-compartida\/"},"wordCount":326,"publisher":{"@id":"https:\/\/unetxea.org\/#organization"},"image":{"@id":"https:\/\/unetxea.org\/en\/un-etxea-participa-en-la-jornada-avanzando-en-la-meta-4-7-el-reto-de-la-ciudadania-global-como-una-politica-publica-comun-y-compartida\/#primaryimage"},"thumbnailUrl":"https:\/\/unetxea.org\/wp-content\/uploads\/2024\/01\/mov4-7-jornada-berria.jpg","articleSection":["2030 agenda","Education"],"inLanguage":"en-US"},{"@type":"WebPage","@id":"https:\/\/unetxea.org\/en\/un-etxea-participa-en-la-jornada-avanzando-en-la-meta-4-7-el-reto-de-la-ciudadania-global-como-una-politica-publica-comun-y-compartida\/","url":"https:\/\/unetxea.org\/en\/un-etxea-participa-en-la-jornada-avanzando-en-la-meta-4-7-el-reto-de-la-ciudadania-global-como-una-politica-publica-comun-y-compartida\/","name":"UN Etxea participa en la jornada \u201cAvanzando en la meta 4.7: El reto de la Ciudadan\u00eda Global como una pol\u00edtica p\u00fablica com\u00fan y compartida\u201d - UN ETXEA","isPartOf":{"@id":"https:\/\/unetxea.org\/#website"},"primaryImageOfPage":{"@id":"https:\/\/unetxea.org\/en\/un-etxea-participa-en-la-jornada-avanzando-en-la-meta-4-7-el-reto-de-la-ciudadania-global-como-una-politica-publica-comun-y-compartida\/#primaryimage"},"image":{"@id":"https:\/\/unetxea.org\/en\/un-etxea-participa-en-la-jornada-avanzando-en-la-meta-4-7-el-reto-de-la-ciudadania-global-como-una-politica-publica-comun-y-compartida\/#primaryimage"},"thumbnailUrl":"https:\/\/unetxea.org\/wp-content\/uploads\/2024\/01\/mov4-7-jornada-berria.jpg","datePublished":"2024-01-25T13:00:11+00:00","dateModified":"2024-07-09T11:29:19+00:00","breadcrumb":{"@id":"https:\/\/unetxea.org\/en\/un-etxea-participa-en-la-jornada-avanzando-en-la-meta-4-7-el-reto-de-la-ciudadania-global-como-una-politica-publica-comun-y-compartida\/#breadcrumb"},"inLanguage":"en-US","potentialAction":[{"@type":"ReadAction","target":["https:\/\/unetxea.org\/en\/un-etxea-participa-en-la-jornada-avanzando-en-la-meta-4-7-el-reto-de-la-ciudadania-global-como-una-politica-publica-comun-y-compartida\/"]}]},{"@type":"ImageObject","inLanguage":"en-US","@id":"https:\/\/unetxea.org\/en\/un-etxea-participa-en-la-jornada-avanzando-en-la-meta-4-7-el-reto-de-la-ciudadania-global-como-una-politica-publica-comun-y-compartida\/#primaryimage","url":"https:\/\/unetxea.org\/wp-content\/uploads\/2024\/01\/mov4-7-jornada-berria.jpg","contentUrl":"https:\/\/unetxea.org\/wp-content\/uploads\/2024\/01\/mov4-7-jornada-berria.jpg","width":1106,"height":547},{"@type":"BreadcrumbList","@id":"https:\/\/unetxea.org\/en\/un-etxea-participa-en-la-jornada-avanzando-en-la-meta-4-7-el-reto-de-la-ciudadania-global-como-una-politica-publica-comun-y-compartida\/#breadcrumb","itemListElement":[{"@type":"ListItem","position":1,"name":"Portada","item":"https:\/\/unetxea.org\/en\/"},{"@type":"ListItem","position":2,"name":"UN Etxea participa en la jornada \u201cAvanzando en la meta 4.7: El reto de la Ciudadan\u00eda Global como una pol\u00edtica p\u00fablica com\u00fan y compartida\u201d"}]},{"@type":"WebSite","@id":"https:\/\/unetxea.org\/#website","url":"https:\/\/unetxea.org\/","name":"UN ETXEA","description":"Asociaci\u00f3n del Pa\u00eds Vasco para la UNESCO","publisher":{"@id":"https:\/\/unetxea.org\/#organization"},"potentialAction":[{"@type":"SearchAction","target":{"@type":"EntryPoint","urlTemplate":"https:\/\/unetxea.org\/?s={search_term_string}"},"query-input":{"@type":"PropertyValueSpecification","valueRequired":true,"valueName":"search_term_string"}}],"inLanguage":"en-US"},{"@type":"Organization","@id":"https:\/\/unetxea.org\/#organization","name":"UN ETXEA","url":"https:\/\/unetxea.org\/","logo":{"@type":"ImageObject","inLanguage":"en-US","@id":"https:\/\/unetxea.org\/#\/schema\/logo\/image\/","url":"https:\/\/unetxea.org\/wp-content\/uploads\/2025\/01\/logo-unetxea500.jpg","contentUrl":"https:\/\/unetxea.org\/wp-content\/uploads\/2025\/01\/logo-unetxea500.jpg","width":500,"height":484,"caption":"UN ETXEA"},"image":{"@id":"https:\/\/unetxea.org\/#\/schema\/logo\/image\/"},"sameAs":["https:\/\/www.facebook.com\/UNetxea\/","https:\/\/x.com\/UNetxea","https:\/\/www.youtube.com\/@UNetxea"]},{"@type":"Person","@id":"https:\/\/unetxea.org\/#\/schema\/person\/c115ec46e78902eb5e93b5ca0b96bd2d","name":"UN Etxea","image":{"@type":"ImageObject","inLanguage":"en-US","@id":"https:\/\/secure.gravatar.com\/avatar\/67b8d0f0ae884d096f535d6fbbb63507af5ec28b6be2d9db993a2e99f2855e18?s=96&d=mm&r=g","url":"https:\/\/secure.gravatar.com\/avatar\/67b8d0f0ae884d096f535d6fbbb63507af5ec28b6be2d9db993a2e99f2855e18?s=96&d=mm&r=g","contentUrl":"https:\/\/secure.gravatar.com\/avatar\/67b8d0f0ae884d096f535d6fbbb63507af5ec28b6be2d9db993a2e99f2855e18?s=96&d=mm&r=g","caption":"UN Etxea"},"url":"https:\/\/unetxea.org\/en\/author\/nagusitxea\/"}]}},"_links":{"self":[{"href":"https:\/\/unetxea.org\/en\/wp-json\/wp\/v2\/posts\/8640","targetHints":{"allow":["GET"]}}],"collection":[{"href":"https:\/\/unetxea.org\/en\/wp-json\/wp\/v2\/posts"}],"about":[{"href":"https:\/\/unetxea.org\/en\/wp-json\/wp\/v2\/types\/post"}],"author":[{"embeddable":true,"href":"https:\/\/unetxea.org\/en\/wp-json\/wp\/v2\/users\/2"}],"replies":[{"embeddable":true,"href":"https:\/\/unetxea.org\/en\/wp-json\/wp\/v2\/comments?post=8640"}],"version-history":[{"count":2,"href":"https:\/\/unetxea.org\/en\/wp-json\/wp\/v2\/posts\/8640\/revisions"}],"predecessor-version":[{"id":8644,"href":"https:\/\/unetxea.org\/en\/wp-json\/wp\/v2\/posts\/8640\/revisions\/8644"}],"wp:featuredmedia":[{"embeddable":true,"href":"https:\/\/unetxea.org\/en\/wp-json\/wp\/v2\/media\/8638"}],"wp:attachment":[{"href":"https:\/\/unetxea.org\/en\/wp-json\/wp\/v2\/media?parent=8640"}],"wp:term":[{"taxonomy":"category","embeddable":true,"href":"https:\/\/unetxea.org\/en\/wp-json\/wp\/v2\/categories?post=8640"},{"taxonomy":"post_tag","embeddable":true,"href":"https:\/\/unetxea.org\/en\/wp-json\/wp\/v2\/tags?post=8640"}],"curies":[{"name":"wp","href":"https:\/\/api.w.org\/{rel}","templated":true}]}}