{"id":8654,"date":"2024-01-26T11:53:41","date_gmt":"2024-01-26T10:53:41","guid":{"rendered":"https:\/\/unetxea.org\/?p=8654"},"modified":"2024-07-09T13:29:18","modified_gmt":"2024-07-09T11:29:18","slug":"celebramos-el-dia-de-la-educacion-ambiental","status":"publish","type":"post","link":"https:\/\/unetxea.org\/en\/celebramos-el-dia-de-la-educacion-ambiental\/","title":{"rendered":"Celebramos el D\u00eda de la Educaci\u00f3n Ambiental"},"content":{"rendered":"<p>Hoy, 26 de enero, se celebra el d\u00eda de la educaci\u00f3n ambiental. Tambi\u00e9n se cumple un a\u00f1o de la adhesi\u00f3n de UN Etxea, junto con otras organizaciones, al impulso de la educaci\u00f3n ambiental en la Comunidad Aut\u00f3noma Vasca a la a trav\u00e9s de la carta de participaci\u00f3n del <a href=\"https:\/\/unetxea.org\/en\/proyecto-boost-educacion-ambiental-hacia-la-sostenibilidad\/\">proyecto Boost<\/a>. Hoy m\u00e1s que nunca consideramos este compromiso fundamental y queremos animar a todas las personas, empresas, asociaciones o entidades que compartan estos valores a comprometerse. Reproducimos a continuaci\u00f3n las propuestas de acci\u00f3n y compromisos que se recogen en esta Carta:<\/p>\n<p>&nbsp;<\/p>\n<p>En tiempos de emergencia clim\u00e1tica declarada, la educaci\u00f3n ambiental de calidad es fundamental si queremos capacitar a las personas de todas las edades y en todos los lugares con el conocimiento y las habilidades necesarias para construir un futuro en el que todas ellas puedan prosperar y que, por tanto, necesitamos m\u00e1s que nunca:<\/p>\n<ol>\n<li>Construir puentes, colaborar para llevar la educaci\u00f3n ambiental a las aulas y m\u00e1s all\u00e1 de las aulas.<\/li>\n<li>Construir redes multidisciplinares para ampliar los esfuerzos de la comunidad hacia un cambio efectivo, es decir, un cambio consciente, responsable, emp\u00e1tico y comprometido.<\/li>\n<li>Disponer de un canal de comunicaci\u00f3n referente de todos los agentes que trabajan en Euskadi en el \u00e1mbito de la Educaci\u00f3n Ambiental.<\/li>\n<li>Capacitar a personas educadoras en el \u00e1mbito de la Educaci\u00f3n Ambiental\/Clim\u00e1tica, impulsando una formaci\u00f3n continua a lo largo de la vida, adaptado a las circunstancias y los contextos.<\/li>\n<li>Capacitar y empoderar a la juventud en el \u00e1mbito de la Educaci\u00f3n Ambiental\/Clim\u00e1tica.<\/li>\n<li>Capacitar a colectivos profesionales de sectores distintos a la Educaci\u00f3n Ambiental, as\u00ed como a entidades p\u00fablicas y privadas.<\/li>\n<li>Impulsar la Educaci\u00f3n No Formal.<\/li>\n<li>Desarrollar programas de capacitaci\u00f3n y empoderamiento de Educaci\u00f3n Ambiental y ciencia ciudadana dirigidos a las familias, juventud y colectivos y asociaciones de \u00e1mbito ciudadano.<\/li>\n<\/ol>\n<p>Nos comprometemos a:<\/p>\n<ol>\n<li>Trabajar colaborativamente en red a trav\u00e9s de nuestros proyectos y de los proyectos impulsados por el \u00e1rea de Educaci\u00f3n Ambiental del Gobierno Vasco enmarcados en el modelo<br \/>\nBoost-Impulso en consonancia con lo dispuesto en el Decreto 130\/2022, de 2 de noviembre, de impulso a la educaci\u00f3n ambiental para la sostenibilidad.<\/li>\n<li>Formar, capacitar y empoderar una poblaci\u00f3n consciente y preocupada con el medio ambiente y con los problemas asociados, y que tenga conocimiento, aptitud, actitud, motivaci\u00f3n y compromiso para trabajar individual y colectivamente en la b\u00fasqueda de soluciones para los problemas medioambientales existentes y para prevenir nuevos.<\/li>\n<li>Impulsar la educaci\u00f3n ambiental para abordar los impactos humanos actuales del cambio clim\u00e1tico, tales como los desastres relacionados con los fen\u00f3menos atmosf\u00e9ricos y la injusticia clim\u00e1tica, mientras creamos y equilibramos un nuevo mundo para el futuro y el presente.<\/li>\n<li>Desarrollar y compartir recursos, informaci\u00f3n, proyectos, experiencias, buenas pr\u00e1cticas, materiales e investigaciones sobre el aprendizaje y capacitaci\u00f3n para la sostenibilidad<br \/>\nambiental.<\/li>\n<\/ol>\n<p>Y, en definitiva, a capacitar y empoderar a la ciudadan\u00eda en general para que desarrolle su sentido de responsabilidad y tome conciencia de la urgente necesidad de participar activamente en la protecci\u00f3n y mejora del medio ambiente.<\/p>\n<p>&nbsp;<\/p>\n<p>M\u00e1s informaci\u00f3n: Nekane Viota\u00a0 <a href=\"mailto:n.viota@unetxea.org\" target=\"_blank\" rel=\"noopener\">n.viota@unetxea.org<\/a><\/p>\n","protected":false},"excerpt":{"rendered":"<p>Hoy, 26 de enero, se celebra el d\u00eda de la educaci\u00f3n ambiental. Tambi\u00e9n se cumple un a\u00f1o de la adhesi\u00f3n de UN Etxea, junto con otras organizaciones, al impulso de [&hellip;]<\/p>\n","protected":false},"author":2,"featured_media":8652,"comment_status":"closed","ping_status":"closed","sticky":false,"template":"","format":"standard","meta":{"footnotes":""},"categories":[81,85],"tags":[],"class_list":["post-8654","post","type-post","status-publish","format-standard","has-post-thumbnail","hentry","category-education","category-environment"],"yoast_head":"<!-- This site is optimized with the Yoast SEO plugin v27.5 - https:\/\/yoast.com\/product\/yoast-seo-wordpress\/ -->\n<title>Celebramos el D\u00eda de la Educaci\u00f3n Ambiental - UN ETXEA<\/title>\n<meta name=\"robots\" content=\"index, follow, max-snippet:-1, max-image-preview:large, max-video-preview:-1\" \/>\n<link rel=\"canonical\" href=\"https:\/\/unetxea.org\/en\/celebramos-el-dia-de-la-educacion-ambiental\/\" \/>\n<meta property=\"og:locale\" content=\"en_US\" \/>\n<meta property=\"og:type\" content=\"article\" \/>\n<meta property=\"og:title\" content=\"Celebramos el D\u00eda de la Educaci\u00f3n Ambiental - UN ETXEA\" \/>\n<meta property=\"og:description\" content=\"Hoy, 26 de enero, se celebra el d\u00eda de la educaci\u00f3n ambiental. Tambi\u00e9n se cumple un a\u00f1o de la adhesi\u00f3n de UN Etxea, junto con otras organizaciones, al impulso de [&hellip;]\" \/>\n<meta property=\"og:url\" content=\"https:\/\/unetxea.org\/en\/celebramos-el-dia-de-la-educacion-ambiental\/\" \/>\n<meta property=\"og:site_name\" content=\"UN ETXEA\" \/>\n<meta property=\"article:publisher\" content=\"https:\/\/www.facebook.com\/UNetxea\/\" \/>\n<meta property=\"article:published_time\" content=\"2024-01-26T10:53:41+00:00\" \/>\n<meta property=\"article:modified_time\" content=\"2024-07-09T11:29:18+00:00\" \/>\n<meta property=\"og:image\" content=\"https:\/\/unetxea.org\/wp-content\/uploads\/2024\/02\/dia-edu-amb2024C.jpg\" \/>\n\t<meta property=\"og:image:width\" content=\"972\" \/>\n\t<meta property=\"og:image:height\" content=\"547\" \/>\n\t<meta property=\"og:image:type\" content=\"image\/jpeg\" \/>\n<meta name=\"author\" content=\"UN Etxea\" \/>\n<meta name=\"twitter:card\" content=\"summary_large_image\" \/>\n<meta name=\"twitter:creator\" content=\"@UNetxea\" \/>\n<meta name=\"twitter:site\" content=\"@UNetxea\" \/>\n<meta name=\"twitter:label1\" content=\"Written by\" \/>\n\t<meta name=\"twitter:data1\" content=\"UN Etxea\" \/>\n\t<meta name=\"twitter:label2\" content=\"Est. reading time\" \/>\n\t<meta name=\"twitter:data2\" content=\"3 minutes\" \/>\n<script type=\"application\/ld+json\" class=\"yoast-schema-graph\">{\"@context\":\"https:\\\/\\\/schema.org\",\"@graph\":[{\"@type\":\"Article\",\"@id\":\"https:\\\/\\\/unetxea.org\\\/en\\\/celebramos-el-dia-de-la-educacion-ambiental\\\/#article\",\"isPartOf\":{\"@id\":\"https:\\\/\\\/unetxea.org\\\/en\\\/celebramos-el-dia-de-la-educacion-ambiental\\\/\"},\"author\":{\"name\":\"UN Etxea\",\"@id\":\"https:\\\/\\\/unetxea.org\\\/#\\\/schema\\\/person\\\/c115ec46e78902eb5e93b5ca0b96bd2d\"},\"headline\":\"Celebramos el D\u00eda de la Educaci\u00f3n Ambiental\",\"datePublished\":\"2024-01-26T10:53:41+00:00\",\"dateModified\":\"2024-07-09T11:29:18+00:00\",\"mainEntityOfPage\":{\"@id\":\"https:\\\/\\\/unetxea.org\\\/en\\\/celebramos-el-dia-de-la-educacion-ambiental\\\/\"},\"wordCount\":556,\"publisher\":{\"@id\":\"https:\\\/\\\/unetxea.org\\\/#organization\"},\"image\":{\"@id\":\"https:\\\/\\\/unetxea.org\\\/en\\\/celebramos-el-dia-de-la-educacion-ambiental\\\/#primaryimage\"},\"thumbnailUrl\":\"https:\\\/\\\/unetxea.org\\\/wp-content\\\/uploads\\\/2024\\\/02\\\/dia-edu-amb2024C.jpg\",\"articleSection\":[\"Education\",\"Environment\"],\"inLanguage\":\"en-US\"},{\"@type\":\"WebPage\",\"@id\":\"https:\\\/\\\/unetxea.org\\\/en\\\/celebramos-el-dia-de-la-educacion-ambiental\\\/\",\"url\":\"https:\\\/\\\/unetxea.org\\\/en\\\/celebramos-el-dia-de-la-educacion-ambiental\\\/\",\"name\":\"Celebramos el D\u00eda de la Educaci\u00f3n Ambiental - UN ETXEA\",\"isPartOf\":{\"@id\":\"https:\\\/\\\/unetxea.org\\\/#website\"},\"primaryImageOfPage\":{\"@id\":\"https:\\\/\\\/unetxea.org\\\/en\\\/celebramos-el-dia-de-la-educacion-ambiental\\\/#primaryimage\"},\"image\":{\"@id\":\"https:\\\/\\\/unetxea.org\\\/en\\\/celebramos-el-dia-de-la-educacion-ambiental\\\/#primaryimage\"},\"thumbnailUrl\":\"https:\\\/\\\/unetxea.org\\\/wp-content\\\/uploads\\\/2024\\\/02\\\/dia-edu-amb2024C.jpg\",\"datePublished\":\"2024-01-26T10:53:41+00:00\",\"dateModified\":\"2024-07-09T11:29:18+00:00\",\"breadcrumb\":{\"@id\":\"https:\\\/\\\/unetxea.org\\\/en\\\/celebramos-el-dia-de-la-educacion-ambiental\\\/#breadcrumb\"},\"inLanguage\":\"en-US\",\"potentialAction\":[{\"@type\":\"ReadAction\",\"target\":[\"https:\\\/\\\/unetxea.org\\\/en\\\/celebramos-el-dia-de-la-educacion-ambiental\\\/\"]}]},{\"@type\":\"ImageObject\",\"inLanguage\":\"en-US\",\"@id\":\"https:\\\/\\\/unetxea.org\\\/en\\\/celebramos-el-dia-de-la-educacion-ambiental\\\/#primaryimage\",\"url\":\"https:\\\/\\\/unetxea.org\\\/wp-content\\\/uploads\\\/2024\\\/02\\\/dia-edu-amb2024C.jpg\",\"contentUrl\":\"https:\\\/\\\/unetxea.org\\\/wp-content\\\/uploads\\\/2024\\\/02\\\/dia-edu-amb2024C.jpg\",\"width\":972,\"height\":547},{\"@type\":\"BreadcrumbList\",\"@id\":\"https:\\\/\\\/unetxea.org\\\/en\\\/celebramos-el-dia-de-la-educacion-ambiental\\\/#breadcrumb\",\"itemListElement\":[{\"@type\":\"ListItem\",\"position\":1,\"name\":\"Portada\",\"item\":\"https:\\\/\\\/unetxea.org\\\/en\\\/\"},{\"@type\":\"ListItem\",\"position\":2,\"name\":\"Celebramos el D\u00eda de la Educaci\u00f3n Ambiental\"}]},{\"@type\":\"WebSite\",\"@id\":\"https:\\\/\\\/unetxea.org\\\/#website\",\"url\":\"https:\\\/\\\/unetxea.org\\\/\",\"name\":\"UN ETXEA\",\"description\":\"Asociaci\u00f3n del Pa\u00eds Vasco para la UNESCO\",\"publisher\":{\"@id\":\"https:\\\/\\\/unetxea.org\\\/#organization\"},\"potentialAction\":[{\"@type\":\"SearchAction\",\"target\":{\"@type\":\"EntryPoint\",\"urlTemplate\":\"https:\\\/\\\/unetxea.org\\\/?s={search_term_string}\"},\"query-input\":{\"@type\":\"PropertyValueSpecification\",\"valueRequired\":true,\"valueName\":\"search_term_string\"}}],\"inLanguage\":\"en-US\"},{\"@type\":\"Organization\",\"@id\":\"https:\\\/\\\/unetxea.org\\\/#organization\",\"name\":\"UN ETXEA\",\"url\":\"https:\\\/\\\/unetxea.org\\\/\",\"logo\":{\"@type\":\"ImageObject\",\"inLanguage\":\"en-US\",\"@id\":\"https:\\\/\\\/unetxea.org\\\/#\\\/schema\\\/logo\\\/image\\\/\",\"url\":\"https:\\\/\\\/unetxea.org\\\/wp-content\\\/uploads\\\/2025\\\/01\\\/logo-unetxea500.jpg\",\"contentUrl\":\"https:\\\/\\\/unetxea.org\\\/wp-content\\\/uploads\\\/2025\\\/01\\\/logo-unetxea500.jpg\",\"width\":500,\"height\":484,\"caption\":\"UN ETXEA\"},\"image\":{\"@id\":\"https:\\\/\\\/unetxea.org\\\/#\\\/schema\\\/logo\\\/image\\\/\"},\"sameAs\":[\"https:\\\/\\\/www.facebook.com\\\/UNetxea\\\/\",\"https:\\\/\\\/x.com\\\/UNetxea\",\"https:\\\/\\\/www.youtube.com\\\/@UNetxea\"]},{\"@type\":\"Person\",\"@id\":\"https:\\\/\\\/unetxea.org\\\/#\\\/schema\\\/person\\\/c115ec46e78902eb5e93b5ca0b96bd2d\",\"name\":\"UN Etxea\",\"image\":{\"@type\":\"ImageObject\",\"inLanguage\":\"en-US\",\"@id\":\"https:\\\/\\\/secure.gravatar.com\\\/avatar\\\/67b8d0f0ae884d096f535d6fbbb63507af5ec28b6be2d9db993a2e99f2855e18?s=96&d=mm&r=g\",\"url\":\"https:\\\/\\\/secure.gravatar.com\\\/avatar\\\/67b8d0f0ae884d096f535d6fbbb63507af5ec28b6be2d9db993a2e99f2855e18?s=96&d=mm&r=g\",\"contentUrl\":\"https:\\\/\\\/secure.gravatar.com\\\/avatar\\\/67b8d0f0ae884d096f535d6fbbb63507af5ec28b6be2d9db993a2e99f2855e18?s=96&d=mm&r=g\",\"caption\":\"UN Etxea\"},\"url\":\"https:\\\/\\\/unetxea.org\\\/en\\\/author\\\/nagusitxea\\\/\"}]}<\/script>\n<!-- \/ Yoast SEO plugin. -->","yoast_head_json":{"title":"Celebramos el D\u00eda de la Educaci\u00f3n Ambiental - UN ETXEA","robots":{"index":"index","follow":"follow","max-snippet":"max-snippet:-1","max-image-preview":"max-image-preview:large","max-video-preview":"max-video-preview:-1"},"canonical":"https:\/\/unetxea.org\/en\/celebramos-el-dia-de-la-educacion-ambiental\/","og_locale":"en_US","og_type":"article","og_title":"Celebramos el D\u00eda de la Educaci\u00f3n Ambiental - UN ETXEA","og_description":"Hoy, 26 de enero, se celebra el d\u00eda de la educaci\u00f3n ambiental. Tambi\u00e9n se cumple un a\u00f1o de la adhesi\u00f3n de UN Etxea, junto con otras organizaciones, al impulso de [&hellip;]","og_url":"https:\/\/unetxea.org\/en\/celebramos-el-dia-de-la-educacion-ambiental\/","og_site_name":"UN ETXEA","article_publisher":"https:\/\/www.facebook.com\/UNetxea\/","article_published_time":"2024-01-26T10:53:41+00:00","article_modified_time":"2024-07-09T11:29:18+00:00","og_image":[{"width":972,"height":547,"url":"https:\/\/unetxea.org\/wp-content\/uploads\/2024\/02\/dia-edu-amb2024C.jpg","type":"image\/jpeg"}],"author":"UN Etxea","twitter_card":"summary_large_image","twitter_creator":"@UNetxea","twitter_site":"@UNetxea","twitter_misc":{"Written by":"UN Etxea","Est. reading time":"3 minutes"},"schema":{"@context":"https:\/\/schema.org","@graph":[{"@type":"Article","@id":"https:\/\/unetxea.org\/en\/celebramos-el-dia-de-la-educacion-ambiental\/#article","isPartOf":{"@id":"https:\/\/unetxea.org\/en\/celebramos-el-dia-de-la-educacion-ambiental\/"},"author":{"name":"UN Etxea","@id":"https:\/\/unetxea.org\/#\/schema\/person\/c115ec46e78902eb5e93b5ca0b96bd2d"},"headline":"Celebramos el D\u00eda de la Educaci\u00f3n Ambiental","datePublished":"2024-01-26T10:53:41+00:00","dateModified":"2024-07-09T11:29:18+00:00","mainEntityOfPage":{"@id":"https:\/\/unetxea.org\/en\/celebramos-el-dia-de-la-educacion-ambiental\/"},"wordCount":556,"publisher":{"@id":"https:\/\/unetxea.org\/#organization"},"image":{"@id":"https:\/\/unetxea.org\/en\/celebramos-el-dia-de-la-educacion-ambiental\/#primaryimage"},"thumbnailUrl":"https:\/\/unetxea.org\/wp-content\/uploads\/2024\/02\/dia-edu-amb2024C.jpg","articleSection":["Education","Environment"],"inLanguage":"en-US"},{"@type":"WebPage","@id":"https:\/\/unetxea.org\/en\/celebramos-el-dia-de-la-educacion-ambiental\/","url":"https:\/\/unetxea.org\/en\/celebramos-el-dia-de-la-educacion-ambiental\/","name":"Celebramos el D\u00eda de la Educaci\u00f3n Ambiental - UN ETXEA","isPartOf":{"@id":"https:\/\/unetxea.org\/#website"},"primaryImageOfPage":{"@id":"https:\/\/unetxea.org\/en\/celebramos-el-dia-de-la-educacion-ambiental\/#primaryimage"},"image":{"@id":"https:\/\/unetxea.org\/en\/celebramos-el-dia-de-la-educacion-ambiental\/#primaryimage"},"thumbnailUrl":"https:\/\/unetxea.org\/wp-content\/uploads\/2024\/02\/dia-edu-amb2024C.jpg","datePublished":"2024-01-26T10:53:41+00:00","dateModified":"2024-07-09T11:29:18+00:00","breadcrumb":{"@id":"https:\/\/unetxea.org\/en\/celebramos-el-dia-de-la-educacion-ambiental\/#breadcrumb"},"inLanguage":"en-US","potentialAction":[{"@type":"ReadAction","target":["https:\/\/unetxea.org\/en\/celebramos-el-dia-de-la-educacion-ambiental\/"]}]},{"@type":"ImageObject","inLanguage":"en-US","@id":"https:\/\/unetxea.org\/en\/celebramos-el-dia-de-la-educacion-ambiental\/#primaryimage","url":"https:\/\/unetxea.org\/wp-content\/uploads\/2024\/02\/dia-edu-amb2024C.jpg","contentUrl":"https:\/\/unetxea.org\/wp-content\/uploads\/2024\/02\/dia-edu-amb2024C.jpg","width":972,"height":547},{"@type":"BreadcrumbList","@id":"https:\/\/unetxea.org\/en\/celebramos-el-dia-de-la-educacion-ambiental\/#breadcrumb","itemListElement":[{"@type":"ListItem","position":1,"name":"Portada","item":"https:\/\/unetxea.org\/en\/"},{"@type":"ListItem","position":2,"name":"Celebramos el D\u00eda de la Educaci\u00f3n Ambiental"}]},{"@type":"WebSite","@id":"https:\/\/unetxea.org\/#website","url":"https:\/\/unetxea.org\/","name":"UN ETXEA","description":"Asociaci\u00f3n del Pa\u00eds Vasco para la UNESCO","publisher":{"@id":"https:\/\/unetxea.org\/#organization"},"potentialAction":[{"@type":"SearchAction","target":{"@type":"EntryPoint","urlTemplate":"https:\/\/unetxea.org\/?s={search_term_string}"},"query-input":{"@type":"PropertyValueSpecification","valueRequired":true,"valueName":"search_term_string"}}],"inLanguage":"en-US"},{"@type":"Organization","@id":"https:\/\/unetxea.org\/#organization","name":"UN ETXEA","url":"https:\/\/unetxea.org\/","logo":{"@type":"ImageObject","inLanguage":"en-US","@id":"https:\/\/unetxea.org\/#\/schema\/logo\/image\/","url":"https:\/\/unetxea.org\/wp-content\/uploads\/2025\/01\/logo-unetxea500.jpg","contentUrl":"https:\/\/unetxea.org\/wp-content\/uploads\/2025\/01\/logo-unetxea500.jpg","width":500,"height":484,"caption":"UN ETXEA"},"image":{"@id":"https:\/\/unetxea.org\/#\/schema\/logo\/image\/"},"sameAs":["https:\/\/www.facebook.com\/UNetxea\/","https:\/\/x.com\/UNetxea","https:\/\/www.youtube.com\/@UNetxea"]},{"@type":"Person","@id":"https:\/\/unetxea.org\/#\/schema\/person\/c115ec46e78902eb5e93b5ca0b96bd2d","name":"UN Etxea","image":{"@type":"ImageObject","inLanguage":"en-US","@id":"https:\/\/secure.gravatar.com\/avatar\/67b8d0f0ae884d096f535d6fbbb63507af5ec28b6be2d9db993a2e99f2855e18?s=96&d=mm&r=g","url":"https:\/\/secure.gravatar.com\/avatar\/67b8d0f0ae884d096f535d6fbbb63507af5ec28b6be2d9db993a2e99f2855e18?s=96&d=mm&r=g","contentUrl":"https:\/\/secure.gravatar.com\/avatar\/67b8d0f0ae884d096f535d6fbbb63507af5ec28b6be2d9db993a2e99f2855e18?s=96&d=mm&r=g","caption":"UN Etxea"},"url":"https:\/\/unetxea.org\/en\/author\/nagusitxea\/"}]}},"_links":{"self":[{"href":"https:\/\/unetxea.org\/en\/wp-json\/wp\/v2\/posts\/8654","targetHints":{"allow":["GET"]}}],"collection":[{"href":"https:\/\/unetxea.org\/en\/wp-json\/wp\/v2\/posts"}],"about":[{"href":"https:\/\/unetxea.org\/en\/wp-json\/wp\/v2\/types\/post"}],"author":[{"embeddable":true,"href":"https:\/\/unetxea.org\/en\/wp-json\/wp\/v2\/users\/2"}],"replies":[{"embeddable":true,"href":"https:\/\/unetxea.org\/en\/wp-json\/wp\/v2\/comments?post=8654"}],"version-history":[{"count":1,"href":"https:\/\/unetxea.org\/en\/wp-json\/wp\/v2\/posts\/8654\/revisions"}],"predecessor-version":[{"id":8657,"href":"https:\/\/unetxea.org\/en\/wp-json\/wp\/v2\/posts\/8654\/revisions\/8657"}],"wp:featuredmedia":[{"embeddable":true,"href":"https:\/\/unetxea.org\/en\/wp-json\/wp\/v2\/media\/8652"}],"wp:attachment":[{"href":"https:\/\/unetxea.org\/en\/wp-json\/wp\/v2\/media?parent=8654"}],"wp:term":[{"taxonomy":"category","embeddable":true,"href":"https:\/\/unetxea.org\/en\/wp-json\/wp\/v2\/categories?post=8654"},{"taxonomy":"post_tag","embeddable":true,"href":"https:\/\/unetxea.org\/en\/wp-json\/wp\/v2\/tags?post=8654"}],"curies":[{"name":"wp","href":"https:\/\/api.w.org\/{rel}","templated":true}]}}