{"id":8875,"date":"2024-03-07T12:25:21","date_gmt":"2024-03-07T11:25:21","guid":{"rendered":"https:\/\/unetxea.org\/?p=8875"},"modified":"2024-07-09T13:29:15","modified_gmt":"2024-07-09T11:29:15","slug":"sesiones-formativas-en-agenda-2030-en-el-marco-del-programa-europeo-erasmus","status":"publish","type":"post","link":"https:\/\/unetxea.org\/en\/sesiones-formativas-en-agenda-2030-en-el-marco-del-programa-europeo-erasmus\/","title":{"rendered":"Sesiones formativas en Agenda 2030 en el marco del programa europeo Erasmus +"},"content":{"rendered":"<p>La semana pasada, UN Etxea-Asociaci\u00f3n del Pa\u00eds Vasco para la UNESCO dinamiz\u00f3 en BBK Kuna-La Casa de los ODS dos sesiones formativas diferenciadas, pero con un denominador com\u00fan al estar ambas enmarcadas en sendos programas de intercambio de aprendizajes y financiadas por el programa Erasmus+, programa de la UE que respalda la educaci\u00f3n, la formaci\u00f3n, la juventud y el deporte en Europa.<\/p>\n<p>&nbsp;<\/p>\n<p><strong>La primera de ellas<\/strong>, parte de un proyecto europeo para trabajar los Objetivos de Desarrollo Sostenible (ODS) en centros de Formaci\u00f3n Profesional (FP) de Finlandia, Pa\u00edses Bajos, Italia y Estonia, adem\u00e1s de Euskadi (<strong>Centro San Viator<\/strong>) tuvo lugar el martes 27 de febrero, y tuvo como participantes a 22 profesores de centros de estos 5 pa\u00edses.<\/p>\n<p>Partiendo de grados de conocimiento diversos de la Agenda 2030, y no habiendo trabajado expl\u00edcitamente los ODS en sus aulas y entornos de trabajo, esta sesi\u00f3n fue la primera de una serie de 5 sesiones rotatorias de formaci\u00f3n de una semana de duraci\u00f3n cada una ellas, y que sirvan de punto de encuentro, reflexi\u00f3n y trabajo en com\u00fan.<\/p>\n<p>&nbsp;<\/p>\n<p>Con un foco particular en los ODS 3 (Salud y Bienestar), 8 (Trabajo Decente y Crecimiento Econ\u00f3mico) y 12 (Producci\u00f3n y Consumo Responsables), la sesi\u00f3n formativa habilit\u00f3 un espacio para tratar de manera m\u00e1s concreta el tema desescalada verbal como herramienta de comunicaci\u00f3n en salud y bienestar, espacio facilitado por IIS Biocruces Bizkaia.<\/p>\n<p>&nbsp;<\/p>\n<p>En el transcurso de la jornada se compartieron buenas pr\u00e1cticas de los centros de FP en materia de ODS, se debati\u00f3 en torno a su visi\u00f3n respectiva sobre c\u00f3mo integrarlos de manera efectiva en FP, y se trat\u00f3 de manera particular la dimensi\u00f3n humana de la Agenda 2030.<\/p>\n\n\t\t<style type=\"text\/css\">\n\t\t\t#gallery-1 {\n\t\t\t\tmargin: auto;\n\t\t\t}\n\t\t\t#gallery-1 .gallery-item {\n\t\t\t\tfloat: left;\n\t\t\t\tmargin-top: 10px;\n\t\t\t\ttext-align: center;\n\t\t\t\twidth: 33%;\n\t\t\t}\n\t\t\t#gallery-1 img {\n\t\t\t\tborder: 2px solid #cfcfcf;\n\t\t\t}\n\t\t\t#gallery-1 .gallery-caption {\n\t\t\t\tmargin-left: 0;\n\t\t\t}\n\t\t\t\/* see gallery_shortcode() in wp-includes\/media.php *\/\n\t\t<\/style>\n\t\t<div id='gallery-1' class='gallery galleryid-8875 gallery-columns-3 gallery-size-medium'><dl class='gallery-item'>\n\t\t\t<dt class='gallery-icon landscape'>\n\t\t\t\t<a href='https:\/\/unetxea.org\/en\/sesiones-formativas-en-agenda-2030-en-el-marco-del-programa-europeo-erasmus\/centro-san-viator-5-2\/'><img loading=\"lazy\" decoding=\"async\" width=\"300\" height=\"300\" src=\"https:\/\/unetxea.org\/wp-content\/uploads\/2024\/03\/Centro-San-Viator-5-300x300.jpeg\" class=\"attachment-medium size-medium\" alt=\"\" srcset=\"https:\/\/unetxea.org\/wp-content\/uploads\/2024\/03\/Centro-San-Viator-5-300x300.jpeg 300w, https:\/\/unetxea.org\/wp-content\/uploads\/2024\/03\/Centro-San-Viator-5-150x150.jpeg 150w, https:\/\/unetxea.org\/wp-content\/uploads\/2024\/03\/Centro-San-Viator-5-768x768.jpeg 768w, https:\/\/unetxea.org\/wp-content\/uploads\/2024\/03\/Centro-San-Viator-5-550x550.jpeg 550w, https:\/\/unetxea.org\/wp-content\/uploads\/2024\/03\/Centro-San-Viator-5.jpeg 800w\" sizes=\"auto, (max-width: 300px) 100vw, 300px\" \/><\/a>\n\t\t\t<\/dt><\/dl><dl class='gallery-item'>\n\t\t\t<dt class='gallery-icon landscape'>\n\t\t\t\t<a href='https:\/\/unetxea.org\/en\/sesiones-formativas-en-agenda-2030-en-el-marco-del-programa-europeo-erasmus\/centro-san-viator-6-2\/'><img loading=\"lazy\" decoding=\"async\" width=\"300\" height=\"300\" src=\"https:\/\/unetxea.org\/wp-content\/uploads\/2024\/03\/Centro-San-Viator-6-300x300.jpeg\" class=\"attachment-medium size-medium\" alt=\"\" srcset=\"https:\/\/unetxea.org\/wp-content\/uploads\/2024\/03\/Centro-San-Viator-6-300x300.jpeg 300w, https:\/\/unetxea.org\/wp-content\/uploads\/2024\/03\/Centro-San-Viator-6-150x150.jpeg 150w, https:\/\/unetxea.org\/wp-content\/uploads\/2024\/03\/Centro-San-Viator-6-768x768.jpeg 768w, https:\/\/unetxea.org\/wp-content\/uploads\/2024\/03\/Centro-San-Viator-6-550x550.jpeg 550w, https:\/\/unetxea.org\/wp-content\/uploads\/2024\/03\/Centro-San-Viator-6.jpeg 800w\" sizes=\"auto, (max-width: 300px) 100vw, 300px\" \/><\/a>\n\t\t\t<\/dt><\/dl><dl class='gallery-item'>\n\t\t\t<dt class='gallery-icon landscape'>\n\t\t\t\t<a href='https:\/\/unetxea.org\/en\/sesiones-formativas-en-agenda-2030-en-el-marco-del-programa-europeo-erasmus\/centro-san-viator-7-2\/'><img loading=\"lazy\" decoding=\"async\" width=\"300\" height=\"300\" src=\"https:\/\/unetxea.org\/wp-content\/uploads\/2024\/03\/Centro-San-Viator-7-300x300.jpeg\" class=\"attachment-medium size-medium\" alt=\"\" srcset=\"https:\/\/unetxea.org\/wp-content\/uploads\/2024\/03\/Centro-San-Viator-7-300x300.jpeg 300w, https:\/\/unetxea.org\/wp-content\/uploads\/2024\/03\/Centro-San-Viator-7-150x150.jpeg 150w, https:\/\/unetxea.org\/wp-content\/uploads\/2024\/03\/Centro-San-Viator-7-768x768.jpeg 768w, https:\/\/unetxea.org\/wp-content\/uploads\/2024\/03\/Centro-San-Viator-7-550x550.jpeg 550w, https:\/\/unetxea.org\/wp-content\/uploads\/2024\/03\/Centro-San-Viator-7.jpeg 800w\" sizes=\"auto, (max-width: 300px) 100vw, 300px\" \/><\/a>\n\t\t\t<\/dt><\/dl><br style=\"clear: both\" \/><dl class='gallery-item'>\n\t\t\t<dt class='gallery-icon landscape'>\n\t\t\t\t<a href='https:\/\/unetxea.org\/en\/sesiones-formativas-en-agenda-2030-en-el-marco-del-programa-europeo-erasmus\/orixe-bhi-tolosa-5-2\/'><img loading=\"lazy\" decoding=\"async\" width=\"300\" height=\"135\" src=\"https:\/\/unetxea.org\/wp-content\/uploads\/2024\/03\/Orixe-BHI-Tolosa-5-300x135.jpg\" class=\"attachment-medium size-medium\" alt=\"\" srcset=\"https:\/\/unetxea.org\/wp-content\/uploads\/2024\/03\/Orixe-BHI-Tolosa-5-300x135.jpg 300w, https:\/\/unetxea.org\/wp-content\/uploads\/2024\/03\/Orixe-BHI-Tolosa-5-1024x461.jpg 1024w, https:\/\/unetxea.org\/wp-content\/uploads\/2024\/03\/Orixe-BHI-Tolosa-5-768x346.jpg 768w, https:\/\/unetxea.org\/wp-content\/uploads\/2024\/03\/Orixe-BHI-Tolosa-5-1536x692.jpg 1536w, https:\/\/unetxea.org\/wp-content\/uploads\/2024\/03\/Orixe-BHI-Tolosa-5.jpg 1600w\" sizes=\"auto, (max-width: 300px) 100vw, 300px\" \/><\/a>\n\t\t\t<\/dt><\/dl><dl class='gallery-item'>\n\t\t\t<dt class='gallery-icon landscape'>\n\t\t\t\t<a href='https:\/\/unetxea.org\/en\/sesiones-formativas-en-agenda-2030-en-el-marco-del-programa-europeo-erasmus\/orixe-bhi-tolosa-13-2\/'><img loading=\"lazy\" decoding=\"async\" width=\"300\" height=\"135\" src=\"https:\/\/unetxea.org\/wp-content\/uploads\/2024\/03\/Orixe-BHI-Tolosa-13-300x135.jpg\" class=\"attachment-medium size-medium\" alt=\"\" srcset=\"https:\/\/unetxea.org\/wp-content\/uploads\/2024\/03\/Orixe-BHI-Tolosa-13-300x135.jpg 300w, https:\/\/unetxea.org\/wp-content\/uploads\/2024\/03\/Orixe-BHI-Tolosa-13-1024x461.jpg 1024w, https:\/\/unetxea.org\/wp-content\/uploads\/2024\/03\/Orixe-BHI-Tolosa-13-768x346.jpg 768w, https:\/\/unetxea.org\/wp-content\/uploads\/2024\/03\/Orixe-BHI-Tolosa-13-1536x692.jpg 1536w, https:\/\/unetxea.org\/wp-content\/uploads\/2024\/03\/Orixe-BHI-Tolosa-13.jpg 1600w\" sizes=\"auto, (max-width: 300px) 100vw, 300px\" \/><\/a>\n\t\t\t<\/dt><\/dl><dl class='gallery-item'>\n\t\t\t<dt class='gallery-icon landscape'>\n\t\t\t\t<a href='https:\/\/unetxea.org\/en\/sesiones-formativas-en-agenda-2030-en-el-marco-del-programa-europeo-erasmus\/orixe-bhi-tolosa-19-2\/'><img loading=\"lazy\" decoding=\"async\" width=\"300\" height=\"135\" src=\"https:\/\/unetxea.org\/wp-content\/uploads\/2024\/03\/Orixe-BHI-Tolosa-19-300x135.jpg\" class=\"attachment-medium size-medium\" alt=\"\" srcset=\"https:\/\/unetxea.org\/wp-content\/uploads\/2024\/03\/Orixe-BHI-Tolosa-19-300x135.jpg 300w, https:\/\/unetxea.org\/wp-content\/uploads\/2024\/03\/Orixe-BHI-Tolosa-19-1024x461.jpg 1024w, https:\/\/unetxea.org\/wp-content\/uploads\/2024\/03\/Orixe-BHI-Tolosa-19-768x346.jpg 768w, https:\/\/unetxea.org\/wp-content\/uploads\/2024\/03\/Orixe-BHI-Tolosa-19-1536x691.jpg 1536w, https:\/\/unetxea.org\/wp-content\/uploads\/2024\/03\/Orixe-BHI-Tolosa-19.jpg 1600w\" sizes=\"auto, (max-width: 300px) 100vw, 300px\" \/><\/a>\n\t\t\t<\/dt><\/dl><br style=\"clear: both\" \/>\n\t\t<\/div>\n\n<p>&nbsp;<\/p>\n<p><strong>La segunda de las formaciones<\/strong>, que tuvo lugar el jueves, 29 de febrero, estuvo destinada a alumnado del centro p\u00fablico <strong>IES Orixe de Tolosa <\/strong>y de la escuela secundaria Sint Aloysius, en B\u00e9lgica, con quienes han realizado un intercambio bajo el marco del proyecto RAINBOW NATIONS, igualmente financiado por Erasmus+.<\/p>\n<p>&nbsp;<\/p>\n<p>Como parte de este intercambio, 22 alumnos de 1\u00ba de Bachillerato de IES Orixe viajaron a B\u00e9lgica durante una semana, y la semana pasada (del 25 de febrero al 3 de marzo), 22 estudiantes belgas viajaron a Euskadi.<\/p>\n<p>&nbsp;<\/p>\n<p>El objetivo del proyecto consiste en trabajar algunos de los 17 ODS, conociendo diferentes pueblos y lugares, y desarrollando proyectos de manera colaborativa. As\u00ed, la sesi\u00f3n formativa se organiz\u00f3 en el marco de su semana de estancia y visitas en Euskadi, conociendo los 18 ODS y su aplicaci\u00f3n en el d\u00eda a d\u00eda.<\/p>\n<p>&nbsp;<\/p>\n<p>La sesi\u00f3n incluy\u00f3 juegos interactivos, din\u00e1micas grupales, v\u00eddeos explicativos, adem\u00e1s de explicaciones sobre los procesos y marcos internacionales en torno a la Agenda 2030. Los estudiantes reflexionaron sobre los ODS, su relevancia en las esferas global, local y personal, y debatieron sobre objetivos que echaban en falta en la agenda.<\/p>\n<p>&nbsp;<\/p>\n<p>La metodolog\u00eda empleada basada en la exposici\u00f3n e interacci\u00f3n facilit\u00f3 la capacidad de concentraci\u00f3n y de memorizaci\u00f3n de la informaci\u00f3n expuesta, dando como resultado un proceso din\u00e1mico en el que recibir y compartir informaci\u00f3n, perspectivas, opiniones y reflexiones. Como din\u00e1mica final, el alumnado presente se dividi\u00f3 en 6 grupos, cada uno de ellos trabajando en unos de los ODS que desde sus centros se han priorizado (ODS 5, 7, 10, 11, 12 y 13).<\/p>\n","protected":false},"excerpt":{"rendered":"<p>La semana pasada, UN Etxea-Asociaci\u00f3n del Pa\u00eds Vasco para la UNESCO dinamiz\u00f3 en BBK Kuna-La Casa de los ODS dos sesiones formativas diferenciadas, pero con un denominador com\u00fan al estar [&hellip;]<\/p>\n","protected":false},"author":2,"featured_media":8853,"comment_status":"closed","ping_status":"closed","sticky":false,"template":"","format":"standard","meta":{"footnotes":""},"categories":[73,81],"tags":[],"class_list":["post-8875","post","type-post","status-publish","format-standard","has-post-thumbnail","hentry","category-2030-agenda","category-education"],"yoast_head":"<!-- This site is optimized with the Yoast SEO plugin v27.5 - https:\/\/yoast.com\/product\/yoast-seo-wordpress\/ -->\n<title>Sesiones formativas en Agenda 2030 en el marco del programa europeo Erasmus + - UN ETXEA<\/title>\n<meta name=\"robots\" content=\"index, follow, max-snippet:-1, max-image-preview:large, max-video-preview:-1\" \/>\n<link rel=\"canonical\" href=\"https:\/\/unetxea.org\/en\/sesiones-formativas-en-agenda-2030-en-el-marco-del-programa-europeo-erasmus\/\" \/>\n<meta property=\"og:locale\" content=\"en_US\" \/>\n<meta property=\"og:type\" content=\"article\" \/>\n<meta property=\"og:title\" content=\"Sesiones formativas en Agenda 2030 en el marco del programa europeo Erasmus + - UN ETXEA\" \/>\n<meta property=\"og:description\" content=\"La semana pasada, UN Etxea-Asociaci\u00f3n del Pa\u00eds Vasco para la UNESCO dinamiz\u00f3 en BBK Kuna-La Casa de los ODS dos sesiones formativas diferenciadas, pero con un denominador com\u00fan al estar [&hellip;]\" \/>\n<meta property=\"og:url\" content=\"https:\/\/unetxea.org\/en\/sesiones-formativas-en-agenda-2030-en-el-marco-del-programa-europeo-erasmus\/\" \/>\n<meta property=\"og:site_name\" content=\"UN ETXEA\" \/>\n<meta property=\"article:publisher\" content=\"https:\/\/www.facebook.com\/UNetxea\/\" \/>\n<meta property=\"article:published_time\" content=\"2024-03-07T11:25:21+00:00\" \/>\n<meta property=\"article:modified_time\" content=\"2024-07-09T11:29:15+00:00\" \/>\n<meta property=\"og:image\" content=\"https:\/\/unetxea.org\/wp-content\/uploads\/2024\/03\/sesiones-erasmus.jpg\" \/>\n\t<meta property=\"og:image:width\" content=\"960\" \/>\n\t<meta property=\"og:image:height\" content=\"457\" \/>\n\t<meta property=\"og:image:type\" content=\"image\/jpeg\" \/>\n<meta name=\"author\" content=\"UN Etxea\" \/>\n<meta name=\"twitter:card\" content=\"summary_large_image\" \/>\n<meta name=\"twitter:creator\" content=\"@UNetxea\" \/>\n<meta name=\"twitter:site\" content=\"@UNetxea\" \/>\n<meta name=\"twitter:label1\" content=\"Written by\" \/>\n\t<meta name=\"twitter:data1\" content=\"UN Etxea\" \/>\n\t<meta name=\"twitter:label2\" content=\"Est. reading time\" \/>\n\t<meta name=\"twitter:data2\" content=\"3 minutes\" \/>\n<script type=\"application\/ld+json\" class=\"yoast-schema-graph\">{\"@context\":\"https:\\\/\\\/schema.org\",\"@graph\":[{\"@type\":\"Article\",\"@id\":\"https:\\\/\\\/unetxea.org\\\/en\\\/sesiones-formativas-en-agenda-2030-en-el-marco-del-programa-europeo-erasmus\\\/#article\",\"isPartOf\":{\"@id\":\"https:\\\/\\\/unetxea.org\\\/en\\\/sesiones-formativas-en-agenda-2030-en-el-marco-del-programa-europeo-erasmus\\\/\"},\"author\":{\"name\":\"UN Etxea\",\"@id\":\"https:\\\/\\\/unetxea.org\\\/#\\\/schema\\\/person\\\/c115ec46e78902eb5e93b5ca0b96bd2d\"},\"headline\":\"Sesiones formativas en Agenda 2030 en el marco del programa europeo Erasmus +\",\"datePublished\":\"2024-03-07T11:25:21+00:00\",\"dateModified\":\"2024-07-09T11:29:15+00:00\",\"mainEntityOfPage\":{\"@id\":\"https:\\\/\\\/unetxea.org\\\/en\\\/sesiones-formativas-en-agenda-2030-en-el-marco-del-programa-europeo-erasmus\\\/\"},\"wordCount\":584,\"publisher\":{\"@id\":\"https:\\\/\\\/unetxea.org\\\/#organization\"},\"image\":{\"@id\":\"https:\\\/\\\/unetxea.org\\\/en\\\/sesiones-formativas-en-agenda-2030-en-el-marco-del-programa-europeo-erasmus\\\/#primaryimage\"},\"thumbnailUrl\":\"https:\\\/\\\/unetxea.org\\\/wp-content\\\/uploads\\\/2024\\\/03\\\/sesiones-erasmus.jpg\",\"articleSection\":[\"2030 agenda\",\"Education\"],\"inLanguage\":\"en-US\"},{\"@type\":\"WebPage\",\"@id\":\"https:\\\/\\\/unetxea.org\\\/en\\\/sesiones-formativas-en-agenda-2030-en-el-marco-del-programa-europeo-erasmus\\\/\",\"url\":\"https:\\\/\\\/unetxea.org\\\/en\\\/sesiones-formativas-en-agenda-2030-en-el-marco-del-programa-europeo-erasmus\\\/\",\"name\":\"Sesiones formativas en Agenda 2030 en el marco del programa europeo Erasmus + - UN ETXEA\",\"isPartOf\":{\"@id\":\"https:\\\/\\\/unetxea.org\\\/#website\"},\"primaryImageOfPage\":{\"@id\":\"https:\\\/\\\/unetxea.org\\\/en\\\/sesiones-formativas-en-agenda-2030-en-el-marco-del-programa-europeo-erasmus\\\/#primaryimage\"},\"image\":{\"@id\":\"https:\\\/\\\/unetxea.org\\\/en\\\/sesiones-formativas-en-agenda-2030-en-el-marco-del-programa-europeo-erasmus\\\/#primaryimage\"},\"thumbnailUrl\":\"https:\\\/\\\/unetxea.org\\\/wp-content\\\/uploads\\\/2024\\\/03\\\/sesiones-erasmus.jpg\",\"datePublished\":\"2024-03-07T11:25:21+00:00\",\"dateModified\":\"2024-07-09T11:29:15+00:00\",\"breadcrumb\":{\"@id\":\"https:\\\/\\\/unetxea.org\\\/en\\\/sesiones-formativas-en-agenda-2030-en-el-marco-del-programa-europeo-erasmus\\\/#breadcrumb\"},\"inLanguage\":\"en-US\",\"potentialAction\":[{\"@type\":\"ReadAction\",\"target\":[\"https:\\\/\\\/unetxea.org\\\/en\\\/sesiones-formativas-en-agenda-2030-en-el-marco-del-programa-europeo-erasmus\\\/\"]}]},{\"@type\":\"ImageObject\",\"inLanguage\":\"en-US\",\"@id\":\"https:\\\/\\\/unetxea.org\\\/en\\\/sesiones-formativas-en-agenda-2030-en-el-marco-del-programa-europeo-erasmus\\\/#primaryimage\",\"url\":\"https:\\\/\\\/unetxea.org\\\/wp-content\\\/uploads\\\/2024\\\/03\\\/sesiones-erasmus.jpg\",\"contentUrl\":\"https:\\\/\\\/unetxea.org\\\/wp-content\\\/uploads\\\/2024\\\/03\\\/sesiones-erasmus.jpg\",\"width\":960,\"height\":457},{\"@type\":\"BreadcrumbList\",\"@id\":\"https:\\\/\\\/unetxea.org\\\/en\\\/sesiones-formativas-en-agenda-2030-en-el-marco-del-programa-europeo-erasmus\\\/#breadcrumb\",\"itemListElement\":[{\"@type\":\"ListItem\",\"position\":1,\"name\":\"Portada\",\"item\":\"https:\\\/\\\/unetxea.org\\\/en\\\/\"},{\"@type\":\"ListItem\",\"position\":2,\"name\":\"Sesiones formativas en Agenda 2030 en el marco del programa europeo Erasmus +\"}]},{\"@type\":\"WebSite\",\"@id\":\"https:\\\/\\\/unetxea.org\\\/#website\",\"url\":\"https:\\\/\\\/unetxea.org\\\/\",\"name\":\"UN ETXEA\",\"description\":\"Asociaci\u00f3n del Pa\u00eds Vasco para la UNESCO\",\"publisher\":{\"@id\":\"https:\\\/\\\/unetxea.org\\\/#organization\"},\"potentialAction\":[{\"@type\":\"SearchAction\",\"target\":{\"@type\":\"EntryPoint\",\"urlTemplate\":\"https:\\\/\\\/unetxea.org\\\/?s={search_term_string}\"},\"query-input\":{\"@type\":\"PropertyValueSpecification\",\"valueRequired\":true,\"valueName\":\"search_term_string\"}}],\"inLanguage\":\"en-US\"},{\"@type\":\"Organization\",\"@id\":\"https:\\\/\\\/unetxea.org\\\/#organization\",\"name\":\"UN ETXEA\",\"url\":\"https:\\\/\\\/unetxea.org\\\/\",\"logo\":{\"@type\":\"ImageObject\",\"inLanguage\":\"en-US\",\"@id\":\"https:\\\/\\\/unetxea.org\\\/#\\\/schema\\\/logo\\\/image\\\/\",\"url\":\"https:\\\/\\\/unetxea.org\\\/wp-content\\\/uploads\\\/2025\\\/01\\\/logo-unetxea500.jpg\",\"contentUrl\":\"https:\\\/\\\/unetxea.org\\\/wp-content\\\/uploads\\\/2025\\\/01\\\/logo-unetxea500.jpg\",\"width\":500,\"height\":484,\"caption\":\"UN ETXEA\"},\"image\":{\"@id\":\"https:\\\/\\\/unetxea.org\\\/#\\\/schema\\\/logo\\\/image\\\/\"},\"sameAs\":[\"https:\\\/\\\/www.facebook.com\\\/UNetxea\\\/\",\"https:\\\/\\\/x.com\\\/UNetxea\",\"https:\\\/\\\/www.youtube.com\\\/@UNetxea\"]},{\"@type\":\"Person\",\"@id\":\"https:\\\/\\\/unetxea.org\\\/#\\\/schema\\\/person\\\/c115ec46e78902eb5e93b5ca0b96bd2d\",\"name\":\"UN Etxea\",\"image\":{\"@type\":\"ImageObject\",\"inLanguage\":\"en-US\",\"@id\":\"https:\\\/\\\/secure.gravatar.com\\\/avatar\\\/67b8d0f0ae884d096f535d6fbbb63507af5ec28b6be2d9db993a2e99f2855e18?s=96&d=mm&r=g\",\"url\":\"https:\\\/\\\/secure.gravatar.com\\\/avatar\\\/67b8d0f0ae884d096f535d6fbbb63507af5ec28b6be2d9db993a2e99f2855e18?s=96&d=mm&r=g\",\"contentUrl\":\"https:\\\/\\\/secure.gravatar.com\\\/avatar\\\/67b8d0f0ae884d096f535d6fbbb63507af5ec28b6be2d9db993a2e99f2855e18?s=96&d=mm&r=g\",\"caption\":\"UN Etxea\"},\"url\":\"https:\\\/\\\/unetxea.org\\\/en\\\/author\\\/nagusitxea\\\/\"}]}<\/script>\n<!-- \/ Yoast SEO plugin. -->","yoast_head_json":{"title":"Sesiones formativas en Agenda 2030 en el marco del programa europeo Erasmus + - UN ETXEA","robots":{"index":"index","follow":"follow","max-snippet":"max-snippet:-1","max-image-preview":"max-image-preview:large","max-video-preview":"max-video-preview:-1"},"canonical":"https:\/\/unetxea.org\/en\/sesiones-formativas-en-agenda-2030-en-el-marco-del-programa-europeo-erasmus\/","og_locale":"en_US","og_type":"article","og_title":"Sesiones formativas en Agenda 2030 en el marco del programa europeo Erasmus + - UN ETXEA","og_description":"La semana pasada, UN Etxea-Asociaci\u00f3n del Pa\u00eds Vasco para la UNESCO dinamiz\u00f3 en BBK Kuna-La Casa de los ODS dos sesiones formativas diferenciadas, pero con un denominador com\u00fan al estar [&hellip;]","og_url":"https:\/\/unetxea.org\/en\/sesiones-formativas-en-agenda-2030-en-el-marco-del-programa-europeo-erasmus\/","og_site_name":"UN ETXEA","article_publisher":"https:\/\/www.facebook.com\/UNetxea\/","article_published_time":"2024-03-07T11:25:21+00:00","article_modified_time":"2024-07-09T11:29:15+00:00","og_image":[{"width":960,"height":457,"url":"https:\/\/unetxea.org\/wp-content\/uploads\/2024\/03\/sesiones-erasmus.jpg","type":"image\/jpeg"}],"author":"UN Etxea","twitter_card":"summary_large_image","twitter_creator":"@UNetxea","twitter_site":"@UNetxea","twitter_misc":{"Written by":"UN Etxea","Est. reading time":"3 minutes"},"schema":{"@context":"https:\/\/schema.org","@graph":[{"@type":"Article","@id":"https:\/\/unetxea.org\/en\/sesiones-formativas-en-agenda-2030-en-el-marco-del-programa-europeo-erasmus\/#article","isPartOf":{"@id":"https:\/\/unetxea.org\/en\/sesiones-formativas-en-agenda-2030-en-el-marco-del-programa-europeo-erasmus\/"},"author":{"name":"UN Etxea","@id":"https:\/\/unetxea.org\/#\/schema\/person\/c115ec46e78902eb5e93b5ca0b96bd2d"},"headline":"Sesiones formativas en Agenda 2030 en el marco del programa europeo Erasmus +","datePublished":"2024-03-07T11:25:21+00:00","dateModified":"2024-07-09T11:29:15+00:00","mainEntityOfPage":{"@id":"https:\/\/unetxea.org\/en\/sesiones-formativas-en-agenda-2030-en-el-marco-del-programa-europeo-erasmus\/"},"wordCount":584,"publisher":{"@id":"https:\/\/unetxea.org\/#organization"},"image":{"@id":"https:\/\/unetxea.org\/en\/sesiones-formativas-en-agenda-2030-en-el-marco-del-programa-europeo-erasmus\/#primaryimage"},"thumbnailUrl":"https:\/\/unetxea.org\/wp-content\/uploads\/2024\/03\/sesiones-erasmus.jpg","articleSection":["2030 agenda","Education"],"inLanguage":"en-US"},{"@type":"WebPage","@id":"https:\/\/unetxea.org\/en\/sesiones-formativas-en-agenda-2030-en-el-marco-del-programa-europeo-erasmus\/","url":"https:\/\/unetxea.org\/en\/sesiones-formativas-en-agenda-2030-en-el-marco-del-programa-europeo-erasmus\/","name":"Sesiones formativas en Agenda 2030 en el marco del programa europeo Erasmus + - UN ETXEA","isPartOf":{"@id":"https:\/\/unetxea.org\/#website"},"primaryImageOfPage":{"@id":"https:\/\/unetxea.org\/en\/sesiones-formativas-en-agenda-2030-en-el-marco-del-programa-europeo-erasmus\/#primaryimage"},"image":{"@id":"https:\/\/unetxea.org\/en\/sesiones-formativas-en-agenda-2030-en-el-marco-del-programa-europeo-erasmus\/#primaryimage"},"thumbnailUrl":"https:\/\/unetxea.org\/wp-content\/uploads\/2024\/03\/sesiones-erasmus.jpg","datePublished":"2024-03-07T11:25:21+00:00","dateModified":"2024-07-09T11:29:15+00:00","breadcrumb":{"@id":"https:\/\/unetxea.org\/en\/sesiones-formativas-en-agenda-2030-en-el-marco-del-programa-europeo-erasmus\/#breadcrumb"},"inLanguage":"en-US","potentialAction":[{"@type":"ReadAction","target":["https:\/\/unetxea.org\/en\/sesiones-formativas-en-agenda-2030-en-el-marco-del-programa-europeo-erasmus\/"]}]},{"@type":"ImageObject","inLanguage":"en-US","@id":"https:\/\/unetxea.org\/en\/sesiones-formativas-en-agenda-2030-en-el-marco-del-programa-europeo-erasmus\/#primaryimage","url":"https:\/\/unetxea.org\/wp-content\/uploads\/2024\/03\/sesiones-erasmus.jpg","contentUrl":"https:\/\/unetxea.org\/wp-content\/uploads\/2024\/03\/sesiones-erasmus.jpg","width":960,"height":457},{"@type":"BreadcrumbList","@id":"https:\/\/unetxea.org\/en\/sesiones-formativas-en-agenda-2030-en-el-marco-del-programa-europeo-erasmus\/#breadcrumb","itemListElement":[{"@type":"ListItem","position":1,"name":"Portada","item":"https:\/\/unetxea.org\/en\/"},{"@type":"ListItem","position":2,"name":"Sesiones formativas en Agenda 2030 en el marco del programa europeo Erasmus +"}]},{"@type":"WebSite","@id":"https:\/\/unetxea.org\/#website","url":"https:\/\/unetxea.org\/","name":"UN ETXEA","description":"Asociaci\u00f3n del Pa\u00eds Vasco para la UNESCO","publisher":{"@id":"https:\/\/unetxea.org\/#organization"},"potentialAction":[{"@type":"SearchAction","target":{"@type":"EntryPoint","urlTemplate":"https:\/\/unetxea.org\/?s={search_term_string}"},"query-input":{"@type":"PropertyValueSpecification","valueRequired":true,"valueName":"search_term_string"}}],"inLanguage":"en-US"},{"@type":"Organization","@id":"https:\/\/unetxea.org\/#organization","name":"UN ETXEA","url":"https:\/\/unetxea.org\/","logo":{"@type":"ImageObject","inLanguage":"en-US","@id":"https:\/\/unetxea.org\/#\/schema\/logo\/image\/","url":"https:\/\/unetxea.org\/wp-content\/uploads\/2025\/01\/logo-unetxea500.jpg","contentUrl":"https:\/\/unetxea.org\/wp-content\/uploads\/2025\/01\/logo-unetxea500.jpg","width":500,"height":484,"caption":"UN ETXEA"},"image":{"@id":"https:\/\/unetxea.org\/#\/schema\/logo\/image\/"},"sameAs":["https:\/\/www.facebook.com\/UNetxea\/","https:\/\/x.com\/UNetxea","https:\/\/www.youtube.com\/@UNetxea"]},{"@type":"Person","@id":"https:\/\/unetxea.org\/#\/schema\/person\/c115ec46e78902eb5e93b5ca0b96bd2d","name":"UN Etxea","image":{"@type":"ImageObject","inLanguage":"en-US","@id":"https:\/\/secure.gravatar.com\/avatar\/67b8d0f0ae884d096f535d6fbbb63507af5ec28b6be2d9db993a2e99f2855e18?s=96&d=mm&r=g","url":"https:\/\/secure.gravatar.com\/avatar\/67b8d0f0ae884d096f535d6fbbb63507af5ec28b6be2d9db993a2e99f2855e18?s=96&d=mm&r=g","contentUrl":"https:\/\/secure.gravatar.com\/avatar\/67b8d0f0ae884d096f535d6fbbb63507af5ec28b6be2d9db993a2e99f2855e18?s=96&d=mm&r=g","caption":"UN Etxea"},"url":"https:\/\/unetxea.org\/en\/author\/nagusitxea\/"}]}},"_links":{"self":[{"href":"https:\/\/unetxea.org\/en\/wp-json\/wp\/v2\/posts\/8875","targetHints":{"allow":["GET"]}}],"collection":[{"href":"https:\/\/unetxea.org\/en\/wp-json\/wp\/v2\/posts"}],"about":[{"href":"https:\/\/unetxea.org\/en\/wp-json\/wp\/v2\/types\/post"}],"author":[{"embeddable":true,"href":"https:\/\/unetxea.org\/en\/wp-json\/wp\/v2\/users\/2"}],"replies":[{"embeddable":true,"href":"https:\/\/unetxea.org\/en\/wp-json\/wp\/v2\/comments?post=8875"}],"version-history":[{"count":1,"href":"https:\/\/unetxea.org\/en\/wp-json\/wp\/v2\/posts\/8875\/revisions"}],"predecessor-version":[{"id":8876,"href":"https:\/\/unetxea.org\/en\/wp-json\/wp\/v2\/posts\/8875\/revisions\/8876"}],"wp:featuredmedia":[{"embeddable":true,"href":"https:\/\/unetxea.org\/en\/wp-json\/wp\/v2\/media\/8853"}],"wp:attachment":[{"href":"https:\/\/unetxea.org\/en\/wp-json\/wp\/v2\/media?parent=8875"}],"wp:term":[{"taxonomy":"category","embeddable":true,"href":"https:\/\/unetxea.org\/en\/wp-json\/wp\/v2\/categories?post=8875"},{"taxonomy":"post_tag","embeddable":true,"href":"https:\/\/unetxea.org\/en\/wp-json\/wp\/v2\/tags?post=8875"}],"curies":[{"name":"wp","href":"https:\/\/api.w.org\/{rel}","templated":true}]}}