{"id":6484,"date":"2022-10-11T13:51:24","date_gmt":"2022-10-11T11:51:24","guid":{"rendered":"https:\/\/unetxea.org\/?p=6484"},"modified":"2022-10-11T13:51:25","modified_gmt":"2022-10-11T11:51:25","slug":"gazteek-ondare-up-aurkeztuko-dute-ondarearen-europako-jardunaldietan","status":"publish","type":"post","link":"https:\/\/unetxea.org\/eu\/gazteek-ondare-up-aurkeztuko-dute-ondarearen-europako-jardunaldietan\/","title":{"rendered":"Gazteek Ondare Up! aurkeztuko dute Ondarearen Europako Jardunaldietan"},"content":{"rendered":"\n<p><strong>Datorren ostegunean, urriak 13, arratsaldeko 18:00etan UNESCO EtxeakBBK Kunan <em>Ondare Up! Gazteak, ondarea eta dibertsitateak<\/em> aurkeztuko du Bizkaikoak bultzatutako Ondarearen Europako Jardunaldien esparruan.<\/strong><\/p>\n\n\n\n<p>Interesatzen al zaie gazteei ondarea? Ba al dute gazteek interesatzen zaizkien gaiez ikertzeko, elkarrizketan aritzeko eta hausnartzeko tokirik? Zein izango da ondarearen rola 2030eko gizartean? Zer ondare utziko diegu etorkizuneko belaunaldiei?<\/p>\n\n\n\n<p>COVID19ak eragindako konfinamenduaren ondoren, UNESCO Etxeak Ondare Up! programa aldatu egin zuen gazteak sustatzen has zitezen.<\/p>\n\n\n\n<p>Izan ere, horrela sortu zen mahai-inguruan aurkeztuko dugun ikasketa-bilduma, Bizkaiko Foru Aldundiak lagundutakoa. Bildumaren egileak izango dira mahaikide: Ainhoa de la Hoz, Mikel Garai, Ainhoa Azkarate eta Naiara \u00c1lvaro, eta bildumako koordinatzaile Bego\u00f1a Guzm\u00e1n. Elkarrizketa horretan, ondareak generoarekin eta hezkuntzarekin duen harremana, hedabideetan nola komunikatzen den eta pandemiaren eragina zein izan den aztertuko dugu.<\/p>\n\n\n\n<p>Ondare Up! Bilduma Gazteak, ondarea eta dibertsitateak gaztelaniaz eta euskaraz dago eskuragarri, online irakurri eta deskargatzeko, <a href=\"https:\/\/unetxea.org\/eu\/argitalpenak\/\" target=\"_blank\" rel=\"noreferrer noopener\">Tresnak > Baliabideak > Argitalpenak atalean<\/a>.<\/p>\n\n\n\n<ul class=\"wp-block-list\"><li><em><a href=\"https:\/\/unetxea.org\/eu\/portfolio-item\/ondarea-eta-hezkuntza-metodologiak-eta-jardunbide-egokiak\/\" target=\"_blank\" rel=\"noreferrer noopener\">Ondarea eta hezkuntza. Metodologiak eta jardunbide egokiak<\/a><\/em>. Ainhoa de la Hoz Gonz\u00e1lez.<\/li><li><em><a href=\"https:\/\/unetxea.org\/eu\/portfolio-item\/ondarea-eta-covid-19-hurbilketa-euskadiko-kultura-eta-naturaondarearen-egoerara\/\" target=\"_blank\" rel=\"noreferrer noopener\">Ondarea eta COVID-19. Euskadiko ondare kulturalaren eta naturalaren egoerari buruzko hurbilketa bat<\/a><\/em>. Mikel Garai.<\/li><li><a href=\"https:\/\/unetxea.org\/eu\/portfolio-item\/patrimonio-y-genero-el-rol-de-la-mujer-en-la-construccion-de-comunidad\/\" target=\"_blank\" rel=\"noreferrer noopener\"><em>Ondarea eta generoa<\/em>. <em>Emakumeak komunitatearen eraikuntzan duen rola<\/em><\/a>. Ainhoa Azkarate Iriondo.<\/li><li><em><a href=\"https:\/\/unetxea.org\/eu\/portfolio-item\/patrimonio-y-genero-el-rol-de-la-mujer-en-la-construccion-de-comunidad-2\/\" target=\"_blank\" rel=\"noreferrer noopener\">Ondarea eta Komunikazioa. Nola komunikatu ondarea?<\/a><\/em> Naiara \u00c1lvaro Ic\u00edar.<\/li><\/ul>\n\n\n\n<p><a href=\"https:\/\/bizkaikoa.bizkaia.eus\/homeJornadaEuropea.asp?idioma=EU\" target=\"_blank\" rel=\"noreferrer noopener\">Aurtengo Ondarearen Europako Jardunaldien gaia<\/a> gonbidatzen gaitu aztertzeko zein urrats eman daitekeen gure kultur ondare joria eta askotarikoa babestu eta zaintzeko egungo testuinguruan, aurre egin beharreko ingurumen-, gizarte- eta ekonomia-erronkak gorabehera.<\/p>\n\n\n\n<p>Zuen zain gaude!<\/p>\n","protected":false},"excerpt":{"rendered":"<p>Datorren ostegunean, urriak 13, arratsaldeko 18:00etan UNESCO EtxeakBBK Kunan Ondare Up! Gazteak, ondarea eta dibertsitateak aurkeztuko du Bizkaikoak bultzatutako Ondarearen Europako Jardunaldien esparruan. Interesatzen al zaie gazteei ondarea? Ba al [&hellip;]<\/p>\n","protected":false},"author":2,"featured_media":6479,"comment_status":"closed","ping_status":"closed","sticky":false,"template":"","format":"standard","meta":{"footnotes":""},"categories":[151],"tags":[],"class_list":["post-6484","post","type-post","status-publish","format-standard","has-post-thumbnail","hentry","category-kultura"],"yoast_head":"<!-- This site is optimized with the Yoast SEO plugin v27.5 - https:\/\/yoast.com\/product\/yoast-seo-wordpress\/ -->\n<title>Gazteek Ondare Up! aurkeztuko dute Ondarearen Europako Jardunaldietan - UN ETXEA<\/title>\n<meta name=\"robots\" content=\"index, follow, max-snippet:-1, max-image-preview:large, max-video-preview:-1\" \/>\n<link rel=\"canonical\" href=\"https:\/\/unetxea.org\/eu\/gazteek-ondare-up-aurkeztuko-dute-ondarearen-europako-jardunaldietan\/\" \/>\n<meta property=\"og:locale\" content=\"eu_ES\" \/>\n<meta property=\"og:type\" content=\"article\" \/>\n<meta property=\"og:title\" content=\"Gazteek Ondare Up! aurkeztuko dute Ondarearen Europako Jardunaldietan - UN ETXEA\" \/>\n<meta property=\"og:description\" content=\"Datorren ostegunean, urriak 13, arratsaldeko 18:00etan UNESCO EtxeakBBK Kunan Ondare Up! Gazteak, ondarea eta dibertsitateak aurkeztuko du Bizkaikoak bultzatutako Ondarearen Europako Jardunaldien esparruan. Interesatzen al zaie gazteei ondarea? Ba al [&hellip;]\" \/>\n<meta property=\"og:url\" content=\"https:\/\/unetxea.org\/eu\/gazteek-ondare-up-aurkeztuko-dute-ondarearen-europako-jardunaldietan\/\" \/>\n<meta property=\"og:site_name\" content=\"UN ETXEA\" \/>\n<meta property=\"article:publisher\" content=\"https:\/\/www.facebook.com\/UNetxea\/\" \/>\n<meta property=\"article:published_time\" content=\"2022-10-11T11:51:24+00:00\" \/>\n<meta property=\"article:modified_time\" content=\"2022-10-11T11:51:25+00:00\" \/>\n<meta property=\"og:image\" content=\"https:\/\/unetxea.org\/wp-content\/uploads\/2022\/10\/Noticia_OndareUp_Imagenok.jpg\" \/>\n\t<meta property=\"og:image:width\" content=\"1109\" \/>\n\t<meta property=\"og:image:height\" content=\"624\" \/>\n\t<meta property=\"og:image:type\" content=\"image\/jpeg\" \/>\n<meta name=\"author\" content=\"UN Etxea\" \/>\n<meta name=\"twitter:card\" content=\"summary_large_image\" \/>\n<meta name=\"twitter:creator\" content=\"@UNetxea\" \/>\n<meta name=\"twitter:site\" content=\"@UNetxea\" \/>\n<meta name=\"twitter:label1\" content=\"Written by\" \/>\n\t<meta name=\"twitter:data1\" content=\"UN Etxea\" \/>\n\t<meta name=\"twitter:label2\" content=\"Est. reading time\" \/>\n\t<meta name=\"twitter:data2\" content=\"1 minute\" \/>\n<script type=\"application\/ld+json\" class=\"yoast-schema-graph\">{\"@context\":\"https:\\\/\\\/schema.org\",\"@graph\":[{\"@type\":\"Article\",\"@id\":\"https:\\\/\\\/unetxea.org\\\/eu\\\/gazteek-ondare-up-aurkeztuko-dute-ondarearen-europako-jardunaldietan\\\/#article\",\"isPartOf\":{\"@id\":\"https:\\\/\\\/unetxea.org\\\/eu\\\/gazteek-ondare-up-aurkeztuko-dute-ondarearen-europako-jardunaldietan\\\/\"},\"author\":{\"name\":\"UN Etxea\",\"@id\":\"https:\\\/\\\/unetxea.org\\\/#\\\/schema\\\/person\\\/c115ec46e78902eb5e93b5ca0b96bd2d\"},\"headline\":\"Gazteek Ondare Up! aurkeztuko dute Ondarearen Europako Jardunaldietan\",\"datePublished\":\"2022-10-11T11:51:24+00:00\",\"dateModified\":\"2022-10-11T11:51:25+00:00\",\"mainEntityOfPage\":{\"@id\":\"https:\\\/\\\/unetxea.org\\\/eu\\\/gazteek-ondare-up-aurkeztuko-dute-ondarearen-europako-jardunaldietan\\\/\"},\"wordCount\":236,\"publisher\":{\"@id\":\"https:\\\/\\\/unetxea.org\\\/#organization\"},\"image\":{\"@id\":\"https:\\\/\\\/unetxea.org\\\/eu\\\/gazteek-ondare-up-aurkeztuko-dute-ondarearen-europako-jardunaldietan\\\/#primaryimage\"},\"thumbnailUrl\":\"https:\\\/\\\/unetxea.org\\\/wp-content\\\/uploads\\\/2022\\\/10\\\/Noticia_OndareUp_Imagenok.jpg\",\"articleSection\":[\"Kultura\"],\"inLanguage\":\"eu-ES\"},{\"@type\":\"WebPage\",\"@id\":\"https:\\\/\\\/unetxea.org\\\/eu\\\/gazteek-ondare-up-aurkeztuko-dute-ondarearen-europako-jardunaldietan\\\/\",\"url\":\"https:\\\/\\\/unetxea.org\\\/eu\\\/gazteek-ondare-up-aurkeztuko-dute-ondarearen-europako-jardunaldietan\\\/\",\"name\":\"Gazteek Ondare Up! aurkeztuko dute Ondarearen Europako Jardunaldietan - UN ETXEA\",\"isPartOf\":{\"@id\":\"https:\\\/\\\/unetxea.org\\\/#website\"},\"primaryImageOfPage\":{\"@id\":\"https:\\\/\\\/unetxea.org\\\/eu\\\/gazteek-ondare-up-aurkeztuko-dute-ondarearen-europako-jardunaldietan\\\/#primaryimage\"},\"image\":{\"@id\":\"https:\\\/\\\/unetxea.org\\\/eu\\\/gazteek-ondare-up-aurkeztuko-dute-ondarearen-europako-jardunaldietan\\\/#primaryimage\"},\"thumbnailUrl\":\"https:\\\/\\\/unetxea.org\\\/wp-content\\\/uploads\\\/2022\\\/10\\\/Noticia_OndareUp_Imagenok.jpg\",\"datePublished\":\"2022-10-11T11:51:24+00:00\",\"dateModified\":\"2022-10-11T11:51:25+00:00\",\"breadcrumb\":{\"@id\":\"https:\\\/\\\/unetxea.org\\\/eu\\\/gazteek-ondare-up-aurkeztuko-dute-ondarearen-europako-jardunaldietan\\\/#breadcrumb\"},\"inLanguage\":\"eu-ES\",\"potentialAction\":[{\"@type\":\"ReadAction\",\"target\":[\"https:\\\/\\\/unetxea.org\\\/eu\\\/gazteek-ondare-up-aurkeztuko-dute-ondarearen-europako-jardunaldietan\\\/\"]}]},{\"@type\":\"ImageObject\",\"inLanguage\":\"eu-ES\",\"@id\":\"https:\\\/\\\/unetxea.org\\\/eu\\\/gazteek-ondare-up-aurkeztuko-dute-ondarearen-europako-jardunaldietan\\\/#primaryimage\",\"url\":\"https:\\\/\\\/unetxea.org\\\/wp-content\\\/uploads\\\/2022\\\/10\\\/Noticia_OndareUp_Imagenok.jpg\",\"contentUrl\":\"https:\\\/\\\/unetxea.org\\\/wp-content\\\/uploads\\\/2022\\\/10\\\/Noticia_OndareUp_Imagenok.jpg\",\"width\":1109,\"height\":624},{\"@type\":\"BreadcrumbList\",\"@id\":\"https:\\\/\\\/unetxea.org\\\/eu\\\/gazteek-ondare-up-aurkeztuko-dute-ondarearen-europako-jardunaldietan\\\/#breadcrumb\",\"itemListElement\":[{\"@type\":\"ListItem\",\"position\":1,\"name\":\"Portada\",\"item\":\"https:\\\/\\\/unetxea.org\\\/eu\\\/\"},{\"@type\":\"ListItem\",\"position\":2,\"name\":\"Gazteek Ondare Up! aurkeztuko dute Ondarearen Europako Jardunaldietan\"}]},{\"@type\":\"WebSite\",\"@id\":\"https:\\\/\\\/unetxea.org\\\/#website\",\"url\":\"https:\\\/\\\/unetxea.org\\\/\",\"name\":\"UN ETXEA\",\"description\":\"Asociaci\u00f3n del Pa\u00eds Vasco para la UNESCO\",\"publisher\":{\"@id\":\"https:\\\/\\\/unetxea.org\\\/#organization\"},\"potentialAction\":[{\"@type\":\"SearchAction\",\"target\":{\"@type\":\"EntryPoint\",\"urlTemplate\":\"https:\\\/\\\/unetxea.org\\\/?s={search_term_string}\"},\"query-input\":{\"@type\":\"PropertyValueSpecification\",\"valueRequired\":true,\"valueName\":\"search_term_string\"}}],\"inLanguage\":\"eu-ES\"},{\"@type\":\"Organization\",\"@id\":\"https:\\\/\\\/unetxea.org\\\/#organization\",\"name\":\"UN ETXEA\",\"url\":\"https:\\\/\\\/unetxea.org\\\/\",\"logo\":{\"@type\":\"ImageObject\",\"inLanguage\":\"eu-ES\",\"@id\":\"https:\\\/\\\/unetxea.org\\\/#\\\/schema\\\/logo\\\/image\\\/\",\"url\":\"https:\\\/\\\/unetxea.org\\\/wp-content\\\/uploads\\\/2025\\\/01\\\/logo-unetxea500.jpg\",\"contentUrl\":\"https:\\\/\\\/unetxea.org\\\/wp-content\\\/uploads\\\/2025\\\/01\\\/logo-unetxea500.jpg\",\"width\":500,\"height\":484,\"caption\":\"UN ETXEA\"},\"image\":{\"@id\":\"https:\\\/\\\/unetxea.org\\\/#\\\/schema\\\/logo\\\/image\\\/\"},\"sameAs\":[\"https:\\\/\\\/www.facebook.com\\\/UNetxea\\\/\",\"https:\\\/\\\/x.com\\\/UNetxea\",\"https:\\\/\\\/www.youtube.com\\\/@UNetxea\"]},{\"@type\":\"Person\",\"@id\":\"https:\\\/\\\/unetxea.org\\\/#\\\/schema\\\/person\\\/c115ec46e78902eb5e93b5ca0b96bd2d\",\"name\":\"UN Etxea\",\"image\":{\"@type\":\"ImageObject\",\"inLanguage\":\"eu-ES\",\"@id\":\"https:\\\/\\\/secure.gravatar.com\\\/avatar\\\/67b8d0f0ae884d096f535d6fbbb63507af5ec28b6be2d9db993a2e99f2855e18?s=96&d=mm&r=g\",\"url\":\"https:\\\/\\\/secure.gravatar.com\\\/avatar\\\/67b8d0f0ae884d096f535d6fbbb63507af5ec28b6be2d9db993a2e99f2855e18?s=96&d=mm&r=g\",\"contentUrl\":\"https:\\\/\\\/secure.gravatar.com\\\/avatar\\\/67b8d0f0ae884d096f535d6fbbb63507af5ec28b6be2d9db993a2e99f2855e18?s=96&d=mm&r=g\",\"caption\":\"UN Etxea\"},\"url\":\"https:\\\/\\\/unetxea.org\\\/eu\\\/author\\\/nagusitxea\\\/\"}]}<\/script>\n<!-- \/ Yoast SEO plugin. -->","yoast_head_json":{"title":"Gazteek Ondare Up! aurkeztuko dute Ondarearen Europako Jardunaldietan - UN ETXEA","robots":{"index":"index","follow":"follow","max-snippet":"max-snippet:-1","max-image-preview":"max-image-preview:large","max-video-preview":"max-video-preview:-1"},"canonical":"https:\/\/unetxea.org\/eu\/gazteek-ondare-up-aurkeztuko-dute-ondarearen-europako-jardunaldietan\/","og_locale":"eu_ES","og_type":"article","og_title":"Gazteek Ondare Up! aurkeztuko dute Ondarearen Europako Jardunaldietan - UN ETXEA","og_description":"Datorren ostegunean, urriak 13, arratsaldeko 18:00etan UNESCO EtxeakBBK Kunan Ondare Up! Gazteak, ondarea eta dibertsitateak aurkeztuko du Bizkaikoak bultzatutako Ondarearen Europako Jardunaldien esparruan. Interesatzen al zaie gazteei ondarea? Ba al [&hellip;]","og_url":"https:\/\/unetxea.org\/eu\/gazteek-ondare-up-aurkeztuko-dute-ondarearen-europako-jardunaldietan\/","og_site_name":"UN ETXEA","article_publisher":"https:\/\/www.facebook.com\/UNetxea\/","article_published_time":"2022-10-11T11:51:24+00:00","article_modified_time":"2022-10-11T11:51:25+00:00","og_image":[{"width":1109,"height":624,"url":"https:\/\/unetxea.org\/wp-content\/uploads\/2022\/10\/Noticia_OndareUp_Imagenok.jpg","type":"image\/jpeg"}],"author":"UN Etxea","twitter_card":"summary_large_image","twitter_creator":"@UNetxea","twitter_site":"@UNetxea","twitter_misc":{"Written by":"UN Etxea","Est. reading time":"1 minute"},"schema":{"@context":"https:\/\/schema.org","@graph":[{"@type":"Article","@id":"https:\/\/unetxea.org\/eu\/gazteek-ondare-up-aurkeztuko-dute-ondarearen-europako-jardunaldietan\/#article","isPartOf":{"@id":"https:\/\/unetxea.org\/eu\/gazteek-ondare-up-aurkeztuko-dute-ondarearen-europako-jardunaldietan\/"},"author":{"name":"UN Etxea","@id":"https:\/\/unetxea.org\/#\/schema\/person\/c115ec46e78902eb5e93b5ca0b96bd2d"},"headline":"Gazteek Ondare Up! aurkeztuko dute Ondarearen Europako Jardunaldietan","datePublished":"2022-10-11T11:51:24+00:00","dateModified":"2022-10-11T11:51:25+00:00","mainEntityOfPage":{"@id":"https:\/\/unetxea.org\/eu\/gazteek-ondare-up-aurkeztuko-dute-ondarearen-europako-jardunaldietan\/"},"wordCount":236,"publisher":{"@id":"https:\/\/unetxea.org\/#organization"},"image":{"@id":"https:\/\/unetxea.org\/eu\/gazteek-ondare-up-aurkeztuko-dute-ondarearen-europako-jardunaldietan\/#primaryimage"},"thumbnailUrl":"https:\/\/unetxea.org\/wp-content\/uploads\/2022\/10\/Noticia_OndareUp_Imagenok.jpg","articleSection":["Kultura"],"inLanguage":"eu-ES"},{"@type":"WebPage","@id":"https:\/\/unetxea.org\/eu\/gazteek-ondare-up-aurkeztuko-dute-ondarearen-europako-jardunaldietan\/","url":"https:\/\/unetxea.org\/eu\/gazteek-ondare-up-aurkeztuko-dute-ondarearen-europako-jardunaldietan\/","name":"Gazteek Ondare Up! aurkeztuko dute Ondarearen Europako Jardunaldietan - UN ETXEA","isPartOf":{"@id":"https:\/\/unetxea.org\/#website"},"primaryImageOfPage":{"@id":"https:\/\/unetxea.org\/eu\/gazteek-ondare-up-aurkeztuko-dute-ondarearen-europako-jardunaldietan\/#primaryimage"},"image":{"@id":"https:\/\/unetxea.org\/eu\/gazteek-ondare-up-aurkeztuko-dute-ondarearen-europako-jardunaldietan\/#primaryimage"},"thumbnailUrl":"https:\/\/unetxea.org\/wp-content\/uploads\/2022\/10\/Noticia_OndareUp_Imagenok.jpg","datePublished":"2022-10-11T11:51:24+00:00","dateModified":"2022-10-11T11:51:25+00:00","breadcrumb":{"@id":"https:\/\/unetxea.org\/eu\/gazteek-ondare-up-aurkeztuko-dute-ondarearen-europako-jardunaldietan\/#breadcrumb"},"inLanguage":"eu-ES","potentialAction":[{"@type":"ReadAction","target":["https:\/\/unetxea.org\/eu\/gazteek-ondare-up-aurkeztuko-dute-ondarearen-europako-jardunaldietan\/"]}]},{"@type":"ImageObject","inLanguage":"eu-ES","@id":"https:\/\/unetxea.org\/eu\/gazteek-ondare-up-aurkeztuko-dute-ondarearen-europako-jardunaldietan\/#primaryimage","url":"https:\/\/unetxea.org\/wp-content\/uploads\/2022\/10\/Noticia_OndareUp_Imagenok.jpg","contentUrl":"https:\/\/unetxea.org\/wp-content\/uploads\/2022\/10\/Noticia_OndareUp_Imagenok.jpg","width":1109,"height":624},{"@type":"BreadcrumbList","@id":"https:\/\/unetxea.org\/eu\/gazteek-ondare-up-aurkeztuko-dute-ondarearen-europako-jardunaldietan\/#breadcrumb","itemListElement":[{"@type":"ListItem","position":1,"name":"Portada","item":"https:\/\/unetxea.org\/eu\/"},{"@type":"ListItem","position":2,"name":"Gazteek Ondare Up! aurkeztuko dute Ondarearen Europako Jardunaldietan"}]},{"@type":"WebSite","@id":"https:\/\/unetxea.org\/#website","url":"https:\/\/unetxea.org\/","name":"UN ETXEA","description":"Asociaci\u00f3n del Pa\u00eds Vasco para la UNESCO","publisher":{"@id":"https:\/\/unetxea.org\/#organization"},"potentialAction":[{"@type":"SearchAction","target":{"@type":"EntryPoint","urlTemplate":"https:\/\/unetxea.org\/?s={search_term_string}"},"query-input":{"@type":"PropertyValueSpecification","valueRequired":true,"valueName":"search_term_string"}}],"inLanguage":"eu-ES"},{"@type":"Organization","@id":"https:\/\/unetxea.org\/#organization","name":"UN ETXEA","url":"https:\/\/unetxea.org\/","logo":{"@type":"ImageObject","inLanguage":"eu-ES","@id":"https:\/\/unetxea.org\/#\/schema\/logo\/image\/","url":"https:\/\/unetxea.org\/wp-content\/uploads\/2025\/01\/logo-unetxea500.jpg","contentUrl":"https:\/\/unetxea.org\/wp-content\/uploads\/2025\/01\/logo-unetxea500.jpg","width":500,"height":484,"caption":"UN ETXEA"},"image":{"@id":"https:\/\/unetxea.org\/#\/schema\/logo\/image\/"},"sameAs":["https:\/\/www.facebook.com\/UNetxea\/","https:\/\/x.com\/UNetxea","https:\/\/www.youtube.com\/@UNetxea"]},{"@type":"Person","@id":"https:\/\/unetxea.org\/#\/schema\/person\/c115ec46e78902eb5e93b5ca0b96bd2d","name":"UN Etxea","image":{"@type":"ImageObject","inLanguage":"eu-ES","@id":"https:\/\/secure.gravatar.com\/avatar\/67b8d0f0ae884d096f535d6fbbb63507af5ec28b6be2d9db993a2e99f2855e18?s=96&d=mm&r=g","url":"https:\/\/secure.gravatar.com\/avatar\/67b8d0f0ae884d096f535d6fbbb63507af5ec28b6be2d9db993a2e99f2855e18?s=96&d=mm&r=g","contentUrl":"https:\/\/secure.gravatar.com\/avatar\/67b8d0f0ae884d096f535d6fbbb63507af5ec28b6be2d9db993a2e99f2855e18?s=96&d=mm&r=g","caption":"UN Etxea"},"url":"https:\/\/unetxea.org\/eu\/author\/nagusitxea\/"}]}},"_links":{"self":[{"href":"https:\/\/unetxea.org\/eu\/wp-json\/wp\/v2\/posts\/6484","targetHints":{"allow":["GET"]}}],"collection":[{"href":"https:\/\/unetxea.org\/eu\/wp-json\/wp\/v2\/posts"}],"about":[{"href":"https:\/\/unetxea.org\/eu\/wp-json\/wp\/v2\/types\/post"}],"author":[{"embeddable":true,"href":"https:\/\/unetxea.org\/eu\/wp-json\/wp\/v2\/users\/2"}],"replies":[{"embeddable":true,"href":"https:\/\/unetxea.org\/eu\/wp-json\/wp\/v2\/comments?post=6484"}],"version-history":[{"count":0,"href":"https:\/\/unetxea.org\/eu\/wp-json\/wp\/v2\/posts\/6484\/revisions"}],"wp:featuredmedia":[{"embeddable":true,"href":"https:\/\/unetxea.org\/eu\/wp-json\/wp\/v2\/media\/6479"}],"wp:attachment":[{"href":"https:\/\/unetxea.org\/eu\/wp-json\/wp\/v2\/media?parent=6484"}],"wp:term":[{"taxonomy":"category","embeddable":true,"href":"https:\/\/unetxea.org\/eu\/wp-json\/wp\/v2\/categories?post=6484"},{"taxonomy":"post_tag","embeddable":true,"href":"https:\/\/unetxea.org\/eu\/wp-json\/wp\/v2\/tags?post=6484"}],"curies":[{"name":"wp","href":"https:\/\/api.w.org\/{rel}","templated":true}]}}