{"id":9003,"date":"2024-03-15T21:29:15","date_gmt":"2024-03-15T20:29:15","guid":{"rendered":"https:\/\/unetxea.org\/?p=9003"},"modified":"2024-03-16T09:52:08","modified_gmt":"2024-03-16T08:52:08","slug":"ezina-ekinez-egina-eman-minutu-1-lehiaketaren-xiv-edizioaren-bideo-irabazlea","status":"publish","type":"post","link":"https:\/\/unetxea.org\/eu\/ezina-ekinez-egina-eman-minutu-1-lehiaketaren-xiv-edizioaren-bideo-irabazlea\/","title":{"rendered":"&#8216;Ezina Ekinez Egina&#8217;, Eman minutu 1 lehiaketaren XIV. edizioaren bideo irabazlea"},"content":{"rendered":"<p><em><strong>Osasun duhuina\u2019 euskarazko bideorik onena da.<\/strong><\/em><\/p>\n<p><em><strong>\u2018Mar\u00eda\u2019 da UN Etxea kategoriako bideo irabazlea.<\/strong><\/em><\/p>\n<p><em><strong>\u2018Ez da bideojokoa\u2019 Ekin eta Egin\u2019 saria irabazi du.<\/strong><\/em><\/p>\n<p>&nbsp;<\/p>\n<p>Jose Miguel Llano Hernaiz-ek zuzendutako &#8216;Ezina Ekinez Egina&#8217; film laburrak irabazi du gure <strong><a href=\"https:\/\/dame1minutode.org\/eu\/\" target=\"_blank\" rel=\"noopener\">&#8220;Eman minutu 1&#8230;&#8221;<\/a><\/strong> lehiaketaren XIV. edizioko sari nagusia. Aurten lehiaketaren gai nagusia osasunerako eta ongizaterako giza eskubidea izan da.<\/p>\n<p>&nbsp;<\/p>\n<p><iframe loading=\"lazy\" title=\"Dame 1&#039;  de Salud - Ezina Ekinez Egina - Ganador categor\u00eda principal\" width=\"1060\" height=\"596\" src=\"https:\/\/www.youtube.com\/embed\/oi-J32Om9E8?feature=oembed\" frameborder=\"0\" allow=\"accelerometer; autoplay; clipboard-write; encrypted-media; gyroscope; picture-in-picture; web-share\" allowfullscreen><\/iframe><\/p>\n<p>&nbsp;<\/p>\n<p>Euskarazko lan onenari saria Mikel Cordero, Paula Escribano, Izaro Rubio, Eric Ruiz eta Bruno V\u00e1zquez zuzendarien <em>&#8216;Osaun duhina&#8217;<\/em> lanarentzat izan da.<\/p>\n<p>&nbsp;<\/p>\n<p>Marieta D\u00edaz de Toledo, Tom\u00e1s Ari\u00f1o eta Iker Barrenetxearen <em>&#8216;Mar\u00eda&#8217;<\/em> film laburrak UN Etxea saria jaso du.<\/p>\n<p>&nbsp;<\/p>\n<p>18 urtetik beherakoentzat \u201cEkin eta Egin\u201d kategoriako saria Nuestra Se\u00f1ora del Carmen Indautxu Ikastetxearentzat izan da, Julia Ruiz-Bravo ikasleak egindako <em>\u2018Ez da bideojokoa&#8217;<\/em> film laburragatik.<\/p>\n<p>&nbsp;<\/p>\n<p>Saritutako bideo guztiak ikus ditzakezu <strong><a href=\"https:\/\/dame1minutode.org\/eu\/edizioak\/sarituak-2023\/\" target=\"_blank\" rel=\"noopener\">esteka honetan<\/a><\/strong>.<\/p>\n<p>&nbsp;<\/p>\n<p>Sari banaketa ekitaldia Getxoko Muxikebarri zentroan egin da. UN Etxeko <a href=\"https:\/\/www.youtube.com\/live\/EPf88QoXkA0?si=MfmOgNGHCIlIE3A2\" target=\"_blank\" rel=\"noopener\">YouTube kanalean<\/a> ikus dezakezu.<\/p>\n<p>Ekitaldian Africa Bibang abeslariaren eta Utopian Getxo antzerki taldearen emanaldiez gozatu genuen. Gainera, Marta Las Heras eta Ainhoa Zamanillo 13. edizioko irabazleen <em>&#8216;Erromintxela &#8211; Senderos y ra\u00edces&#8217;<\/em> dokumentalaren aurrerapena aurkeztu zen; Guggenheim Bilbao Museoko auditorioan estreinatuko da 2024ko azaroaren 30ean.<\/p>\n<p>&nbsp;<\/p>\n<p>Film labur finalistak eta irabazleak aukeratzeko, <a href=\"https:\/\/dame1minutode.org\/eu\/xiv-edizioko-epaimahaikideak-aurkezten-dizkizuegu\/\" target=\"_blank\" rel=\"noopener\">epaimahai<\/a> zabala izan da, kulturaren, hezkuntzaren, giza eskubideen eta lankidetzaren munduko eragileek eta ikus-entzunezkoen munduko profesionalek osatua.<\/p>\n<p>&nbsp;<\/p>\n<p>Lehiaketaren 14. edizioa Bilboko eta Getxoko Udalek eta Eusko Jaurlaritzako Giza Eskubide, Memoria eta Lankidetza Zuzendaritzak babestu dute.<\/p>\n","protected":false},"excerpt":{"rendered":"<p>Osasun duhuina\u2019 euskarazko bideorik onena da. \u2018Mar\u00eda\u2019 da UN Etxea kategoriako bideo irabazlea. \u2018Ez da bideojokoa\u2019 Ekin eta Egin\u2019 saria irabazi du. &nbsp; Jose Miguel Llano Hernaiz-ek zuzendutako &#8216;Ezina Ekinez [&hellip;]<\/p>\n","protected":false},"author":2,"featured_media":9032,"comment_status":"closed","ping_status":"closed","sticky":false,"template":"","format":"standard","meta":{"footnotes":""},"categories":[78],"tags":[],"class_list":["post-9003","post","type-post","status-publish","format-standard","has-post-thumbnail","hentry","category-giza-eskubideak"],"yoast_head":"<!-- This site is optimized with the Yoast SEO plugin v27.5 - https:\/\/yoast.com\/product\/yoast-seo-wordpress\/ -->\n<title>&#039;Ezina Ekinez Egina&#039;, Eman minutu 1 lehiaketaren XIV. edizioaren bideo irabazlea - UN ETXEA<\/title>\n<meta name=\"robots\" content=\"index, follow, max-snippet:-1, max-image-preview:large, max-video-preview:-1\" \/>\n<link rel=\"canonical\" href=\"https:\/\/unetxea.org\/eu\/ezina-ekinez-egina-eman-minutu-1-lehiaketaren-xiv-edizioaren-bideo-irabazlea\/\" \/>\n<meta property=\"og:locale\" content=\"eu_ES\" \/>\n<meta property=\"og:type\" content=\"article\" \/>\n<meta property=\"og:title\" content=\"&#039;Ezina Ekinez Egina&#039;, Eman minutu 1 lehiaketaren XIV. edizioaren bideo irabazlea - UN ETXEA\" \/>\n<meta property=\"og:description\" content=\"Osasun duhuina\u2019 euskarazko bideorik onena da. \u2018Mar\u00eda\u2019 da UN Etxea kategoriako bideo irabazlea. \u2018Ez da bideojokoa\u2019 Ekin eta Egin\u2019 saria irabazi du. &nbsp; Jose Miguel Llano Hernaiz-ek zuzendutako &#8216;Ezina Ekinez [&hellip;]\" \/>\n<meta property=\"og:url\" content=\"https:\/\/unetxea.org\/eu\/ezina-ekinez-egina-eman-minutu-1-lehiaketaren-xiv-edizioaren-bideo-irabazlea\/\" \/>\n<meta property=\"og:site_name\" content=\"UN ETXEA\" \/>\n<meta property=\"article:publisher\" content=\"https:\/\/www.facebook.com\/UNetxea\/\" \/>\n<meta property=\"article:published_time\" content=\"2024-03-15T20:29:15+00:00\" \/>\n<meta property=\"article:modified_time\" content=\"2024-03-16T08:52:08+00:00\" \/>\n<meta property=\"og:image\" content=\"https:\/\/unetxea.org\/wp-content\/uploads\/2024\/03\/ezina-ekinez-egina-web.jpg\" \/>\n\t<meta property=\"og:image:width\" content=\"987\" \/>\n\t<meta property=\"og:image:height\" content=\"553\" \/>\n\t<meta property=\"og:image:type\" content=\"image\/jpeg\" \/>\n<meta name=\"author\" content=\"UN Etxea\" \/>\n<meta name=\"twitter:card\" content=\"summary_large_image\" \/>\n<meta name=\"twitter:creator\" content=\"@UNetxea\" \/>\n<meta name=\"twitter:site\" content=\"@UNetxea\" \/>\n<meta name=\"twitter:label1\" content=\"Written by\" \/>\n\t<meta name=\"twitter:data1\" content=\"UN Etxea\" \/>\n\t<meta name=\"twitter:label2\" content=\"Est. reading time\" \/>\n\t<meta name=\"twitter:data2\" content=\"1 minute\" \/>\n<script type=\"application\/ld+json\" class=\"yoast-schema-graph\">{\"@context\":\"https:\\\/\\\/schema.org\",\"@graph\":[{\"@type\":\"Article\",\"@id\":\"https:\\\/\\\/unetxea.org\\\/eu\\\/ezina-ekinez-egina-eman-minutu-1-lehiaketaren-xiv-edizioaren-bideo-irabazlea\\\/#article\",\"isPartOf\":{\"@id\":\"https:\\\/\\\/unetxea.org\\\/eu\\\/ezina-ekinez-egina-eman-minutu-1-lehiaketaren-xiv-edizioaren-bideo-irabazlea\\\/\"},\"author\":{\"name\":\"UN Etxea\",\"@id\":\"https:\\\/\\\/unetxea.org\\\/#\\\/schema\\\/person\\\/c115ec46e78902eb5e93b5ca0b96bd2d\"},\"headline\":\"&#8216;Ezina Ekinez Egina&#8217;, Eman minutu 1 lehiaketaren XIV. edizioaren bideo irabazlea\",\"datePublished\":\"2024-03-15T20:29:15+00:00\",\"dateModified\":\"2024-03-16T08:52:08+00:00\",\"mainEntityOfPage\":{\"@id\":\"https:\\\/\\\/unetxea.org\\\/eu\\\/ezina-ekinez-egina-eman-minutu-1-lehiaketaren-xiv-edizioaren-bideo-irabazlea\\\/\"},\"wordCount\":250,\"publisher\":{\"@id\":\"https:\\\/\\\/unetxea.org\\\/#organization\"},\"image\":{\"@id\":\"https:\\\/\\\/unetxea.org\\\/eu\\\/ezina-ekinez-egina-eman-minutu-1-lehiaketaren-xiv-edizioaren-bideo-irabazlea\\\/#primaryimage\"},\"thumbnailUrl\":\"https:\\\/\\\/unetxea.org\\\/wp-content\\\/uploads\\\/2024\\\/03\\\/ezina-ekinez-egina-web.jpg\",\"articleSection\":[\"Giza eskubideak\"],\"inLanguage\":\"eu-ES\"},{\"@type\":\"WebPage\",\"@id\":\"https:\\\/\\\/unetxea.org\\\/eu\\\/ezina-ekinez-egina-eman-minutu-1-lehiaketaren-xiv-edizioaren-bideo-irabazlea\\\/\",\"url\":\"https:\\\/\\\/unetxea.org\\\/eu\\\/ezina-ekinez-egina-eman-minutu-1-lehiaketaren-xiv-edizioaren-bideo-irabazlea\\\/\",\"name\":\"'Ezina Ekinez Egina', Eman minutu 1 lehiaketaren XIV. edizioaren bideo irabazlea - UN ETXEA\",\"isPartOf\":{\"@id\":\"https:\\\/\\\/unetxea.org\\\/#website\"},\"primaryImageOfPage\":{\"@id\":\"https:\\\/\\\/unetxea.org\\\/eu\\\/ezina-ekinez-egina-eman-minutu-1-lehiaketaren-xiv-edizioaren-bideo-irabazlea\\\/#primaryimage\"},\"image\":{\"@id\":\"https:\\\/\\\/unetxea.org\\\/eu\\\/ezina-ekinez-egina-eman-minutu-1-lehiaketaren-xiv-edizioaren-bideo-irabazlea\\\/#primaryimage\"},\"thumbnailUrl\":\"https:\\\/\\\/unetxea.org\\\/wp-content\\\/uploads\\\/2024\\\/03\\\/ezina-ekinez-egina-web.jpg\",\"datePublished\":\"2024-03-15T20:29:15+00:00\",\"dateModified\":\"2024-03-16T08:52:08+00:00\",\"breadcrumb\":{\"@id\":\"https:\\\/\\\/unetxea.org\\\/eu\\\/ezina-ekinez-egina-eman-minutu-1-lehiaketaren-xiv-edizioaren-bideo-irabazlea\\\/#breadcrumb\"},\"inLanguage\":\"eu-ES\",\"potentialAction\":[{\"@type\":\"ReadAction\",\"target\":[\"https:\\\/\\\/unetxea.org\\\/eu\\\/ezina-ekinez-egina-eman-minutu-1-lehiaketaren-xiv-edizioaren-bideo-irabazlea\\\/\"]}]},{\"@type\":\"ImageObject\",\"inLanguage\":\"eu-ES\",\"@id\":\"https:\\\/\\\/unetxea.org\\\/eu\\\/ezina-ekinez-egina-eman-minutu-1-lehiaketaren-xiv-edizioaren-bideo-irabazlea\\\/#primaryimage\",\"url\":\"https:\\\/\\\/unetxea.org\\\/wp-content\\\/uploads\\\/2024\\\/03\\\/ezina-ekinez-egina-web.jpg\",\"contentUrl\":\"https:\\\/\\\/unetxea.org\\\/wp-content\\\/uploads\\\/2024\\\/03\\\/ezina-ekinez-egina-web.jpg\",\"width\":987,\"height\":553},{\"@type\":\"BreadcrumbList\",\"@id\":\"https:\\\/\\\/unetxea.org\\\/eu\\\/ezina-ekinez-egina-eman-minutu-1-lehiaketaren-xiv-edizioaren-bideo-irabazlea\\\/#breadcrumb\",\"itemListElement\":[{\"@type\":\"ListItem\",\"position\":1,\"name\":\"Portada\",\"item\":\"https:\\\/\\\/unetxea.org\\\/eu\\\/\"},{\"@type\":\"ListItem\",\"position\":2,\"name\":\"&#8216;Ezina Ekinez Egina&#8217;, Eman minutu 1 lehiaketaren XIV. edizioaren bideo irabazlea\"}]},{\"@type\":\"WebSite\",\"@id\":\"https:\\\/\\\/unetxea.org\\\/#website\",\"url\":\"https:\\\/\\\/unetxea.org\\\/\",\"name\":\"UN ETXEA\",\"description\":\"Asociaci\u00f3n del Pa\u00eds Vasco para la UNESCO\",\"publisher\":{\"@id\":\"https:\\\/\\\/unetxea.org\\\/#organization\"},\"potentialAction\":[{\"@type\":\"SearchAction\",\"target\":{\"@type\":\"EntryPoint\",\"urlTemplate\":\"https:\\\/\\\/unetxea.org\\\/?s={search_term_string}\"},\"query-input\":{\"@type\":\"PropertyValueSpecification\",\"valueRequired\":true,\"valueName\":\"search_term_string\"}}],\"inLanguage\":\"eu-ES\"},{\"@type\":\"Organization\",\"@id\":\"https:\\\/\\\/unetxea.org\\\/#organization\",\"name\":\"UN ETXEA\",\"url\":\"https:\\\/\\\/unetxea.org\\\/\",\"logo\":{\"@type\":\"ImageObject\",\"inLanguage\":\"eu-ES\",\"@id\":\"https:\\\/\\\/unetxea.org\\\/#\\\/schema\\\/logo\\\/image\\\/\",\"url\":\"https:\\\/\\\/unetxea.org\\\/wp-content\\\/uploads\\\/2025\\\/01\\\/logo-unetxea500.jpg\",\"contentUrl\":\"https:\\\/\\\/unetxea.org\\\/wp-content\\\/uploads\\\/2025\\\/01\\\/logo-unetxea500.jpg\",\"width\":500,\"height\":484,\"caption\":\"UN ETXEA\"},\"image\":{\"@id\":\"https:\\\/\\\/unetxea.org\\\/#\\\/schema\\\/logo\\\/image\\\/\"},\"sameAs\":[\"https:\\\/\\\/www.facebook.com\\\/UNetxea\\\/\",\"https:\\\/\\\/x.com\\\/UNetxea\",\"https:\\\/\\\/www.youtube.com\\\/@UNetxea\"]},{\"@type\":\"Person\",\"@id\":\"https:\\\/\\\/unetxea.org\\\/#\\\/schema\\\/person\\\/c115ec46e78902eb5e93b5ca0b96bd2d\",\"name\":\"UN Etxea\",\"image\":{\"@type\":\"ImageObject\",\"inLanguage\":\"eu-ES\",\"@id\":\"https:\\\/\\\/secure.gravatar.com\\\/avatar\\\/67b8d0f0ae884d096f535d6fbbb63507af5ec28b6be2d9db993a2e99f2855e18?s=96&d=mm&r=g\",\"url\":\"https:\\\/\\\/secure.gravatar.com\\\/avatar\\\/67b8d0f0ae884d096f535d6fbbb63507af5ec28b6be2d9db993a2e99f2855e18?s=96&d=mm&r=g\",\"contentUrl\":\"https:\\\/\\\/secure.gravatar.com\\\/avatar\\\/67b8d0f0ae884d096f535d6fbbb63507af5ec28b6be2d9db993a2e99f2855e18?s=96&d=mm&r=g\",\"caption\":\"UN Etxea\"},\"url\":\"https:\\\/\\\/unetxea.org\\\/eu\\\/author\\\/nagusitxea\\\/\"}]}<\/script>\n<!-- \/ Yoast SEO plugin. -->","yoast_head_json":{"title":"'Ezina Ekinez Egina', Eman minutu 1 lehiaketaren XIV. edizioaren bideo irabazlea - UN ETXEA","robots":{"index":"index","follow":"follow","max-snippet":"max-snippet:-1","max-image-preview":"max-image-preview:large","max-video-preview":"max-video-preview:-1"},"canonical":"https:\/\/unetxea.org\/eu\/ezina-ekinez-egina-eman-minutu-1-lehiaketaren-xiv-edizioaren-bideo-irabazlea\/","og_locale":"eu_ES","og_type":"article","og_title":"'Ezina Ekinez Egina', Eman minutu 1 lehiaketaren XIV. edizioaren bideo irabazlea - UN ETXEA","og_description":"Osasun duhuina\u2019 euskarazko bideorik onena da. \u2018Mar\u00eda\u2019 da UN Etxea kategoriako bideo irabazlea. \u2018Ez da bideojokoa\u2019 Ekin eta Egin\u2019 saria irabazi du. &nbsp; Jose Miguel Llano Hernaiz-ek zuzendutako &#8216;Ezina Ekinez [&hellip;]","og_url":"https:\/\/unetxea.org\/eu\/ezina-ekinez-egina-eman-minutu-1-lehiaketaren-xiv-edizioaren-bideo-irabazlea\/","og_site_name":"UN ETXEA","article_publisher":"https:\/\/www.facebook.com\/UNetxea\/","article_published_time":"2024-03-15T20:29:15+00:00","article_modified_time":"2024-03-16T08:52:08+00:00","og_image":[{"width":987,"height":553,"url":"https:\/\/unetxea.org\/wp-content\/uploads\/2024\/03\/ezina-ekinez-egina-web.jpg","type":"image\/jpeg"}],"author":"UN Etxea","twitter_card":"summary_large_image","twitter_creator":"@UNetxea","twitter_site":"@UNetxea","twitter_misc":{"Written by":"UN Etxea","Est. reading time":"1 minute"},"schema":{"@context":"https:\/\/schema.org","@graph":[{"@type":"Article","@id":"https:\/\/unetxea.org\/eu\/ezina-ekinez-egina-eman-minutu-1-lehiaketaren-xiv-edizioaren-bideo-irabazlea\/#article","isPartOf":{"@id":"https:\/\/unetxea.org\/eu\/ezina-ekinez-egina-eman-minutu-1-lehiaketaren-xiv-edizioaren-bideo-irabazlea\/"},"author":{"name":"UN Etxea","@id":"https:\/\/unetxea.org\/#\/schema\/person\/c115ec46e78902eb5e93b5ca0b96bd2d"},"headline":"&#8216;Ezina Ekinez Egina&#8217;, Eman minutu 1 lehiaketaren XIV. edizioaren bideo irabazlea","datePublished":"2024-03-15T20:29:15+00:00","dateModified":"2024-03-16T08:52:08+00:00","mainEntityOfPage":{"@id":"https:\/\/unetxea.org\/eu\/ezina-ekinez-egina-eman-minutu-1-lehiaketaren-xiv-edizioaren-bideo-irabazlea\/"},"wordCount":250,"publisher":{"@id":"https:\/\/unetxea.org\/#organization"},"image":{"@id":"https:\/\/unetxea.org\/eu\/ezina-ekinez-egina-eman-minutu-1-lehiaketaren-xiv-edizioaren-bideo-irabazlea\/#primaryimage"},"thumbnailUrl":"https:\/\/unetxea.org\/wp-content\/uploads\/2024\/03\/ezina-ekinez-egina-web.jpg","articleSection":["Giza eskubideak"],"inLanguage":"eu-ES"},{"@type":"WebPage","@id":"https:\/\/unetxea.org\/eu\/ezina-ekinez-egina-eman-minutu-1-lehiaketaren-xiv-edizioaren-bideo-irabazlea\/","url":"https:\/\/unetxea.org\/eu\/ezina-ekinez-egina-eman-minutu-1-lehiaketaren-xiv-edizioaren-bideo-irabazlea\/","name":"'Ezina Ekinez Egina', Eman minutu 1 lehiaketaren XIV. edizioaren bideo irabazlea - UN ETXEA","isPartOf":{"@id":"https:\/\/unetxea.org\/#website"},"primaryImageOfPage":{"@id":"https:\/\/unetxea.org\/eu\/ezina-ekinez-egina-eman-minutu-1-lehiaketaren-xiv-edizioaren-bideo-irabazlea\/#primaryimage"},"image":{"@id":"https:\/\/unetxea.org\/eu\/ezina-ekinez-egina-eman-minutu-1-lehiaketaren-xiv-edizioaren-bideo-irabazlea\/#primaryimage"},"thumbnailUrl":"https:\/\/unetxea.org\/wp-content\/uploads\/2024\/03\/ezina-ekinez-egina-web.jpg","datePublished":"2024-03-15T20:29:15+00:00","dateModified":"2024-03-16T08:52:08+00:00","breadcrumb":{"@id":"https:\/\/unetxea.org\/eu\/ezina-ekinez-egina-eman-minutu-1-lehiaketaren-xiv-edizioaren-bideo-irabazlea\/#breadcrumb"},"inLanguage":"eu-ES","potentialAction":[{"@type":"ReadAction","target":["https:\/\/unetxea.org\/eu\/ezina-ekinez-egina-eman-minutu-1-lehiaketaren-xiv-edizioaren-bideo-irabazlea\/"]}]},{"@type":"ImageObject","inLanguage":"eu-ES","@id":"https:\/\/unetxea.org\/eu\/ezina-ekinez-egina-eman-minutu-1-lehiaketaren-xiv-edizioaren-bideo-irabazlea\/#primaryimage","url":"https:\/\/unetxea.org\/wp-content\/uploads\/2024\/03\/ezina-ekinez-egina-web.jpg","contentUrl":"https:\/\/unetxea.org\/wp-content\/uploads\/2024\/03\/ezina-ekinez-egina-web.jpg","width":987,"height":553},{"@type":"BreadcrumbList","@id":"https:\/\/unetxea.org\/eu\/ezina-ekinez-egina-eman-minutu-1-lehiaketaren-xiv-edizioaren-bideo-irabazlea\/#breadcrumb","itemListElement":[{"@type":"ListItem","position":1,"name":"Portada","item":"https:\/\/unetxea.org\/eu\/"},{"@type":"ListItem","position":2,"name":"&#8216;Ezina Ekinez Egina&#8217;, Eman minutu 1 lehiaketaren XIV. edizioaren bideo irabazlea"}]},{"@type":"WebSite","@id":"https:\/\/unetxea.org\/#website","url":"https:\/\/unetxea.org\/","name":"UN ETXEA","description":"Asociaci\u00f3n del Pa\u00eds Vasco para la UNESCO","publisher":{"@id":"https:\/\/unetxea.org\/#organization"},"potentialAction":[{"@type":"SearchAction","target":{"@type":"EntryPoint","urlTemplate":"https:\/\/unetxea.org\/?s={search_term_string}"},"query-input":{"@type":"PropertyValueSpecification","valueRequired":true,"valueName":"search_term_string"}}],"inLanguage":"eu-ES"},{"@type":"Organization","@id":"https:\/\/unetxea.org\/#organization","name":"UN ETXEA","url":"https:\/\/unetxea.org\/","logo":{"@type":"ImageObject","inLanguage":"eu-ES","@id":"https:\/\/unetxea.org\/#\/schema\/logo\/image\/","url":"https:\/\/unetxea.org\/wp-content\/uploads\/2025\/01\/logo-unetxea500.jpg","contentUrl":"https:\/\/unetxea.org\/wp-content\/uploads\/2025\/01\/logo-unetxea500.jpg","width":500,"height":484,"caption":"UN ETXEA"},"image":{"@id":"https:\/\/unetxea.org\/#\/schema\/logo\/image\/"},"sameAs":["https:\/\/www.facebook.com\/UNetxea\/","https:\/\/x.com\/UNetxea","https:\/\/www.youtube.com\/@UNetxea"]},{"@type":"Person","@id":"https:\/\/unetxea.org\/#\/schema\/person\/c115ec46e78902eb5e93b5ca0b96bd2d","name":"UN Etxea","image":{"@type":"ImageObject","inLanguage":"eu-ES","@id":"https:\/\/secure.gravatar.com\/avatar\/67b8d0f0ae884d096f535d6fbbb63507af5ec28b6be2d9db993a2e99f2855e18?s=96&d=mm&r=g","url":"https:\/\/secure.gravatar.com\/avatar\/67b8d0f0ae884d096f535d6fbbb63507af5ec28b6be2d9db993a2e99f2855e18?s=96&d=mm&r=g","contentUrl":"https:\/\/secure.gravatar.com\/avatar\/67b8d0f0ae884d096f535d6fbbb63507af5ec28b6be2d9db993a2e99f2855e18?s=96&d=mm&r=g","caption":"UN Etxea"},"url":"https:\/\/unetxea.org\/eu\/author\/nagusitxea\/"}]}},"_links":{"self":[{"href":"https:\/\/unetxea.org\/eu\/wp-json\/wp\/v2\/posts\/9003","targetHints":{"allow":["GET"]}}],"collection":[{"href":"https:\/\/unetxea.org\/eu\/wp-json\/wp\/v2\/posts"}],"about":[{"href":"https:\/\/unetxea.org\/eu\/wp-json\/wp\/v2\/types\/post"}],"author":[{"embeddable":true,"href":"https:\/\/unetxea.org\/eu\/wp-json\/wp\/v2\/users\/2"}],"replies":[{"embeddable":true,"href":"https:\/\/unetxea.org\/eu\/wp-json\/wp\/v2\/comments?post=9003"}],"version-history":[{"count":17,"href":"https:\/\/unetxea.org\/eu\/wp-json\/wp\/v2\/posts\/9003\/revisions"}],"predecessor-version":[{"id":9034,"href":"https:\/\/unetxea.org\/eu\/wp-json\/wp\/v2\/posts\/9003\/revisions\/9034"}],"wp:featuredmedia":[{"embeddable":true,"href":"https:\/\/unetxea.org\/eu\/wp-json\/wp\/v2\/media\/9032"}],"wp:attachment":[{"href":"https:\/\/unetxea.org\/eu\/wp-json\/wp\/v2\/media?parent=9003"}],"wp:term":[{"taxonomy":"category","embeddable":true,"href":"https:\/\/unetxea.org\/eu\/wp-json\/wp\/v2\/categories?post=9003"},{"taxonomy":"post_tag","embeddable":true,"href":"https:\/\/unetxea.org\/eu\/wp-json\/wp\/v2\/tags?post=9003"}],"curies":[{"name":"wp","href":"https:\/\/api.w.org\/{rel}","templated":true}]}}